{"id":414291,"date":"2025-09-24T15:38:10","date_gmt":"2025-09-24T15:38:10","guid":{"rendered":"https:\/\/www.europesays.com\/fr\/414291\/"},"modified":"2025-09-24T15:38:10","modified_gmt":"2025-09-24T15:38:10","slug":"coupures-delectricite-quels-sont-les-pays-les-plus-touches-en-europe","status":"publish","type":"post","link":"https:\/\/www.europesays.com\/fr\/414291\/","title":{"rendered":"Coupures d&rsquo;\u00e9lectricit\u00e9 : quels sont les pays les plus touch\u00e9s en Europe\u00a0?"},"content":{"rendered":"<p>          <img decoding=\"async\" class=\"c-ad__placeholder__logo\" src=\"https:\/\/static.euronews.com\/website\/images\/logos\/logo-euronews-stacked-outlined-72x72-grey-9.svg\" width=\"72\" height=\"72\" alt=\"\" loading=\"lazy\"\/><br \/>\n          PUBLICIT\u00c9<\/p>\n<p>L&rsquo;Albanie est de loin le pays d&rsquo;Europe le plus touch\u00e9 par les coupures d&rsquo;\u00e9lectricit\u00e9, selon une \u00e9tude r\u00e9alis\u00e9e par le fabricant mondial de c\u00e2bles Wiringo. <\/p>\n<p>En moyenne, le pays des Balkans subit une quarantaine de pannes par an, pour environ 65 heures sans courant par personne. C&rsquo;est bien plus que partout ailleurs sur le continent.<\/p>\n<p>Les Balkans particuli\u00e8rement vuln\u00e9rables aux coupures d&rsquo;\u00e9lectricit\u00e9<\/p>\n<p>Au cours de l&rsquo;\u00e9t\u00e9 2024, l&rsquo;Albanie a \u00e9t\u00e9 frapp\u00e9e par une panne majeure &#8211; tout comme d&rsquo;autres pays des Balkans tels que la Croatie, le Mont\u00e9n\u00e9gro et la Bosnie-Herz\u00e9govine &#8211; et la capitale albanaise, Tirana, a de nouveau \u00e9t\u00e9 touch\u00e9e par une panne majeure au d\u00e9but du mois de janvier.<\/p>\n<p>La Mac\u00e9doine du Nord, voisine de l&rsquo;Albanie, arrive en deuxi\u00e8me position, avec environ 13 pannes par an et plus de 6 heures d&rsquo;interruption.<\/p>\n<p>La G\u00e9orgie et l&rsquo;Arm\u00e9nie sont \u00e9galement confront\u00e9es \u00e0 des pannes fr\u00e9quentes et de longue dur\u00e9e, totalisant entre six et sept heures par an, avec de multiples interruptions par client.<\/p>\n<p>L&rsquo;Italie, troisi\u00e8me \u00e9conomie de l&rsquo;UE, se classe au 13e rang sur 38 pays, avec pr\u00e8s de deux pannes par an.<\/p>\n<p>\u00c0 l&rsquo;autre extr\u00e9mit\u00e9 du continent, la Norv\u00e8ge arrive en 15e position. <\/p>\n<p>Bien qu&rsquo;il dispose de l&rsquo;un des r\u00e9seaux \u00e9lectriques les plus fiables au monde &#8211; avec une continuit\u00e9 d&rsquo;approvisionnement de 99,99 % &#8211; le pays scandinave est souvent touch\u00e9 par des ph\u00e9nom\u00e8nes m\u00e9t\u00e9orologiques extr\u00eames, les fortes temp\u00eates de neige entra\u00eenant r\u00e9guli\u00e8rement des chutes d&rsquo;arbres sur les lignes \u00e9lectriques.<\/p>\n<p>En t\u00eate du classement, la Suisse remporte la palme de l&rsquo;approvisionnement \u00e9lectrique le plus fiable, avec environ une seule coupure tous les cinq ans, en moyenne. L&rsquo;Allemagne, la France, le Royaume-Uni et le Luxembourg figurent \u00e9galement en t\u00eate de liste, avec moins de 20 minutes de coupures par an et par personne.<\/p>\n<p>Le r\u00e9seau \u00e9lectrique europ\u00e9en est mis \u00e0 l&rsquo;\u00e9preuve comme jamais auparavant<\/p>\n<p>Hommer Zhao, directeur de Wiringo et expert mondial en fabrication \u00e9lectronique, affirme que \u00ab\u00a0les r\u00e9seaux \u00e9lectriques europ\u00e9ens sont mis \u00e0 l&rsquo;\u00e9preuve comme jamais auparavant\u00a0\u00bb. <\/p>\n<p>\u00ab\u00a0La r\u00e9silience du r\u00e9seau n&rsquo;est pas garantie par la g\u00e9ographie ou l&rsquo;appartenance \u00e0 l&rsquo;UE, et elle d\u00e9pend de l&rsquo;ampleur des investissements et de la modernisation des infrastructures locales\u00a0\u00bb, indique-t-il.<\/p>\n<p>\u00ab\u00a0Avec l&rsquo;augmentation de la demande, les pannes dans les pays \u00e0 haut risque pourraient s&rsquo;aggraver si des am\u00e9liorations ne sont pas apport\u00e9es d&rsquo;urgence\u00a0\u00bb.<\/p>\n<p>En avril dernier, le Portugal, l&rsquo;Espagne et, dans une moindre mesure, la France ont subi <a href=\"https:\/\/fr.euronews.com\/my-europe\/2025\/06\/17\/espagne-le-black-out-du-28-avril-a-une-origine-multifactorielle-selon-le-gouvernement\" target=\"_blank\" rel=\"noopener\"><strong>une panne d&rsquo;\u00e9lectricit\u00e9 massive<\/strong><\/a> de pr\u00e8s de 24 heures, qui a entra\u00een\u00e9 une perturbation g\u00e9n\u00e9ralis\u00e9e des transports publics et contraint les h\u00f4pitaux \u00e0 suspendre leurs activit\u00e9s.<\/p>\n<p>Dans son <a href=\"https:\/\/www.weforum.org\/stories\/2025\/05\/blackouts-resilience-carbon-capture-top-energy-stories\/\" target=\"_blank\" rel=\"noreferrer noopener\"><strong>rapport sur l&rsquo;incident<\/strong><\/a>, le Forum \u00e9conomique mondial explique que \u00ab\u00a0la production d&rsquo;\u00e9lectricit\u00e9 est de plus en plus d\u00e9centralis\u00e9e et variable\u00a0\u00bb alors que \u00ab\u00a0la demande d&rsquo;\u00e9lectricit\u00e9 augmente en raison de facteurs tels que le d\u00e9veloppement \u00e9conomique et le d\u00e9ploiement de nouvelles technologies comme l&rsquo;intelligence artificielle\u00a0\u00bb.<\/p>\n<p>Des \u00e9valuations ult\u00e9rieures ont r\u00e9v\u00e9l\u00e9 que la panne \u00e9tait le r\u00e9sultat d&rsquo;une s\u00e9rie d&rsquo;incidents survenus sur le r\u00e9seau en l&rsquo;espace de cinq secondes seulement.<\/p>\n<p>Selon les experts, le fait que l&rsquo;Espagne et le Portugal soient reli\u00e9s au reste de l&rsquo;Europe par une seule grande interconnexion &#8211; qui est tomb\u00e9e en panne lors du blackout &#8211; rend le syst\u00e8me \u00e9lectrique de la p\u00e9ninsule ib\u00e9rique plus vuln\u00e9rable aux pannes.<\/p>\n<p>Les v\u00e9hicules \u00e9lectriques au secours du r\u00e9seau europ\u00e9en ?<\/p>\n<p>Selon <a href=\"https:\/\/www.iea.org\/reports\/electricity-grids-and-secure-energy-transitions\" target=\"_blank\" rel=\"noreferrer noopener\"><strong>l&rsquo;Agence internationale de l&rsquo;\u00e9nergie<\/strong><\/a>, les investissements dans le r\u00e9seau \u00e9lectrique mondial devraient \u00eatre doubl\u00e9s d&rsquo;ici \u00e0 2030, passant d&rsquo;environ 255 milliards d&rsquo;euros \u00e0 plus de 500 milliards d&rsquo;euros, afin de garantir la stabilit\u00e9 de l&rsquo;approvisionnement.<\/p>\n<p>L&rsquo;Institut de l&rsquo;environnement de Stockholm estime cependant que l&rsquo;augmentation de la capacit\u00e9 ne suffira pas.<\/p>\n<p>\u00ab\u00a0Il s&rsquo;agit de construire des syst\u00e8mes plus intelligents, plus rapides et plus flexibles, capables de s&rsquo;adapter \u00e0 la croissance rapide des \u00e9nergies renouvelables variables, des v\u00e9hicules \u00e9lectriques et des pompes \u00e0 chaleur\u00a0\u00bb, indique <a href=\"https:\/\/www.sei.org\/perspectives\/blackouts-arent-new-but-is-europes-grid-ready-for-the-next-one\/\" target=\"_blank\" rel=\"noreferrer noopener\"><strong>un r\u00e9cent rapport de l&rsquo;Institut<\/strong><\/a>.<\/p>\n<p>\u00ab\u00a0Une ressource largement inexploit\u00e9e est le parc croissant de v\u00e9hicules \u00e9lectriques : les syst\u00e8mes V2G (v\u00e9hicule-r\u00e9seau) permettent aux v\u00e9hicules de fournir de l&rsquo;\u00e9lectricit\u00e9 au r\u00e9seau dans les moments d&rsquo;instabilit\u00e9\u00a0\u00bb.<\/p>\n<p>Le rapport pr\u00e9conise de mettre \u00e0 contribution \u00ab\u00a0les flottes d&rsquo;autobus publics\u00a0\u00bb, qui \u00ab\u00a0disposent de grandes batteries, d&rsquo;horaires pr\u00e9visibles et d&rsquo;un d\u00e9p\u00f4t centralis\u00e9\u00a0\u00bb.<\/p>\n<p>L&rsquo;Institut de l&rsquo;environnement de Stockholm estime \u00e9galement que le r\u00e9cent blackout dans la p\u00e9ninsule ib\u00e9rique est le signe que l&rsquo;Europe n&rsquo;en fait pas \u00ab\u00a0assez pour soutenir la transition\u00a0\u00bb.<\/p>\n<p>\u00ab\u00a0Si nous voulons des soci\u00e9t\u00e9s \u00e9lectrifi\u00e9es, s\u00fbres et \u00e0 faible \u00e9mission de carbone, nous avons besoin de plus qu&rsquo;une simple production propre. Nous avons besoin d&rsquo;investissements dans le r\u00e9seau, d&rsquo;une plus grande flexibilit\u00e9 gr\u00e2ce aux batteries et au V2G, d&rsquo;une coordination transfrontali\u00e8re et d&rsquo;une compr\u00e9hension plus r\u00e9aliste de ce que la r\u00e9silience exige r\u00e9ellement\u00a0\u00bb, d\u00e9clare-t-il.<\/p>\n","protected":false},"excerpt":{"rendered":"PUBLICIT\u00c9 L&rsquo;Albanie est de loin le pays d&rsquo;Europe le plus touch\u00e9 par les coupures d&rsquo;\u00e9lectricit\u00e9, selon une \u00e9tude&hellip;\n","protected":false},"author":2,"featured_media":414292,"comment_status":"","ping_status":"","sticky":false,"template":"","format":"standard","meta":{"footnotes":""},"categories":[1586],"tags":[11,20880,579,893,1777,674,1011,27,12,25],"class_list":{"0":"post-414291","1":"post","2":"type-post","3":"status-publish","4":"format-standard","5":"has-post-thumbnail","7":"category-europe","8":"tag-actualites","9":"tag-crise-energetique-en-europe","10":"tag-electricite","11":"tag-energie","12":"tag-eu","13":"tag-europe","14":"tag-fr","15":"tag-france","16":"tag-news","17":"tag-republique-francaise"},"share_on_mastodon":{"url":"https:\/\/pubeurope.com\/@fr\/115260025218068385","error":""},"_links":{"self":[{"href":"https:\/\/www.europesays.com\/fr\/wp-json\/wp\/v2\/posts\/414291","targetHints":{"allow":["GET"]}}],"collection":[{"href":"https:\/\/www.europesays.com\/fr\/wp-json\/wp\/v2\/posts"}],"about":[{"href":"https:\/\/www.europesays.com\/fr\/wp-json\/wp\/v2\/types\/post"}],"author":[{"embeddable":true,"href":"https:\/\/www.europesays.com\/fr\/wp-json\/wp\/v2\/users\/2"}],"replies":[{"embeddable":true,"href":"https:\/\/www.europesays.com\/fr\/wp-json\/wp\/v2\/comments?post=414291"}],"version-history":[{"count":0,"href":"https:\/\/www.europesays.com\/fr\/wp-json\/wp\/v2\/posts\/414291\/revisions"}],"wp:featuredmedia":[{"embeddable":true,"href":"https:\/\/www.europesays.com\/fr\/wp-json\/wp\/v2\/media\/414292"}],"wp:attachment":[{"href":"https:\/\/www.europesays.com\/fr\/wp-json\/wp\/v2\/media?parent=414291"}],"wp:term":[{"taxonomy":"category","embeddable":true,"href":"https:\/\/www.europesays.com\/fr\/wp-json\/wp\/v2\/categories?post=414291"},{"taxonomy":"post_tag","embeddable":true,"href":"https:\/\/www.europesays.com\/fr\/wp-json\/wp\/v2\/tags?post=414291"}],"curies":[{"name":"wp","href":"https:\/\/api.w.org\/{rel}","templated":true}]}}