{"id":414305,"date":"2025-09-24T15:47:12","date_gmt":"2025-09-24T15:47:12","guid":{"rendered":"https:\/\/www.europesays.com\/fr\/414305\/"},"modified":"2025-09-24T15:47:12","modified_gmt":"2025-09-24T15:47:12","slug":"un-pas-historique-pour-le-basket-francais-huit-arbitres-deviennent-professionnels","status":"publish","type":"post","link":"https:\/\/www.europesays.com\/fr\/414305\/","title":{"rendered":"\u00ab\u00a0Un pas historique pour le basket fran\u00e7ais\u00a0\u00bb : huit arbitres deviennent professionnels"},"content":{"rendered":"<p>R\u00e9clam\u00e9e de longue date par tous les acteurs, des arbitres eux-m\u00eames jusqu\u2019\u00e0 leurs d\u00e9tracteurs les plus fervents, la professionnalisation devient enfin une r\u00e9alit\u00e9 pour plusieurs officiels fran\u00e7ais.<\/p>\n<p><strong>Un salaire fixe pour huit arbitres\u00a0<\/strong><\/p>\n<p>Alors que 33 arbitres figurent dans le groupe Haut Niveau 1, huit d\u2019entre eux ont \u00e9t\u00e9 promus au statut de professionnels. D\u00e9sign\u00e9s\u00a0crew chiefs, ils \u00e9volueront comme leader des trios sur les comp\u00e9titions organis\u00e9es par la Ligue Nationale de Basket.<\/p>\n<blockquote class=\"twitter-tweet\" data-width=\"550\" data-dnt=\"true\">\n<p lang=\"fr\" dir=\"ltr\">\ud83d\udea8 \u00c0 la suite d\u2019un \u00e9t\u00e9 exceptionnel pour l\u2019arbitrage fran\u00e7ais sur la sc\u00e8ne internationale, la FFBB \ud83c\udfc0 officialise la professionnalisation de huit arbitres en premi\u00e8re division. <\/p>\n<p>Plus d&rsquo;infos \ud83d\udc49 <a href=\"https:\/\/t.co\/qygCR01pcc\">https:\/\/t.co\/qygCR01pcc<\/a> <a href=\"https:\/\/twitter.com\/LNBofficiel?ref_src=twsrc%5Etfw\" target=\"_blank\" rel=\"noopener\">@LNBofficiel<\/a> <a href=\"https:\/\/twitter.com\/hashtag\/TousArbitres?src=hash&amp;ref_src=twsrc%5Etfw\" target=\"_blank\" rel=\"noopener\">#TousArbitres<\/a><a href=\"https:\/\/twitter.com\/hashtag\/LaPoste?src=hash&amp;ref_src=twsrc%5Etfw\" target=\"_blank\" rel=\"noopener\">#LaPoste<\/a><a href=\"https:\/\/twitter.com\/hashtag\/JNA2025?src=hash&amp;ref_src=twsrc%5Etfw\" target=\"_blank\" rel=\"noopener\">#JNA2025<\/a><a href=\"https:\/\/twitter.com\/hashtag\/Arbitrage?src=hash&amp;ref_src=twsrc%5Etfw\" target=\"_blank\" rel=\"noopener\">#Arbitrage<\/a> <a href=\"https:\/\/t.co\/2JrBBGeykG\">pic.twitter.com\/2JrBBGeykG<\/a><\/p>\n<p>\u2014 F\u00e9d\u00e9ration Fran\u00e7aise de BasketBall (@ffbasketball) <a href=\"https:\/\/twitter.com\/ffbasketball\/status\/1970842981784748477?ref_src=twsrc%5Etfw\" target=\"_blank\" rel=\"noopener\">September 24, 2025<\/a><\/p>\n<\/blockquote>\n<p>\u2018\u00a0\u00bbLa professionnalisation des 8 Chefs d\u2019\u00e9quipe de premi\u00e8re division est bien plus qu\u2019une avanc\u00e9e pour les arbitres : c\u2019est un pas historique pour le basketball fran\u00e7ais\u00a0\u00bb, se r\u00e9jouit le pr\u00e9sident de la f\u00e9d\u00e9ration, Jean-Pierre Hunckler. \u00ab\u00a0Elle incarne notre volont\u00e9, partag\u00e9e avec la LNB, de hisser l\u2019ensemble de notre \u00e9cosyst\u00e8me au plus haut niveau d\u2019exigence. Dans un contexte o\u00f9 nos joueurs et nos \u00e9quipes brillent sur la sc\u00e8ne internationale, il \u00e9tait essentiel que nos arbitres b\u00e9n\u00e9ficient du m\u00eame accompagnement et de la m\u00eame reconnaissance.\u00a0\u00bb<\/p>\n<p><strong>\u00ab\u00a0Une avanc\u00e9e majeure\u00a0\u00bb\u00a0<\/strong><\/p>\n<p>Concr\u00e8tement, cela signifie surtout que les huit arbitres choisis ne seront plus pay\u00e9s au match, mais disposeront d\u2019un salaire fixe qui leur permettra de se d\u00e9gager plus de temps pour toute la partie invisible du travail : pr\u00e9paration physique, pr\u00e9paration mentale, r\u00e9daction de rapports, travail vid\u00e9o, suivi des r\u00e8glements, formation, etc.<\/p>\n<p><a href=\"https:\/\/www.europesays.com\/fr\/wp-content\/uploads\/2025\/09\/54801388206_337ca1a146_k.jpg\"><img decoding=\"async\" loading=\"lazy\" class=\" wp-image-230029\" src=\"https:\/\/www.europesays.com\/fr\/wp-content\/uploads\/2025\/09\/54801388206_337ca1a146_k.jpg\" alt=\"\" width=\"901\" height=\"601\"  \/><\/a>Un arbitre fran\u00e7ais, Yohan Rosso, a offici\u00e9 sur la finale de l\u2019EuroBasket le 14 septembre (photo : Lilian Bordron)<\/p>\n<p>\u00ab\u00a0Cette professionnalisation, fruit du travail conjoint de la FFBB et de la LNB, constitue une avanc\u00e9e majeure\u00a0\u00bb, communique la FFBB. \u00ab\u00a0Elle r\u00e9pond \u00e0 une triple exigence : garantir encore plus de disponibilit\u00e9 et de pr\u00e9paration pour les arbitres, offrir aux comp\u00e9titions nationales un arbitrage toujours plus performant, et faire b\u00e9n\u00e9ficier de leur expertise et de leur exp\u00e9rience \u00e0 l\u2019ensemble des autres arbitres de haut niveau fran\u00e7ais.\u00a0\u00bb<\/p>\n<blockquote class=\"normal\"><p>\n<strong>Les autres r\u00e9actions<\/strong><\/p>\n<p style=\"font-weight:400;text-align:left\"><strong style=\"font-weight:800\">Philippe Ausseur<\/strong>\u00a0(Pr\u00e9sident de la Ligue Nationale de Basket \u2013 LNB)\u00a0:\u00a0\u00ab L\u2019arbitrage est une question importante pour la Ligue Nationale de Basket et Jean Pierre Hunckler a \u00e9t\u00e9 attentif \u00e0 nos demandes d\u00e8s son arriv\u00e9e \u00e0 la t\u00eate de la FFBB. Il est essentiel que l\u2019\u00e9lite de notre arbitrage puisse \u00eatre mieux encadr\u00e9e, mieux suivie au quotidien. L\u2019implication des entra\u00eeneurs de Betclic ELITE et ELITE 2 permettra \u00e9galement de renforcer la formation des arbitres officiant dans nos divisions \u00bb.<\/p>\n<p style=\"font-weight:400;text-align:left\"><strong style=\"font-weight:800\">Pierre Yves Bichon\u00a0<\/strong>(Pr\u00e9sident du Haut Niveau des Officiels)\u00a0:\u00a0\u00ab De tous temps, diff\u00e9rentes g\u00e9n\u00e9rations d\u2019arbitres internationaux ont brillamment rempli l\u2019armoire \u00e0 troph\u00e9es de l\u2019arbitrage fran\u00e7ais. Apr\u00e8s cette saison internationale encore riche en \u00e9motions et en r\u00e9compenses, l\u2019heure est venue de repartir, avec humilit\u00e9 et ambition, pour le feuilleton passionnant des championnats nationaux. Avec la professionnalisation des 8 arbitres Chefs d\u2019\u00e9quipe (Crew Chiefs) pour les comp\u00e9titions LNB, l\u2019arbitrage fran\u00e7ais s\u2019adapte aux exigences du basket moderne et confirme sa volont\u00e9 d\u2019\u00eatre toujours plus performant, au service du jeu, de ses clubs et de ses acteurs. \u00bb<\/p>\n<\/blockquote>\n<p><script async src=\"https:\/\/platform.twitter.com\/widgets.js\" charset=\"utf-8\"><\/script><\/p>\n","protected":false},"excerpt":{"rendered":"R\u00e9clam\u00e9e de longue date par tous les acteurs, des arbitres eux-m\u00eames jusqu\u2019\u00e0 leurs d\u00e9tracteurs les plus fervents, la&hellip;\n","protected":false},"author":2,"featured_media":414306,"comment_status":"","ping_status":"","sticky":false,"template":"","format":"standard","meta":{"footnotes":""},"categories":[1414],"tags":[1465,1464,1011,27,60],"class_list":{"0":"post-414305","1":"post","2":"type-post","3":"status-publish","4":"format-standard","5":"has-post-thumbnail","7":"category-basket","8":"tag-basket","9":"tag-basketball","10":"tag-fr","11":"tag-france","12":"tag-sports"},"share_on_mastodon":{"url":"https:\/\/pubeurope.com\/@fr\/115260060198455777","error":""},"_links":{"self":[{"href":"https:\/\/www.europesays.com\/fr\/wp-json\/wp\/v2\/posts\/414305","targetHints":{"allow":["GET"]}}],"collection":[{"href":"https:\/\/www.europesays.com\/fr\/wp-json\/wp\/v2\/posts"}],"about":[{"href":"https:\/\/www.europesays.com\/fr\/wp-json\/wp\/v2\/types\/post"}],"author":[{"embeddable":true,"href":"https:\/\/www.europesays.com\/fr\/wp-json\/wp\/v2\/users\/2"}],"replies":[{"embeddable":true,"href":"https:\/\/www.europesays.com\/fr\/wp-json\/wp\/v2\/comments?post=414305"}],"version-history":[{"count":0,"href":"https:\/\/www.europesays.com\/fr\/wp-json\/wp\/v2\/posts\/414305\/revisions"}],"wp:featuredmedia":[{"embeddable":true,"href":"https:\/\/www.europesays.com\/fr\/wp-json\/wp\/v2\/media\/414306"}],"wp:attachment":[{"href":"https:\/\/www.europesays.com\/fr\/wp-json\/wp\/v2\/media?parent=414305"}],"wp:term":[{"taxonomy":"category","embeddable":true,"href":"https:\/\/www.europesays.com\/fr\/wp-json\/wp\/v2\/categories?post=414305"},{"taxonomy":"post_tag","embeddable":true,"href":"https:\/\/www.europesays.com\/fr\/wp-json\/wp\/v2\/tags?post=414305"}],"curies":[{"name":"wp","href":"https:\/\/api.w.org\/{rel}","templated":true}]}}