{"id":414307,"date":"2025-09-24T15:48:14","date_gmt":"2025-09-24T15:48:14","guid":{"rendered":"https:\/\/www.europesays.com\/fr\/414307\/"},"modified":"2025-09-24T15:48:14","modified_gmt":"2025-09-24T15:48:14","slug":"comment-gresini-a-sauve-la-carriere-dalex-marquez","status":"publish","type":"post","link":"https:\/\/www.europesays.com\/fr\/414307\/","title":{"rendered":"Comment Gresini a sauv\u00e9 la carri\u00e8re d&rsquo;\u00c1lex M\u00e1rquez"},"content":{"rendered":"<p>Le parcours d&rsquo;<a href=\"https:\/\/fr.motorsport.com\/driver\/alex-marquez\/96324\/\" target=\"_blank\" rel=\"noopener nofollow\">\u00c1lex M\u00e1rquez<\/a> en championnat du monde a connu des hauts et des bas. Apr\u00e8s un titre en Moto3 d\u00e8s sa deuxi\u00e8me saison compl\u00e8te, en 2014, il a v\u00e9cu plusieurs campagnes d\u00e9licates en Moto2, o\u00f9 il a finalement \u00e9t\u00e9 sacr\u00e9 en 2019. Il a par la suite v\u00e9cu des m\u00e9saventures similaires en MotoGP, avec plusieurs saisons poussives sur la Honda avant de passer sur la Ducati en 2023, avec laquelle il est en bonne position pour \u00eatre vice-champion cette ann\u00e9e, derri\u00e8re son fr\u00e8re, <a href=\"https:\/\/fr.motorsport.com\/driver\/marc-marquez\/92646\/\" target=\"_blank\" rel=\"noopener nofollow\">Marc M\u00e1rquez<\/a>.<\/p>\n<p>Et m\u00eame si \u00c1lex a fait a le n\u00e9cessaire pour approcher du sommet, il ne fait aucun doute que la personne qui a jou\u00e9 le plus grand r\u00f4le dans sa transformation est Nadia Padovani. Quand personne n&rsquo;\u00e9tait pr\u00eat \u00e0 prendre le risque de le recruter, elle a sauv\u00e9 sa carri\u00e8re en le recrutant chez Gresini. Sans la veuve de Fausto Gresini, le pilote au num\u00e9ro #73 ne serait probablement plus sur la grille aujourd&rsquo;hui.<\/p>\n<p>Lire aussi :<\/p>\n<p>La premi\u00e8re saison d&rsquo;\u00c1lex en cat\u00e9gorie reine, en 2020, a \u00e9t\u00e9 d\u00e9finie par le Covid et l&rsquo;absence de Marc dans le team Honda officiel, o\u00f9 ils devaient faire \u00e9quipe, en raison de la blessure de l&rsquo;a\u00een\u00e9. Le poids \u00e9tait lourd sur les \u00e9paules du double champion du monde, qui a bascul\u00e9 dans l&rsquo;\u00e9quipe satellite LCR en 2021. Mais ses d\u00e9buts prometteurs, avec deux podiums, n&rsquo;ont pas \u00e9t\u00e9 suivis d&rsquo;effets et mi-2022, il craignait de ne plus \u00eatre en MotoGP l&rsquo;ann\u00e9e suivante.<\/p>\n<p>Alors que le march\u00e9 des transferts s&#8217;emballait \u00e0 l&rsquo;approche de la pause estivale, \u00c1lex M\u00e1rquez a vu ses rivaux assurer leur avenir les uns apr\u00e8s les autres. Il admet que cette incertitude a provoqu\u00e9 une certaine anxi\u00e9t\u00e9.\u00a0\u00ab\u00a0On \u00e9tait au Sachsenring et je n&rsquo;avais pas d&rsquo;\u00e9quipe pour 2023\u00a0\u00bb, se souvient l&rsquo;actuel deuxi\u00e8me du championnat, avec deux victoires et neuf podiums \u00e0 son actif, dans le <a href=\"https:\/\/www.youtube.com\/watch?v=9df3Ufh1j0c\" target=\"_blank\" rel=\"noopener nofollow\">podcast El Cafelito<\/a>.<\/p>\n<p>\u00ab\u00a0Tout se finalisait et je n&rsquo;avais pas de place en MotoGP. Ce n&rsquo;est pas seulement que j&rsquo;\u00e9tais inquiet, j&rsquo;\u00e9tais anxieux. J&rsquo;avais d\u00e9j\u00e0 parl\u00e9 avec Marc et mes parents. Si rien ne se pr\u00e9sentait, j&rsquo;allais rentrer chez moi, au moins pour un an. Oui, il y avait d&rsquo;autres championnats, mais je voulais \u00eatre ici [en MotoGP].\u00a0\u00bb<\/p>\n<p>   <img decoding=\"async\" draggable=\"false\" src=\"https:\/\/www.europesays.com\/fr\/wp-content\/uploads\/2025\/09\/1758728894_862_alex-marquez-gresini-racing.jpg\" alt=\"Alex Marquez, Gresini Racing\" width=\"1200\" height=\"800\" loading=\"lazy\"\/> <\/p>\n<p class=\"title\">\u00c1lex M\u00e1rquez<\/p>\n<p class=\"photographer\">Photo de: Gold and Goose Photography \/ LAT Images \/ via Getty Images<\/p>\n<p>C&rsquo;est \u00e0 ce moment-l\u00e0 que le pari de Padovani a tout chang\u00e9 : \u00ab\u00a0Gr\u00e2ce \u00e0 \u00e7a, je suis dans ma position actuelle. Quand on rejoint Gresini, on comprend pourquoi cette \u00e9quipe tourne aussi bien. Nadia est la patronne, et elle est impliqu\u00e9e dans toutes les d\u00e9cisions. Ce n&rsquo;est pas seulement mon \u00e9quipe, c&rsquo;est ma famille.\u00a0\u00bb<\/p>\n<p>Il y a trois ans, \u00c1lex M\u00e1rquez voyait en Gresini <a href=\"https:\/\/fr.motorsport.com\/motogp\/news\/marquez-dira-stop-sans-succes-gresini\/10330104\/\" rel=\"nofollow noopener\" target=\"_blank\">une derni\u00e8re chance de prouver sa valeur en MotoGP<\/a>. Alors que <a href=\"https:\/\/fr.motorsport.com\/motogp\/news\/alex-marquez-ducati-officielle-gresini-2026\/10760523\/\" target=\"_self\" rel=\"noopener nofollow\">la saison 2026 le verra obtenir une machine de derni\u00e8re g\u00e9n\u00e9ration<\/a> mais sera aussi la derni\u00e8re de son contrat actuel, il manifeste son attachement \u00e0 Gresini en refusant d&rsquo;\u00e9tudier de potentielles offres de la concurrence tant que sa formation actuelle ne se sera pas positionn\u00e9e\u00a0 pour 2027.<\/p>\n<p>\u00ab\u00a0Je sais que si je reste performant, j&rsquo;aurai plein de possibilit\u00e9s l&rsquo;an prochain. Mais je ne parlerai jamais aux autres \u00e9quipes tant que je serai l\u00e0, en raison du respect qu&rsquo;ils m&rsquo;ont manifest\u00e9.\u00a0\u00bb<\/p>\n<p>Marc M\u00e1rquez provoque un \u00ab\u00a0tsunami\u00a0\u00bb dans une \u00e9quipe<\/p>\n<p>En rejoignant Gresini, \u00c1lex M\u00e1rquez a d\u00e9couvert un univers et une moto qui lui ont permis de conseiller \u00e0 Marc M\u00e1rquez de faire le m\u00eame chemin que lui. Apr\u00e8s avoir tr\u00e8s bri\u00e8vement partag\u00e9 le garage Honda en 2020, ils ont ainsi \u00e9t\u00e9 r\u00e9unis la saison pass\u00e9e.<\/p>\n<p>Apr\u00e8s ces exp\u00e9riences communes, \u00c1lex sait mieux que quiconque l&rsquo;effet que Marc provoque en arrivant dans une \u00e9quipe, ce que <a href=\"https:\/\/fr.motorsport.com\/driver\/pecco-bagnaia\/109394\/\" target=\"_blank\" rel=\"noopener nofollow\">Pecco Bagnaia<\/a> d\u00e9couvre dans l&rsquo;\u00e9quipe Ducati d&rsquo;usine cette ann\u00e9e :\u00a0\u00ab\u00a0On est dans un garage depuis de nombreuses ann\u00e9es, et tout \u00e0 coup, ce tsunami nomm\u00e9 Marc d\u00e9boule, avec tout ce qui l&rsquo;accompagne et la pression que cela g\u00e9n\u00e8re. Il a cette aura, c&rsquo;est un leader naturel.\u00a0\u00bb<\/p>\n<p>\u00ab\u00a0On pense qu&rsquo;on est d\u00e9j\u00e0 sous la pression la plus \u00e9lev\u00e9e possible, puis Marc arrive et \u00e7a passe dans une autre dimension. Il faut \u00eatre vraiment pr\u00e9par\u00e9 pour g\u00e9rer \u00e7a. Mais je ne pense pas que ce soit le probl\u00e8me de Pecco, je le consid\u00e8re tr\u00e8s fort mentalement.\u00a0\u00bb<\/p>\n<p>Lire aussi :<\/p>\n","protected":false},"excerpt":{"rendered":"Le parcours d&rsquo;\u00c1lex M\u00e1rquez en championnat du monde a connu des hauts et des bas. Apr\u00e8s un titre&hellip;\n","protected":false},"author":2,"featured_media":414308,"comment_status":"","ping_status":"","sticky":false,"template":"","format":"standard","meta":{"footnotes":""},"categories":[1413],"tags":[54465,1011,27,3452,1457,1456,1458,60,7896],"class_list":{"0":"post-414307","1":"post","2":"type-post","3":"status-publish","4":"format-standard","5":"has-post-thumbnail","7":"category-moto","8":"tag-comment-gresini-a-sauvu00e9-la-carriu00e8re-du00c1lex-mu00e1rquez","9":"tag-fr","10":"tag-france","11":"tag-gresini-racing","12":"tag-moto","13":"tag-motocycle","14":"tag-motogp","15":"tag-sports","16":"tag-u00c1lex-mu00e1rquez"},"share_on_mastodon":{"url":"https:\/\/pubeurope.com\/@fr\/115260064034813037","error":""},"_links":{"self":[{"href":"https:\/\/www.europesays.com\/fr\/wp-json\/wp\/v2\/posts\/414307","targetHints":{"allow":["GET"]}}],"collection":[{"href":"https:\/\/www.europesays.com\/fr\/wp-json\/wp\/v2\/posts"}],"about":[{"href":"https:\/\/www.europesays.com\/fr\/wp-json\/wp\/v2\/types\/post"}],"author":[{"embeddable":true,"href":"https:\/\/www.europesays.com\/fr\/wp-json\/wp\/v2\/users\/2"}],"replies":[{"embeddable":true,"href":"https:\/\/www.europesays.com\/fr\/wp-json\/wp\/v2\/comments?post=414307"}],"version-history":[{"count":0,"href":"https:\/\/www.europesays.com\/fr\/wp-json\/wp\/v2\/posts\/414307\/revisions"}],"wp:featuredmedia":[{"embeddable":true,"href":"https:\/\/www.europesays.com\/fr\/wp-json\/wp\/v2\/media\/414308"}],"wp:attachment":[{"href":"https:\/\/www.europesays.com\/fr\/wp-json\/wp\/v2\/media?parent=414307"}],"wp:term":[{"taxonomy":"category","embeddable":true,"href":"https:\/\/www.europesays.com\/fr\/wp-json\/wp\/v2\/categories?post=414307"},{"taxonomy":"post_tag","embeddable":true,"href":"https:\/\/www.europesays.com\/fr\/wp-json\/wp\/v2\/tags?post=414307"}],"curies":[{"name":"wp","href":"https:\/\/api.w.org\/{rel}","templated":true}]}}