{"id":414321,"date":"2025-09-24T15:55:10","date_gmt":"2025-09-24T15:55:10","guid":{"rendered":"https:\/\/www.europesays.com\/fr\/414321\/"},"modified":"2025-09-24T15:55:10","modified_gmt":"2025-09-24T15:55:10","slug":"samuel-etienne-naime-pas-le-cyril-hanouna-quil-est-devenu-a-la-tele","status":"publish","type":"post","link":"https:\/\/www.europesays.com\/fr\/414321\/","title":{"rendered":"Samuel Etienne \u00ab\u00a0n\u2019aime pas le Cyril Hanouna qu\u2019il est devenu \u00e0 la t\u00e9l\u00e9\u00a0\u00bb"},"content":{"rendered":"<p>Les amis sont aussi l\u00e0 pour nous dire quand on va trop loin. Et c\u2019est peut-\u00eatre ce qu\u2019a essay\u00e9 de faire <a href=\"https:\/\/www.20minutes.fr\/arts-stars\/television\/4161594-20250702-questions-champion-samuel-etienne-redoute-consequences-financieres-arret-jeu-semaine\" target=\"_blank\" class=\"c-link c-link--is-underlined\" rel=\"nofollow noopener\">Samuel Etienne<\/a>, qui a toujours entretenu de bons rapports avec Cyril Hanouna.<\/p>\n<p>Pour le journaliste <a href=\"https:\/\/www.20minutes.fr\/arts-stars\/web\/3162635-20211102-plateforme-samuel-etienne-banni-temporairement-twitch-pousse-coup-gueule\" target=\"_blank\" class=\"c-link c-link--is-underlined\" rel=\"nofollow noopener\">qui s\u2019\u00e9panouit sur Twitch<\/a>, \u00ab\u00a0il y a eu deux Cyril\u00a0\u00bb et il regrette visiblement l\u2019homme qu\u2019il a connu \u00e0 ses d\u00e9buts, lorsqu\u2019il \u00e9tait \u00ab\u00a0jeune animateur\u00a0\u00bb.<\/p>\n<p>\u00ab\u00a0On \u00e9tait assez potes. J\u2019ai m\u00eame \u00e9t\u00e9 le premier invit\u00e9 de son premier Touche pas \u00e0 mon poste\u00a0! sur France 4 il y a tr\u00e8s longtemps\u00a0\u00bb, a-t-il d\u00e9clar\u00e9 lors de l\u2019\u00e9v\u00e9nement <a href=\"https:\/\/www.20minutes.fr\/arts-stars\/insolite\/4171814-20250908-zevent-2025-quoi-ressemble-gros-tatouage-samuel-etienne-fait-faire-direct\" target=\"_blank\" class=\"c-link c-link--is-underlined\" rel=\"nofollow noopener\">ZEvent 2025<\/a> comme le relaye <a href=\"https:\/\/www.telestar.fr\/people\/je-naime-pas-le-cyril-hanouna-couteau-dans-le-dos-dun-animateur-et-ancien-tres-proche-1739141\" rel=\"nofollow noopener\" target=\"_blank\" class=\"c-link c-link--is-underlined\">T\u00e9l\u00e9 Star<\/a>.<\/p>\n<p>Samuel Etienne \u00ab\u00a0admirai(t) son courage\u00a0\u00bb alors qu\u2019il \u00ab\u00a0avait eu beaucoup de mal \u00e0 percer\u00a0\u00bb. \u00ab\u00a0J\u2019aimais bien ce Cyril-l\u00e0\u00a0\u00bb, ajoute-t-il.<\/p>\n<p>\u00ab\u00a0Il est devenu un autre Cyril Hanouna\u00a0\u00bb<\/p>\n<p>Le passage sur C8 de Touche pas \u00e0 mon poste a apparemment \u00e9t\u00e9 la bascule professionnelle qui n\u2019est pas pass\u00e9e pour Samuel Etienne. \u00ab\u00a0Il est devenu un autre Cyril Hanouna ces derni\u00e8res ann\u00e9es. J\u2019ai un peu plus de mal parce qu\u2019en fait il fait une t\u00e9l\u00e9 que je n\u2019aime pas\u00a0\u00bb, ajoute le pr\u00e9sentateur de <a href=\"https:\/\/www.20minutes.fr\/arts-stars\/medias\/4160969-20250629-television-mauvaise-decision-samuel-etienne-repond-annonces-autour-questions-champion\" target=\"_blank\" class=\"c-link c-link--is-underlined\" rel=\"nofollow noopener\">Questions pour un champion<\/a>, qui pr\u00e9cise que son jugement n\u2019a rien \u00e0 voir avec la personne de Cyril Hanouna qu\u2019il \u00ab\u00a0n\u2019a pas crois\u00e9 depuis tr\u00e8s longtemps\u00a0\u00bb. Simplement, il \u00ab\u00a0n\u2019aime pas le Cyril Hanouna qu\u2019il est devenu \u00e0 la t\u00e9l\u00e9\u00a0\u00bb.<\/p>\n<p>Des propos qui s\u2019ajoutent <a href=\"https:\/\/www.20minutes.fr\/arts-stars\/livres\/4171250-20250904-cyril-hanouna-adresse-insulte-jean-michel-aphatie-fait-titre-livre\" target=\"_blank\" class=\"c-link c-link--is-underlined\" rel=\"nofollow noopener\">au livre-enqu\u00eate<\/a> r\u00e9cemment sorti par Jean-Michel Aphatie et qui tente de d\u00e9crypter <a href=\"https:\/\/www.20minutes.fr\/arts-stars\/people\/4174062-20250919-hanouna-suscite-peur-jean-michel-aphatie-affirme-avoir-rencontre-difficultes-enqueter-animateur\" target=\"_blank\" class=\"c-link c-link--is-underlined\" rel=\"nofollow noopener\">l\u2019\u00e9volution de la carri\u00e8re<\/a> de l\u2019ancien animateur-producteur des cha\u00eenes du groupe Bollor\u00e9. Reste \u00e0 savoir si Tout beau, tout n9uf, <a href=\"https:\/\/www.20minutes.fr\/arts-stars\/television\/4174524-20250922-tout-beau-tout-n9uf-cyril-hanouna-fait-toujours-politique-show\" target=\"_blank\" class=\"c-link c-link--is-underlined\" rel=\"nofollow noopener\">le nouveau programme<\/a> de Cyril Hanouna sur W9 sera moins \u00ab\u00a0indigeste\u00a0\u00bb pour Samuel Etienne.<\/p>\n","protected":false},"excerpt":{"rendered":"Les amis sont aussi l\u00e0 pour nous dire quand on va trop loin. Et c\u2019est peut-\u00eatre ce qu\u2019a&hellip;\n","protected":false},"author":2,"featured_media":414322,"comment_status":"","ping_status":"","sticky":false,"template":"","format":"standard","meta":{"footnotes":""},"categories":[1356],"tags":[7278,1083,58,59,1011,27,22363,973,11013,252,1364,133,2395],"class_list":{"0":"post-414321","1":"post","2":"type-post","3":"status-publish","4":"format-standard","5":"has-post-thumbnail","7":"category-television","8":"tag-c8","9":"tag-cyril-hanouna","10":"tag-divertissement","11":"tag-entertainment","12":"tag-fr","13":"tag-france","14":"tag-france-4","15":"tag-people","16":"tag-samuel-etienne","17":"tag-television","18":"tag-tv","19":"tag-video","20":"tag-w9"},"share_on_mastodon":{"url":"https:\/\/pubeurope.com\/@fr\/115260091545697305","error":""},"_links":{"self":[{"href":"https:\/\/www.europesays.com\/fr\/wp-json\/wp\/v2\/posts\/414321","targetHints":{"allow":["GET"]}}],"collection":[{"href":"https:\/\/www.europesays.com\/fr\/wp-json\/wp\/v2\/posts"}],"about":[{"href":"https:\/\/www.europesays.com\/fr\/wp-json\/wp\/v2\/types\/post"}],"author":[{"embeddable":true,"href":"https:\/\/www.europesays.com\/fr\/wp-json\/wp\/v2\/users\/2"}],"replies":[{"embeddable":true,"href":"https:\/\/www.europesays.com\/fr\/wp-json\/wp\/v2\/comments?post=414321"}],"version-history":[{"count":0,"href":"https:\/\/www.europesays.com\/fr\/wp-json\/wp\/v2\/posts\/414321\/revisions"}],"wp:featuredmedia":[{"embeddable":true,"href":"https:\/\/www.europesays.com\/fr\/wp-json\/wp\/v2\/media\/414322"}],"wp:attachment":[{"href":"https:\/\/www.europesays.com\/fr\/wp-json\/wp\/v2\/media?parent=414321"}],"wp:term":[{"taxonomy":"category","embeddable":true,"href":"https:\/\/www.europesays.com\/fr\/wp-json\/wp\/v2\/categories?post=414321"},{"taxonomy":"post_tag","embeddable":true,"href":"https:\/\/www.europesays.com\/fr\/wp-json\/wp\/v2\/tags?post=414321"}],"curies":[{"name":"wp","href":"https:\/\/api.w.org\/{rel}","templated":true}]}}