{"id":414333,"date":"2025-09-24T16:01:31","date_gmt":"2025-09-24T16:01:31","guid":{"rendered":"https:\/\/www.europesays.com\/fr\/414333\/"},"modified":"2025-09-24T16:01:31","modified_gmt":"2025-09-24T16:01:31","slug":"voici-les-10-bonnes-affaires-a-denicher-a-loccasion-des-french-days","status":"publish","type":"post","link":"https:\/\/www.europesays.com\/fr\/414333\/","title":{"rendered":"voici les 10 bonnes affaires \u00e0 d\u00e9nicher \u00e0 l\u2019occasion des French Days"},"content":{"rendered":"<p>La Fnac et Darty participent \u00e0 cette 2e \u00e9dition des French Days 2025. Pour le lancement des festivit\u00e9s, les deux enseignes d\u00e9voilent leurs meilleurs prix sur de nombreux produits Tech, mais nous avons choisi uniquement les meilleurs deals dans cette s\u00e9lection.<\/p>\n<p><a href=\"https:\/\/images.frandroid.com\/wp-content\/uploads\/2025\/09\/fnac-darty-french-days-2025.jpg\" target=\"_blank\" class=\"article-content__figure\" rel=\"noopener\"><img fetchpriority=\"high\" decoding=\"async\" loading=\"eager\" width=\"1200\" height=\"675\" src=\"https:\/\/www.europesays.com\/fr\/wp-content\/uploads\/2025\/09\/fnac-darty-french-days-2025.jpg\" alt=\"\" class=\"wp-image-2805401 wp-image wp-image\"  \/><\/a><\/p>\n<p>Ce mercredi 24 septembre 2025 lance le d\u00e9but de la deuxi\u00e8me \u00e9dition <a href=\"https:\/\/www.frandroid.com\/tag\/french-days\" target=\"_blank\" rel=\"noopener\">des French Days<\/a>. Bien \u00e9videmment, la Fnac et Darty y participent. Les deux e-commer\u00e7ants  proposent des nombreuses offres tr\u00e8s int\u00e9ressantes du c\u00f4t\u00e9 Tech et nous vous avons list\u00e9 les meilleures d\u2019entre elles pour vous aider dans vos recherches.<\/p>\n<p>D\u00e9couvrez les meilleures offres Fnac et Darty lors des French Days<\/p>\n<p>Pour le lancement des French Days, Darty met en place trois codes promo valable sur l\u2019informatique et la mobilit\u00e9 urbaine : <\/p>\n<ul class=\"wp-block-list\">\n<li><strong>\u00a0-60 euros<\/strong>\u00a0d\u00e8s 600 euros\u00a0d\u2019achat avec le code\u00a0<strong>FDAYS60<\/strong><\/li>\n<li><strong>\u00a0-80 euros<\/strong>\u00a0d\u00e8s 800 euros\u00a0d\u2019achat avec le code\u00a0<strong>FDAYS80<\/strong><\/li>\n<li><strong>\u00a0-100 euros<\/strong>\u00a0d\u00e8s 1 000 euros\u00a0d\u2019achat avec le code\u00a0<strong>FDAYS100<\/strong><\/li>\n<\/ul>\n<ul class=\"wp-block-list\">\n<li>Philips 77OLED760 \u00e0 1 839 euros au lieu de 2 999 euros : <a href=\"https:\/\/shop.frandroid.com\/wi93xlji\" target=\"_blank\" rel=\"noreferrer noopener affiliate nofollow\" data-gtm=\"{&quot;event&quot;:&quot;afficlic&quot;,&quot;nom_marchand&quot;:&quot;darty&quot;,&quot;nom_produit&quot;:&quot;inconnu&quot;,&quot;categorie_produit&quot;:&quot;inconnu&quot;,&quot;module_produit&quot;:&quot;editolink&quot;,&quot;position_marchand&quot;:0,&quot;texte&quot;:&quot;darty&quot;,&quot;offer_url&quot;:&quot;https:\/\/shop.frandroid.com\/wi93xlji&quot;,&quot;zone&quot;:&quot;contenu-page&quot;}\">Darty<\/a> et <a href=\"https:\/\/shop.frandroid.com\/ztgkl38p\" target=\"_blank\" rel=\"noreferrer noopener affiliate nofollow\" data-gtm=\"{&quot;event&quot;:&quot;afficlic&quot;,&quot;nom_marchand&quot;:&quot;fnac&quot;,&quot;nom_produit&quot;:&quot;inconnu&quot;,&quot;categorie_produit&quot;:&quot;inconnu&quot;,&quot;module_produit&quot;:&quot;editolink&quot;,&quot;position_marchand&quot;:0,&quot;texte&quot;:&quot;fnac&quot;,&quot;offer_url&quot;:&quot;https:\/\/shop.frandroid.com\/ztgkl38p&quot;,&quot;zone&quot;:&quot;contenu-page&quot;}\">Fnac<\/a><\/li>\n<li>Xiaomi Mix Flip (512 Go) \u00e0 699 euros au lieu de 1 302 euros : <a href=\"https:\/\/shop.frandroid.com\/5armh92u\" target=\"_blank\" rel=\"noreferrer noopener affiliate nofollow\" data-gtm=\"{&quot;event&quot;:&quot;afficlic&quot;,&quot;nom_marchand&quot;:&quot;fnac&quot;,&quot;nom_produit&quot;:&quot;inconnu&quot;,&quot;categorie_produit&quot;:&quot;inconnu&quot;,&quot;module_produit&quot;:&quot;editolink&quot;,&quot;position_marchand&quot;:0,&quot;texte&quot;:&quot;fnac&quot;,&quot;offer_url&quot;:&quot;https:\/\/shop.frandroid.com\/5armh92u&quot;,&quot;zone&quot;:&quot;contenu-page&quot;}\">Fnac<\/a> et <a href=\"https:\/\/shop.frandroid.com\/66e30k1a\" target=\"_blank\" rel=\"noreferrer noopener affiliate nofollow\" data-gtm=\"{&quot;event&quot;:&quot;afficlic&quot;,&quot;nom_marchand&quot;:&quot;darty&quot;,&quot;nom_produit&quot;:&quot;inconnu&quot;,&quot;categorie_produit&quot;:&quot;inconnu&quot;,&quot;module_produit&quot;:&quot;editolink&quot;,&quot;position_marchand&quot;:0,&quot;texte&quot;:&quot;darty&quot;,&quot;offer_url&quot;:&quot;https:\/\/shop.frandroid.com\/66e30k1a&quot;,&quot;zone&quot;:&quot;contenu-page&quot;}\">Darty<\/a><\/li>\n<li>Xiaomi 15 \u00e0 801 euros au lieu de 1 099 euros  avec bonus de reprise : <a href=\"https:\/\/shop.frandroid.com\/9vb0l46k\" target=\"_blank\" rel=\"noreferrer noopener affiliate nofollow\" data-gtm=\"{&quot;event&quot;:&quot;afficlic&quot;,&quot;nom_marchand&quot;:&quot;fnac&quot;,&quot;nom_produit&quot;:&quot;inconnu&quot;,&quot;categorie_produit&quot;:&quot;inconnu&quot;,&quot;module_produit&quot;:&quot;editolink&quot;,&quot;position_marchand&quot;:0,&quot;texte&quot;:&quot;fnac&quot;,&quot;offer_url&quot;:&quot;https:\/\/shop.frandroid.com\/9vb0l46k&quot;,&quot;zone&quot;:&quot;contenu-page&quot;}\">Fnac<\/a> et <a href=\"https:\/\/shop.frandroid.com\/ll1alj60\" target=\"_blank\" rel=\"noreferrer noopener affiliate nofollow\" data-gtm=\"{&quot;event&quot;:&quot;afficlic&quot;,&quot;nom_marchand&quot;:&quot;darty&quot;,&quot;nom_produit&quot;:&quot;inconnu&quot;,&quot;categorie_produit&quot;:&quot;inconnu&quot;,&quot;module_produit&quot;:&quot;editolink&quot;,&quot;position_marchand&quot;:0,&quot;texte&quot;:&quot;darty&quot;,&quot;offer_url&quot;:&quot;https:\/\/shop.frandroid.com\/ll1alj60&quot;,&quot;zone&quot;:&quot;contenu-page&quot;}\">Darty<\/a><\/li>\n<li>Oppo A5 \u00e0 142 euros au lieu de 162 euros : <a href=\"https:\/\/shop.frandroid.com\/y1aquym5\" target=\"_blank\" rel=\"noreferrer noopener affiliate nofollow\" data-gtm=\"{&quot;event&quot;:&quot;afficlic&quot;,&quot;nom_marchand&quot;:&quot;fnac&quot;,&quot;nom_produit&quot;:&quot;inconnu&quot;,&quot;categorie_produit&quot;:&quot;inconnu&quot;,&quot;module_produit&quot;:&quot;editolink&quot;,&quot;position_marchand&quot;:0,&quot;texte&quot;:&quot;fnac&quot;,&quot;offer_url&quot;:&quot;https:\/\/shop.frandroid.com\/y1aquym5&quot;,&quot;zone&quot;:&quot;contenu-page&quot;}\">Fnac<\/a> et <a href=\"https:\/\/shop.frandroid.com\/t1st2afw\" target=\"_blank\" rel=\"noreferrer noopener affiliate nofollow\" data-gtm=\"{&quot;event&quot;:&quot;afficlic&quot;,&quot;nom_marchand&quot;:&quot;darty&quot;,&quot;nom_produit&quot;:&quot;inconnu&quot;,&quot;categorie_produit&quot;:&quot;inconnu&quot;,&quot;module_produit&quot;:&quot;editolink&quot;,&quot;position_marchand&quot;:0,&quot;texte&quot;:&quot;darty&quot;,&quot;offer_url&quot;:&quot;https:\/\/shop.frandroid.com\/t1st2afw&quot;,&quot;zone&quot;:&quot;contenu-page&quot;}\">Darty<\/a><\/li>\n<li>Pack Redmi 13C \u00e0 139 euros au lieu de 159 euros : <a href=\"https:\/\/shop.frandroid.com\/huvlkr5j\" target=\"_blank\" rel=\"noreferrer noopener affiliate nofollow\" data-gtm=\"{&quot;event&quot;:&quot;afficlic&quot;,&quot;nom_marchand&quot;:&quot;fnac&quot;,&quot;nom_produit&quot;:&quot;inconnu&quot;,&quot;categorie_produit&quot;:&quot;inconnu&quot;,&quot;module_produit&quot;:&quot;editolink&quot;,&quot;position_marchand&quot;:0,&quot;texte&quot;:&quot;fnac&quot;,&quot;offer_url&quot;:&quot;https:\/\/shop.frandroid.com\/huvlkr5j&quot;,&quot;zone&quot;:&quot;contenu-page&quot;}\">Fnac<\/a> et <a href=\"https:\/\/shop.frandroid.com\/k283fntd\" target=\"_blank\" rel=\"noreferrer noopener affiliate nofollow\" data-gtm=\"{&quot;event&quot;:&quot;afficlic&quot;,&quot;nom_marchand&quot;:&quot;darty&quot;,&quot;nom_produit&quot;:&quot;inconnu&quot;,&quot;categorie_produit&quot;:&quot;inconnu&quot;,&quot;module_produit&quot;:&quot;editolink&quot;,&quot;position_marchand&quot;:0,&quot;texte&quot;:&quot;darty&quot;,&quot;offer_url&quot;:&quot;https:\/\/shop.frandroid.com\/k283fntd&quot;,&quot;zone&quot;:&quot;contenu-page&quot;}\">Darty<\/a><\/li>\n<li>Samsung T55S95F \u00e0 1 799 euros au lieu de 2 399 euros : <a href=\"https:\/\/shop.frandroid.com\/vj92891u\" target=\"_blank\" rel=\"noreferrer noopener affiliate nofollow\" data-gtm=\"{&quot;event&quot;:&quot;afficlic&quot;,&quot;nom_marchand&quot;:&quot;fnac&quot;,&quot;nom_produit&quot;:&quot;inconnu&quot;,&quot;categorie_produit&quot;:&quot;inconnu&quot;,&quot;module_produit&quot;:&quot;editolink&quot;,&quot;position_marchand&quot;:0,&quot;texte&quot;:&quot;fnac&quot;,&quot;offer_url&quot;:&quot;https:\/\/shop.frandroid.com\/vj92891u&quot;,&quot;zone&quot;:&quot;contenu-page&quot;}\">Fnac<\/a> et <a href=\"https:\/\/shop.frandroid.com\/tu9jpzji\" target=\"_blank\" rel=\"noreferrer noopener affiliate nofollow\" data-gtm=\"{&quot;event&quot;:&quot;afficlic&quot;,&quot;nom_marchand&quot;:&quot;darty&quot;,&quot;nom_produit&quot;:&quot;inconnu&quot;,&quot;categorie_produit&quot;:&quot;inconnu&quot;,&quot;module_produit&quot;:&quot;editolink&quot;,&quot;position_marchand&quot;:0,&quot;texte&quot;:&quot;darty&quot;,&quot;offer_url&quot;:&quot;https:\/\/shop.frandroid.com\/tu9jpzji&quot;,&quot;zone&quot;:&quot;contenu-page&quot;}\">Darty<\/a> <\/li>\n<li>Samsung T55S90F \u00e0 1 199 euros au lieu de 1 399 euros : <a href=\"https:\/\/shop.frandroid.com\/elcqupc3\" target=\"_blank\" rel=\"noreferrer noopener affiliate nofollow\" data-gtm=\"{&quot;event&quot;:&quot;afficlic&quot;,&quot;nom_marchand&quot;:&quot;fnac&quot;,&quot;nom_produit&quot;:&quot;inconnu&quot;,&quot;categorie_produit&quot;:&quot;inconnu&quot;,&quot;module_produit&quot;:&quot;editolink&quot;,&quot;position_marchand&quot;:0,&quot;texte&quot;:&quot;fnac&quot;,&quot;offer_url&quot;:&quot;https:\/\/shop.frandroid.com\/elcqupc3&quot;,&quot;zone&quot;:&quot;contenu-page&quot;}\">Fnac<\/a> et <a href=\"https:\/\/shop.frandroid.com\/f9augjdz\" target=\"_blank\" rel=\"noreferrer noopener affiliate nofollow\" data-gtm=\"{&quot;event&quot;:&quot;afficlic&quot;,&quot;nom_marchand&quot;:&quot;darty&quot;,&quot;nom_produit&quot;:&quot;inconnu&quot;,&quot;categorie_produit&quot;:&quot;inconnu&quot;,&quot;module_produit&quot;:&quot;editolink&quot;,&quot;position_marchand&quot;:0,&quot;texte&quot;:&quot;darty&quot;,&quot;offer_url&quot;:&quot;https:\/\/shop.frandroid.com\/f9augjdz&quot;,&quot;zone&quot;:&quot;contenu-page&quot;}\">Darty<\/a><\/li>\n<li>LG OLED65M5 \u00e0 2 999 euros au lieu de 3 299 euros : <a href=\"https:\/\/shop.frandroid.com\/52i8j9qt\" target=\"_blank\" rel=\"noreferrer noopener affiliate nofollow\" data-gtm=\"{&quot;event&quot;:&quot;afficlic&quot;,&quot;nom_marchand&quot;:&quot;fnac&quot;,&quot;nom_produit&quot;:&quot;inconnu&quot;,&quot;categorie_produit&quot;:&quot;inconnu&quot;,&quot;module_produit&quot;:&quot;editolink&quot;,&quot;position_marchand&quot;:0,&quot;texte&quot;:&quot;fnac&quot;,&quot;offer_url&quot;:&quot;https:\/\/shop.frandroid.com\/52i8j9qt&quot;,&quot;zone&quot;:&quot;contenu-page&quot;}\">Fnac<\/a> et <a target=\"_blank\" href=\"https:\/\/www.darty.com\/nav\/achat\/hifi_video\/tous_ecrans_plats\/oled\/lg_oled65m5_2025.html\" rel=\"noopener\">Darty<\/a><\/li>\n<li>Navee ST3 Pro \u00e0 599 euros au lieu de 799 euros : <a href=\"https:\/\/shop.frandroid.com\/6t8ovk5k\" target=\"_blank\" rel=\"noreferrer noopener affiliate nofollow\" data-gtm=\"{&quot;event&quot;:&quot;afficlic&quot;,&quot;nom_marchand&quot;:&quot;fnac&quot;,&quot;nom_produit&quot;:&quot;inconnu&quot;,&quot;categorie_produit&quot;:&quot;inconnu&quot;,&quot;module_produit&quot;:&quot;editolink&quot;,&quot;position_marchand&quot;:0,&quot;texte&quot;:&quot;fnac&quot;,&quot;offer_url&quot;:&quot;https:\/\/shop.frandroid.com\/6t8ovk5k&quot;,&quot;zone&quot;:&quot;contenu-page&quot;}\">Fnac<\/a> et <a href=\"https:\/\/shop.frandroid.com\/galgdl9n\" target=\"_blank\" rel=\"noreferrer noopener affiliate nofollow\" data-gtm=\"{&quot;event&quot;:&quot;afficlic&quot;,&quot;nom_marchand&quot;:&quot;darty&quot;,&quot;nom_produit&quot;:&quot;inconnu&quot;,&quot;categorie_produit&quot;:&quot;inconnu&quot;,&quot;module_produit&quot;:&quot;editolink&quot;,&quot;position_marchand&quot;:0,&quot;texte&quot;:&quot;darty&quot;,&quot;offer_url&quot;:&quot;https:\/\/shop.frandroid.com\/galgdl9n&quot;,&quot;zone&quot;:&quot;contenu-page&quot;}\">Darty<\/a> <\/li>\n<li>MSI Crosshair 16 HX AI \u00e0 1 399 euros au lieu de 1 999 euros avec le code FDAYS100 : <a href=\"https:\/\/shop.frandroid.com\/mz0gcntm\" target=\"_blank\" rel=\"noreferrer noopener affiliate nofollow\" data-gtm=\"{&quot;event&quot;:&quot;afficlic&quot;,&quot;nom_marchand&quot;:&quot;darty&quot;,&quot;nom_produit&quot;:&quot;inconnu&quot;,&quot;categorie_produit&quot;:&quot;inconnu&quot;,&quot;module_produit&quot;:&quot;editolink&quot;,&quot;position_marchand&quot;:0,&quot;texte&quot;:&quot;darty&quot;,&quot;offer_url&quot;:&quot;https:\/\/shop.frandroid.com\/mz0gcntm&quot;,&quot;zone&quot;:&quot;contenu-page&quot;}\">Darty<\/a> <\/li>\n<\/ul>\n<p>Philips 77OLED760<\/p>\n<p>Un t\u00e9l\u00e9viseur de 77 pouces, c\u2019est grand et le prix est aussi \u00e9lev\u00e9 que sa taille. Certains marchands n\u2019h\u00e9sitent pas \u00e0 casser le prix de <a href=\"https:\/\/www.frandroid.com\/guide-dachat\/guides-dachat-tv\/1089221_comparatif-meilleures-tv-4k-de-75-pouces-oled-qled-full-led\" target=\"_blank\" rel=\"noopener\">ses gigantesques TV<\/a>, comme pour ce mod\u00e8le Philips 77OLED760 qui passe voit son prix chuter sous les 2 000 euros durant les French Days. <a href=\"https:\/\/shop.frandroid.com\/ztgkl38p\" target=\"_blank\" rel=\"noreferrer noopener\"><\/p>\n<p><a target=\"_blank\" href=\"https:\/\/images.frandroid.com\/wp-content\/uploads\/2025\/09\/philips-77oled760-french-days-2025.jpg\" class=\"article-content__figure\" rel=\"noopener\"><img loading=\"lazy\" decoding=\"async\" width=\"1200\" height=\"675\" src=\"https:\/\/www.europesays.com\/fr\/wp-content\/uploads\/2025\/09\/philips-77oled760-french-days-2025-1200x675.jpg\" alt=\"\" class=\"wp-image-2807481 wp-image\"  \/><\/a><\/p>\n<p>Les forces du Philips 77OLED760<\/p>\n<ul class=\"wp-block-list\">\n<li>Une dalle OLED de grande qualit\u00e9 et de grande taille<\/li>\n<li>La compatibilit\u00e9 Dolby Vision, HDR10 et Dolby Atmos<\/li>\n<li>Sans oublier la pr\u00e9sence de ports HDMI 2.1 (ALLM + VRR + 120 Hz)<\/li>\n<\/ul>\n<p>Disponible \u00e0 sa sortie \u00e0 2 999 euros, le t\u00e9l\u00e9viseur Philips 77OLED760 s\u2019affiche en ce moment \u00e0 1 999 euros, mais gr\u00e2ce \u00e0 une remise de 10 % dans le panier, <a href=\"https:\/\/shop.frandroid.com\/ztgkl38p\" target=\"_blank\" rel=\"noreferrer noopener affiliate nofollow\" data-gtm=\"{&quot;event&quot;:&quot;afficlic&quot;,&quot;nom_marchand&quot;:&quot;fnac&quot;,&quot;nom_produit&quot;:&quot;inconnu&quot;,&quot;categorie_produit&quot;:&quot;inconnu&quot;,&quot;module_produit&quot;:&quot;editolink&quot;,&quot;position_marchand&quot;:0,&quot;texte&quot;:&quot;il-revient-a-1-839-euros-chez-la-fnac&quot;,&quot;offer_url&quot;:&quot;https:\/\/shop.frandroid.com\/ztgkl38p&quot;,&quot;zone&quot;:&quot;contenu-page&quot;}\">il revient \u00e0 1 839 euros chez la Fnac<\/a> et <a href=\"https:\/\/shop.frandroid.com\/wi93xlji\" target=\"_blank\" rel=\"noreferrer noopener affiliate nofollow\" data-gtm=\"{&quot;event&quot;:&quot;afficlic&quot;,&quot;nom_marchand&quot;:&quot;darty&quot;,&quot;nom_produit&quot;:&quot;inconnu&quot;,&quot;categorie_produit&quot;:&quot;inconnu&quot;,&quot;module_produit&quot;:&quot;editolink&quot;,&quot;position_marchand&quot;:0,&quot;texte&quot;:&quot;darty&quot;,&quot;offer_url&quot;:&quot;https:\/\/shop.frandroid.com\/wi93xlji&quot;,&quot;zone&quot;:&quot;contenu-page&quot;}\">Darty<\/a>.  <\/p>\n<p>Xiaomi Mix Flip <\/p>\n<p>Le <a href=\"https:\/\/www.frandroid.com\/produits\/smartphones\/xiaomi\/2088738-xiaomi-mix-flip\" target=\"_blank\" rel=\"noopener\">Xiaomi Mix Flip<\/a> est le premier <a href=\"https:\/\/www.frandroid.com\/guide-dachat\/1617799_meilleur-smartphone-pliant-quel-telephone-pliable-choisir\" target=\"_blank\" rel=\"noopener\">pliant<\/a> au format clapet de la marque.\u00a0Un petit nouveau qui ne d\u00e9m\u00e9rite pas malgr\u00e9 ses quelques d\u00e9fauts. Not\u00e9 7\/10 par nos soins, ce smartphone est aujourd\u2019hui\u00a0bien plus recommandable maintenant qu\u2019il est \u00e0 moins de 700 euros. <\/p>\n<p><a href=\"https:\/\/images.frandroid.com\/wp-content\/uploads\/2025\/09\/xiaomi-mix-flip-french-days-2025.jpg\" target=\"_blank\" class=\"article-content__figure\" rel=\"noopener\"><img loading=\"lazy\" decoding=\"async\" width=\"1200\" height=\"675\" src=\"https:\/\/www.europesays.com\/fr\/wp-content\/uploads\/2025\/09\/xiaomi-mix-flip-french-days-2025-1200x675.jpg\" alt=\"\" class=\"wp-image-2804901 wp-image\"  \/><\/a><\/p>\n<p>Pourquoi choisir le Xiaomi Mix Flip ? <\/p>\n<ul class=\"wp-block-list\">\n<li>Un grand \u00e9cran externe<\/li>\n<li>La puissance du Snapdragon 8 Gen 3<\/li>\n<li>La charge 67 Watts avec bloc secteur fourni<\/li>\n<\/ul>\n<p>Initialement \u00e0 1 302 euros, le Xiaomi Mix Flip est actuellement <a href=\"https:\/\/shop.frandroid.com\/5armh92u\" target=\"_blank\" rel=\"noreferrer noopener affiliate nofollow\" data-gtm=\"{&quot;event&quot;:&quot;afficlic&quot;,&quot;nom_marchand&quot;:&quot;fnac&quot;,&quot;nom_produit&quot;:&quot;inconnu&quot;,&quot;categorie_produit&quot;:&quot;inconnu&quot;,&quot;module_produit&quot;:&quot;editolink&quot;,&quot;position_marchand&quot;:0,&quot;texte&quot;:&quot;en-promotion-a-699-euros-sur-le-site-de-la-fnac&quot;,&quot;offer_url&quot;:&quot;https:\/\/shop.frandroid.com\/5armh92u&quot;,&quot;zone&quot;:&quot;contenu-page&quot;}\">en promotion \u00e0 699 euros sur le site de la Fnac<\/a> et celui de <a href=\"https:\/\/shop.frandroid.com\/66e30k1a\" target=\"_blank\" rel=\"noreferrer noopener affiliate nofollow\" data-gtm=\"{&quot;event&quot;:&quot;afficlic&quot;,&quot;nom_marchand&quot;:&quot;darty&quot;,&quot;nom_produit&quot;:&quot;inconnu&quot;,&quot;categorie_produit&quot;:&quot;inconnu&quot;,&quot;module_produit&quot;:&quot;editolink&quot;,&quot;position_marchand&quot;:0,&quot;texte&quot;:&quot;darty&quot;,&quot;offer_url&quot;:&quot;https:\/\/shop.frandroid.com\/66e30k1a&quot;,&quot;zone&quot;:&quot;contenu-page&quot;}\">Darty<\/a>. <\/p>\n<p>Xiaomi 15<\/p>\n<p>Le <a href=\"https:\/\/www.frandroid.com\/produits\/smartphones\/xiaomi\/2390954-xiaomi-15\" target=\"_blank\" rel=\"noopener\">Xiaomi 15<\/a> est un flagship abordable qui ne fait pas de compromis sur les performances, l\u2019\u00e9cran ou l\u2019autonomie. Pour vous convaincre de l\u2019adopter, les French Days appliquent une belle remise sur ce <a href=\"https:\/\/www.frandroid.com\/guide-dachat\/smartphones\/332196_10-smartphones-attendus-debut-2016\" target=\"_blank\" rel=\"noopener\">smartphone haut de gamme<\/a>. <\/p>\n<p><a href=\"https:\/\/images.frandroid.com\/wp-content\/uploads\/2025\/09\/xiaomi-15-french-days-2025.jpg\" target=\"_blank\" class=\"article-content__figure\" rel=\"noopener\"><img loading=\"lazy\" decoding=\"async\" width=\"1200\" height=\"675\" src=\"https:\/\/www.europesays.com\/fr\/wp-content\/uploads\/2025\/09\/xiaomi-15-french-days-2025-1200x675.jpg\" alt=\"\" class=\"wp-image-2805129 wp-image\"  \/><\/a><\/p>\n<p>Les points positifs du Xiaomi 15<\/p>\n<ul class=\"wp-block-list\">\n<li>Une autonomie robuste<\/li>\n<li>Un design ergonomique avec un tr\u00e8s bon \u00e9cran<\/li>\n<li>Des performances de haut vol et une bonne polyvalence photo<\/li>\n<\/ul>\n<p>Le Xiaomi 15 profite des French Days pour s\u2019afficher <a href=\"https:\/\/shop.frandroid.com\/9vb0l46k\" target=\"_blank\" rel=\"noreferrer noopener affiliate nofollow\" data-gtm=\"{&quot;event&quot;:&quot;afficlic&quot;,&quot;nom_marchand&quot;:&quot;fnac&quot;,&quot;nom_produit&quot;:&quot;inconnu&quot;,&quot;categorie_produit&quot;:&quot;inconnu&quot;,&quot;module_produit&quot;:&quot;editolink&quot;,&quot;position_marchand&quot;:0,&quot;texte&quot;:&quot;en-promotion-a-801-euros-au-lieu-de-1-099-euros-sur-le-site-de-la-fnac&quot;,&quot;offer_url&quot;:&quot;https:\/\/shop.frandroid.com\/9vb0l46k&quot;,&quot;zone&quot;:&quot;contenu-page&quot;}\">en promotion \u00e0 801 euros au lieu de 1 099 euros sur le site de la Fnac<\/a> gr\u00e2ce au <strong>bonus de reprise<\/strong> de 100 euros. L\u2019offre est <a href=\"https:\/\/shop.frandroid.com\/ll1alj60\" target=\"_blank\" rel=\"noreferrer noopener affiliate nofollow\" data-gtm=\"{&quot;event&quot;:&quot;afficlic&quot;,&quot;nom_marchand&quot;:&quot;darty&quot;,&quot;nom_produit&quot;:&quot;inconnu&quot;,&quot;categorie_produit&quot;:&quot;inconnu&quot;,&quot;module_produit&quot;:&quot;editolink&quot;,&quot;position_marchand&quot;:0,&quot;texte&quot;:&quot;aussi-disponible-sur-le-site-darty&quot;,&quot;offer_url&quot;:&quot;https:\/\/shop.frandroid.com\/ll1alj60&quot;,&quot;zone&quot;:&quot;contenu-page&quot;}\">aussi disponible sur le site Darty<\/a>.<\/p>\n<p>Oppo A5<\/p>\n<p>Si vous recherchez un smartphone \u00e9quilibr\u00e9 et pas trop cher, l\u2019Oppo A5 est un bon investissement. Il devient m\u00eame moins cher gr\u00e2ce \u00e0 cette offre des French Days : 142 euros au lieu de 162 euros.<\/p>\n<p><a href=\"https:\/\/images.frandroid.com\/wp-content\/uploads\/2025\/09\/oppo-a5.jpg\" target=\"_blank\" class=\"article-content__figure\" rel=\"noopener\"><img loading=\"lazy\" decoding=\"async\" width=\"1200\" height=\"675\" src=\"https:\/\/www.europesays.com\/fr\/wp-content\/uploads\/2025\/09\/oppo-a5-1200x675.jpg\" alt=\"\" class=\"wp-image-2805225 wp-image\"  \/><\/a><\/p>\n<p>Les avantages de l\u2019Oppo A5<\/p>\n<ul class=\"wp-block-list\">\n<li>Une batterie de 6 000 mAh avec charge rapide 45 W<\/li>\n<li>Un capteur photo principal de 50 MP soutenu par l\u2019IA<\/li>\n<li>Une r\u00e9sistance militaire aux chocs et certification IP65.<\/li>\n<\/ul>\n<p>De base \u00e0 162 euros, l\u2019Oppo A5 est en ce moment <a href=\"https:\/\/shop.frandroid.com\/y1aquym5\" target=\"_blank\" rel=\"noreferrer noopener affiliate nofollow\" data-gtm=\"{&quot;event&quot;:&quot;afficlic&quot;,&quot;nom_marchand&quot;:&quot;fnac&quot;,&quot;nom_produit&quot;:&quot;inconnu&quot;,&quot;categorie_produit&quot;:&quot;inconnu&quot;,&quot;module_produit&quot;:&quot;editolink&quot;,&quot;position_marchand&quot;:0,&quot;texte&quot;:&quot;remise-a-142-euros-chez-la-fnac&quot;,&quot;offer_url&quot;:&quot;https:\/\/shop.frandroid.com\/y1aquym5&quot;,&quot;zone&quot;:&quot;contenu-page&quot;}\">remis\u00e9 \u00e0 142 euros chez la Fnac<\/a> et <a href=\"https:\/\/shop.frandroid.com\/t1st2afw\" target=\"_blank\" rel=\"noreferrer noopener affiliate nofollow\" data-gtm=\"{&quot;event&quot;:&quot;afficlic&quot;,&quot;nom_marchand&quot;:&quot;darty&quot;,&quot;nom_produit&quot;:&quot;inconnu&quot;,&quot;categorie_produit&quot;:&quot;inconnu&quot;,&quot;module_produit&quot;:&quot;editolink&quot;,&quot;position_marchand&quot;:0,&quot;texte&quot;:&quot;darty&quot;,&quot;offer_url&quot;:&quot;https:\/\/shop.frandroid.com\/t1st2afw&quot;,&quot;zone&quot;:&quot;contenu-page&quot;}\">Darty<\/a>. <\/p>\n<p>Pack Redmi 13C<\/p>\n<p>Si vous attendiez les French Days pour changer de smartphone, il est encore temps : si votre budget est inf\u00e9rieur \u00e0 150 euros, le Xiaomi Redmi 13C est un bon candidat. Il est m\u00eame propos\u00e9 dans un pack avec des <a href=\"https:\/\/www.frandroid.com\/guide-dachat\/guide-audio\/482350_quels-sont-les-meilleurs-ecouteurs-true-wireless-a-moins-de-200-euros-en-2018\" target=\"_blank\" rel=\"noopener\">\u00e9couteurs<\/a> offerts. <\/p>\n<p><a href=\"https:\/\/images.frandroid.com\/wp-content\/uploads\/2025\/09\/pack-xiaomi-redmi-13c-french-days-2025.jpg\" target=\"_blank\" class=\"article-content__figure\" rel=\"noopener\"><img loading=\"lazy\" decoding=\"async\" width=\"1200\" height=\"675\" src=\"https:\/\/www.europesays.com\/fr\/wp-content\/uploads\/2025\/09\/pack-xiaomi-redmi-13c-french-days-2025-1200x675.jpg\" alt=\"\" class=\"wp-image-2805251 wp-image\"  \/><\/a><\/p>\n<p>Ce qu\u2019il faut savoir sur le Redmi 13C<\/p>\n<ul class=\"wp-block-list\">\n<li>Un grand \u00e9cran \u00e0 90 Hz de 6,74 pouces<\/li>\n<li>Un capteur photo principal de 50 MP\u00a0<\/li>\n<li>Une batterie de 5 000 mAh<\/li>\n<\/ul>\n<p>Le Xiaomi Redmi 13C est propos\u00e9 dans un pack avec des \u00e9couteurs pour seulement 139 euros au lieu de 159 euros <a href=\"https:\/\/shop.frandroid.com\/huvlkr5j\" target=\"_blank\" rel=\"noreferrer noopener affiliate nofollow\" data-gtm=\"{&quot;event&quot;:&quot;afficlic&quot;,&quot;nom_marchand&quot;:&quot;fnac&quot;,&quot;nom_produit&quot;:&quot;inconnu&quot;,&quot;categorie_produit&quot;:&quot;inconnu&quot;,&quot;module_produit&quot;:&quot;editolink&quot;,&quot;position_marchand&quot;:0,&quot;texte&quot;:&quot;chez-la-fnac&quot;,&quot;offer_url&quot;:&quot;https:\/\/shop.frandroid.com\/huvlkr5j&quot;,&quot;zone&quot;:&quot;contenu-page&quot;}\">chez la Fnac<\/a> et <a href=\"https:\/\/shop.frandroid.com\/k283fntd\" target=\"_blank\" rel=\"noreferrer noopener affiliate nofollow\" data-gtm=\"{&quot;event&quot;:&quot;afficlic&quot;,&quot;nom_marchand&quot;:&quot;darty&quot;,&quot;nom_produit&quot;:&quot;inconnu&quot;,&quot;categorie_produit&quot;:&quot;inconnu&quot;,&quot;module_produit&quot;:&quot;editolink&quot;,&quot;position_marchand&quot;:0,&quot;texte&quot;:&quot;darty&quot;,&quot;offer_url&quot;:&quot;https:\/\/shop.frandroid.com\/k283fntd&quot;,&quot;zone&quot;:&quot;contenu-page&quot;}\">Darty<\/a>. <\/p>\n<p>Samsung T55S95F<\/p>\n<p>Le t\u00e9l\u00e9viseur <a href=\"https:\/\/www.frandroid.com\/produits\/smart-tv\/samsung\/2538209-samsung-gq55s95f\" target=\"_blank\" rel=\"noopener\">Samsung TQ55S95F<\/a>, salu\u00e9 par la r\u00e9daction pour sa luminosit\u00e9 et son image sans reflet, est actuellement en promotion ! L\u2019un <a href=\"https:\/\/www.frandroid.com\/guide-dachat\/guides-dachat-tv\/508152_quelle-television-4k-choisir-la-selection-de-la-redaction\" target=\"_blank\" rel=\"noopener\">des meilleurs TV test\u00e9s par Frandroid<\/a> co\u00fbte 600 euros de moins pendant les French Days. <\/p>\n<p><a href=\"https:\/\/images.frandroid.com\/wp-content\/uploads\/2025\/09\/samsung-tq55s95f-french-days-2025.jpg\" target=\"_blank\" class=\"article-content__figure\" rel=\"noopener\"><img loading=\"lazy\" decoding=\"async\" width=\"1200\" height=\"675\" src=\"https:\/\/www.europesays.com\/fr\/wp-content\/uploads\/2025\/09\/samsung-tq55s95f-french-days-2025-1200x675.jpg\" alt=\"\" class=\"wp-image-2805277 wp-image\"  \/><\/a><\/p>\n<p>Le Samsung TQ55S95F en r\u00e9sum\u00e9 <\/p>\n<ul class=\"wp-block-list\">\n<li>Une dalle QD-OLED 55\u2019\u2019 avec technologie Glare Free, sans reflet.<\/li>\n<li>Un processeur NQ4 AI Gen3, image et son optimis\u00e9s en temps r\u00e9el<\/li>\n<li>Fluidit\u00e9 4K \u00e0 165 Hz, HDMI 2.1, Gaming Hub int\u00e9gr\u00e9<\/li>\n<\/ul>\n<p>Au lieu de 2 399 euros, le Samsung TQ55S95F est aujourd\u2019hui disponible\u00a0<a href=\"https:\/\/shop.frandroid.com\/vj92891u\" target=\"_blank\" rel=\"noreferrer noopener affiliate nofollow\" data-gtm=\"{&quot;event&quot;:&quot;afficlic&quot;,&quot;nom_marchand&quot;:&quot;fnac&quot;,&quot;nom_produit&quot;:&quot;inconnu&quot;,&quot;categorie_produit&quot;:&quot;inconnu&quot;,&quot;module_produit&quot;:&quot;editolink&quot;,&quot;position_marchand&quot;:0,&quot;texte&quot;:&quot;en-promotion-a-1-799-euros-chez-la-fnac&quot;,&quot;offer_url&quot;:&quot;https:\/\/shop.frandroid.com\/vj92891u&quot;,&quot;zone&quot;:&quot;contenu-page&quot;}\">en promotion \u00e0 1 799 euros chez la Fnac<\/a> et <a href=\"https:\/\/shop.frandroid.com\/tu9jpzji\" target=\"_blank\" rel=\"noreferrer noopener affiliate nofollow\" data-gtm=\"{&quot;event&quot;:&quot;afficlic&quot;,&quot;nom_marchand&quot;:&quot;darty&quot;,&quot;nom_produit&quot;:&quot;inconnu&quot;,&quot;categorie_produit&quot;:&quot;inconnu&quot;,&quot;module_produit&quot;:&quot;editolink&quot;,&quot;position_marchand&quot;:0,&quot;texte&quot;:&quot;darty&quot;,&quot;offer_url&quot;:&quot;https:\/\/shop.frandroid.com\/tu9jpzji&quot;,&quot;zone&quot;:&quot;contenu-page&quot;}\">Darty<\/a>. <\/p>\n<p>Samsung T55S90F<\/p>\n<p>C\u2019est lors du <a href=\"https:\/\/www.frandroid.com\/events\/ces\" target=\"_blank\" rel=\"noreferrer noopener\">CES 2025<\/a> que Samsung a pr\u00e9sent\u00e9\u00a0<a href=\"https:\/\/www.frandroid.com\/marques\/samsung\/2458072_samsung-officialise-trois-nouvelles-series-de-tv-oled-pour-2025-s95f-s90f-et-s85f\" target=\"_blank\" rel=\"noreferrer noopener\">sa nouvelle s\u00e9rie de TV OLED et LCD<\/a>.\u00a0Parmi eux, on retrouve la s\u00e9rie S90F qui se distingue par son approche hybride en mati\u00e8re de technologie d\u2019\u00e9cran. Il int\u00e8gre un \u00e9cran QD-OLED sublime. En ce moment, il devient plus recommandable suite \u00e0 200 euros de remise. <\/p>\n<p><a href=\"https:\/\/images.frandroid.com\/wp-content\/uploads\/2025\/09\/samsung-tq55s90f-french-days-2025.jpg\" target=\"_blank\" class=\"article-content__figure\" rel=\"noopener\"><img loading=\"lazy\" decoding=\"async\" width=\"1200\" height=\"675\" src=\"https:\/\/www.europesays.com\/fr\/wp-content\/uploads\/2025\/09\/samsung-tq55s90f-french-days-2025-1200x675.jpg\" alt=\"\" class=\"wp-image-2805297 wp-image\"  \/><\/a><\/p>\n<p>Ce qu\u2019il faut retenir du Samsung TQ55S90F<\/p>\n<ul class=\"wp-block-list\">\n<li>Une dalle OLED 2025 \u00e0 144 Hz qui flatte la r\u00e9tine<\/li>\n<li>Le processeur NQ4 AI Gen3 optimiser l\u2019image en temps r\u00e9el<\/li>\n<li>Le syst\u00e8me audio 2.1 40 W compatible Dolby Atmos<\/li>\n<\/ul>\n<p>Disponible \u00e0 1 399 euros, le Samsung T55S90F est aujourd\u2019hui disponible <a href=\"https:\/\/shop.frandroid.com\/elcqupc3\" target=\"_blank\" rel=\"noreferrer noopener affiliate nofollow\" data-gtm=\"{&quot;event&quot;:&quot;afficlic&quot;,&quot;nom_marchand&quot;:&quot;fnac&quot;,&quot;nom_produit&quot;:&quot;inconnu&quot;,&quot;categorie_produit&quot;:&quot;inconnu&quot;,&quot;module_produit&quot;:&quot;editolink&quot;,&quot;position_marchand&quot;:0,&quot;texte&quot;:&quot;en-promotion-a-1-199-euros-a-la-fnac&quot;,&quot;offer_url&quot;:&quot;https:\/\/shop.frandroid.com\/elcqupc3&quot;,&quot;zone&quot;:&quot;contenu-page&quot;}\">en promotion \u00e0 1 199 euros \u00e0 la Fnac<\/a>. L\u2019offre est aussi <a href=\"https:\/\/shop.frandroid.com\/f9augjdz\" target=\"_blank\" rel=\"noreferrer noopener affiliate nofollow\" data-gtm=\"{&quot;event&quot;:&quot;afficlic&quot;,&quot;nom_marchand&quot;:&quot;darty&quot;,&quot;nom_produit&quot;:&quot;inconnu&quot;,&quot;categorie_produit&quot;:&quot;inconnu&quot;,&quot;module_produit&quot;:&quot;editolink&quot;,&quot;position_marchand&quot;:0,&quot;texte&quot;:&quot;valable-chez-darty&quot;,&quot;offer_url&quot;:&quot;https:\/\/shop.frandroid.com\/f9augjdz&quot;,&quot;zone&quot;:&quot;contenu-page&quot;}\">valable chez Darty<\/a>. <\/p>\n<p>LG OLED65M5<\/p>\n<p>La <a href=\"https:\/\/www.frandroid.com\/marques\/2457650_lg-devoile-ses-nouveaux-televiseurs-c5-g5-et-m5\" target=\"_blank\" rel=\"noopener\">s\u00e9rie M5<\/a> repr\u00e9sente le tr\u00e8s haut de gamme des<a href=\"https:\/\/www.frandroid.com\/guide-dachat\/guides-dachat-tv\/1172961_meilleures-tv-lg\" target=\"_blank\" rel=\"noopener\"> t\u00e9l\u00e9viseurs OLED chez LG<\/a>. Elle est dot\u00e9e d\u2019une dalle strictement identique \u00e0 celle de la s\u00e9rie G5, mais avec le bo\u00eetier sans fil \u00ab\u00a0zero connect\u00a0\u00bb. Ce dernier permet de d\u00e9porter toutes les connectiques ainsi que l\u2019\u00e9lectronique. Bonne nouvelle, son prix s\u2019all\u00e8ge avec cette offre des French Days. <\/p>\n<p><a href=\"https:\/\/images.frandroid.com\/wp-content\/uploads\/2025\/09\/lg-oled65m5-french-days-2025.jpg\" target=\"_blank\" class=\"article-content__figure\" rel=\"noopener\"><img loading=\"lazy\" decoding=\"async\" width=\"1200\" height=\"675\" src=\"https:\/\/www.europesays.com\/fr\/wp-content\/uploads\/2025\/09\/lg-oled65m5-french-days-2025-1200x675.jpg\" alt=\"\" class=\"wp-image-2805375 wp-image\"  \/><\/a><\/p>\n<p>Le LG OLED65M5, c\u2019est quoi ? <\/p>\n<ul class=\"wp-block-list\">\n<li>Une dalle OLED White-OLED lumineuse <\/li>\n<li>Le bo\u00eetier \u00ab\u00a0zero connect\u00a0\u00bb<\/li>\n<li>Le mode 144 Hz, VRR, AMD FreeSync Premium et Nvidia G-Sync<\/li>\n<\/ul>\n<p>Initialement \u00e0 3 299 euros, le t\u00e9l\u00e9viseur LG OLED65M5 se trouve en ce moment <a href=\"https:\/\/shop.frandroid.com\/52i8j9qt\" target=\"_blank\" rel=\"noreferrer noopener affiliate nofollow\" data-gtm=\"{&quot;event&quot;:&quot;afficlic&quot;,&quot;nom_marchand&quot;:&quot;fnac&quot;,&quot;nom_produit&quot;:&quot;inconnu&quot;,&quot;categorie_produit&quot;:&quot;inconnu&quot;,&quot;module_produit&quot;:&quot;editolink&quot;,&quot;position_marchand&quot;:0,&quot;texte&quot;:&quot;remise-a-2-999-euros-a-la-fnac&quot;,&quot;offer_url&quot;:&quot;https:\/\/shop.frandroid.com\/52i8j9qt&quot;,&quot;zone&quot;:&quot;contenu-page&quot;}\">remis\u00e9 \u00e0 2 999 euros \u00e0 la Fnac<\/a>. On trouve <a href=\"https:\/\/shop.frandroid.com\/mkagsfz0\" target=\"_blank\" rel=\"noreferrer noopener affiliate nofollow\" data-gtm=\"{&quot;event&quot;:&quot;afficlic&quot;,&quot;nom_marchand&quot;:&quot;darty&quot;,&quot;nom_produit&quot;:&quot;inconnu&quot;,&quot;categorie_produit&quot;:&quot;inconnu&quot;,&quot;module_produit&quot;:&quot;editolink&quot;,&quot;position_marchand&quot;:0,&quot;texte&quot;:&quot;la-meme-offre-sur-le-site-darty&quot;,&quot;offer_url&quot;:&quot;https:\/\/shop.frandroid.com\/mkagsfz0&quot;,&quot;zone&quot;:&quot;contenu-page&quot;}\">la m\u00eame offre sur le site Darty.<\/a><\/p>\n<p>Navee ST3 Pro <\/p>\n<p>La <a href=\"https:\/\/www.frandroid.com\/guide-dachat\/617520_quelle-trottinette-electrique-acheter\" target=\"_blank\" rel=\"noopener\">trottinette \u00e9lectrique<\/a> ST3 Pro de <a href=\"https:\/\/www.frandroid.com\/survoltes\/trottinette-electrique\/2332680_xiaomi-et-segway-ont-du-souci-a-se-faire-avec-larrivee-de-ces-5-nouvelles-trottinettes-electriques-navee-tres-prometteuses\" target=\"_blank\" rel=\"noopener\">Navee<\/a> cumule les bons points : elle s\u2019\u00e9quipe d\u2019une double suspension pour offrir une conduite confortable, mise sur un moteur suffisamment puissant pour grimper des c\u00f4tes et se montre tr\u00e8s endurante pour assurer vos trajets. Gr\u00e2ce aux French Days, elle co\u00fbte 200 euros de moins qu\u2019\u00e0 sa sortie. <\/p>\n<p><a href=\"https:\/\/images.frandroid.com\/wp-content\/uploads\/2025\/09\/navee-st3-pro-french-days-2025.jpg\" target=\"_blank\" class=\"article-content__figure\" rel=\"noopener\"><img loading=\"lazy\" decoding=\"async\" width=\"1200\" height=\"675\" src=\"https:\/\/www.europesays.com\/fr\/wp-content\/uploads\/2025\/09\/navee-st3-pro-french-days-2025-1200x675.jpg\" alt=\"\" class=\"wp-image-2806611 wp-image\"  \/><\/a><\/p>\n<p>Les forces de la Navee ST3 Pro <\/p>\n<ul class=\"wp-block-list\">\n<li>Un large plateau et suspensions \u00e0 l\u2019avant et \u00e0 l\u2019arri\u00e8re<\/li>\n<li>Un moteur puissant pour affronter des pentes jusqu\u2019\u00e0 28 %<\/li>\n<li>Une autonomie longue dur\u00e9e<\/li>\n<\/ul>\n<p>Habituellement \u00e0 799,99 euros, la trottinette \u00e9lectrique Navee ST3 Pro s\u2019affiche pendant les French Days <a href=\"https:\/\/shop.frandroid.com\/galgdl9n\" target=\"_blank\" rel=\"noreferrer noopener affiliate nofollow\" data-gtm=\"{&quot;event&quot;:&quot;afficlic&quot;,&quot;nom_marchand&quot;:&quot;darty&quot;,&quot;nom_produit&quot;:&quot;inconnu&quot;,&quot;categorie_produit&quot;:&quot;inconnu&quot;,&quot;module_produit&quot;:&quot;editolink&quot;,&quot;position_marchand&quot;:0,&quot;texte&quot;:&quot;en-promotion-a-599-euros-sur-le-site-darty&quot;,&quot;offer_url&quot;:&quot;https:\/\/shop.frandroid.com\/galgdl9n&quot;,&quot;zone&quot;:&quot;contenu-page&quot;}\">en promotion \u00e0 599 euros sur le site Darty<\/a> et celui de <a href=\"https:\/\/shop.frandroid.com\/6t8ovk5k\" target=\"_blank\" rel=\"noreferrer noopener affiliate nofollow\" data-gtm=\"{&quot;event&quot;:&quot;afficlic&quot;,&quot;nom_marchand&quot;:&quot;fnac&quot;,&quot;nom_produit&quot;:&quot;inconnu&quot;,&quot;categorie_produit&quot;:&quot;inconnu&quot;,&quot;module_produit&quot;:&quot;editolink&quot;,&quot;position_marchand&quot;:0,&quot;texte&quot;:&quot;la-fnac&quot;,&quot;offer_url&quot;:&quot;https:\/\/shop.frandroid.com\/6t8ovk5k&quot;,&quot;zone&quot;:&quot;contenu-page&quot;}\">la Fnac<\/a>. <\/p>\n<p>MSI Crosshair 16 HX AI <\/p>\n<p>\u00c9quip\u00e9 d\u2019<a href=\"https:\/\/www.frandroid.com\/marques\/nvidia\/2517939_test-de-la-nvidia-geforce-rtx-5070-le-milieu-de-gamme-sacrifie-de-nvidia\" target=\"_blank\" rel=\"noopener\">une RTX 5070<\/a> et d\u2019un bel \u00e9cran ultra fluide, ce laptop MSI offre des prestations solides pour combler les joueurs les plus exigeants. Et, aujourd\u2019hui, les int\u00e9ress\u00e9s de cette configuration \u00e9conomiseront 600 euros gr\u00e2ce aux French Days. <\/p>\n<p><a href=\"https:\/\/images.frandroid.com\/wp-content\/uploads\/2025\/09\/msi-crosshair-16-hx-ai-french-days-2025.jpg\" target=\"_blank\" class=\"article-content__figure\" rel=\"noopener\"><img loading=\"lazy\" decoding=\"async\" width=\"1200\" height=\"675\" src=\"https:\/\/www.europesays.com\/fr\/wp-content\/uploads\/2025\/09\/msi-crosshair-16-hx-ai-french-days-2025-1200x675.jpg\" alt=\"\" class=\"wp-image-2806617 wp-image\"  \/><\/a><\/p>\n<p>Ce qu\u2019il faut retenir du MSI Crosshair 16 HX<\/p>\n<ul class=\"wp-block-list\">\n<li>Un \u00e9cran 16\u2033 QHD+ avec un taux de rafraichissement de 240 Hz<\/li>\n<li>Un trio CPU Intel Core Ultra 7 255HX, 16 Go de RAM,  coupl\u00e9s \u00e0 un GPU RTX 5070 <\/li>\n<li>Un clavier RGB 24 zones, touches Copilot, audio Hi-Res Nahimic<\/li>\n<\/ul>\n<p>Vendu au d\u00e9part \u00e0 1 999,99 euros, le MSI Crosshair 16 HX est aujourd\u2019hui disponible en promotion \u00e0 1 499,99 euros sur Darty, mais avec le code <strong>FDAYS100,<\/strong> il <a href=\"https:\/\/shop.frandroid.com\/mz0gcntm\" target=\"_blank\" rel=\"noreferrer noopener affiliate nofollow\" data-gtm=\"{&quot;event&quot;:&quot;afficlic&quot;,&quot;nom_marchand&quot;:&quot;darty&quot;,&quot;nom_produit&quot;:&quot;inconnu&quot;,&quot;categorie_produit&quot;:&quot;inconnu&quot;,&quot;module_produit&quot;:&quot;editolink&quot;,&quot;position_marchand&quot;:0,&quot;texte&quot;:&quot;revient-a-1-399-99-euros&quot;,&quot;offer_url&quot;:&quot;https:\/\/shop.frandroid.com\/mz0gcntm&quot;,&quot;zone&quot;:&quot;contenu-page&quot;}\">revient \u00e0 1 399,99 euros<\/a>.<\/p>\n<p>French Days 2025 : ne ratez aucun bon plan avec Frandroid <\/p>\n<p>Les <a href=\"https:\/\/www.frandroid.com\/bons-plans\/2805055_french-days-2025-meilleures-offres-en-direct-sur-amazon-fnac-darty-boulanger-etc\" target=\"_blank\" rel=\"noreferrer noopener\">French Days<\/a> reviennent en 2025 pour une deuxi\u00e8me \u00e9dition jusqu\u2019au 30 septembre prochain. Afin d\u2019y voir plus clair sur les diff\u00e9rentes offres Tech que nous recommandons chaudement lors de cette p\u00e9riode, voici quelques s\u00e9lections de produits :<\/p>\n<p>Et, pour ne rien louper des bons plans que nous partageons, voici quelques tips et liens utiles :<\/p>\n<ul class=\"wp-block-list\">\n<li>Suivez notre compte X\u00a0<a href=\"https:\/\/twitter.com\/FrandroidPromos\" target=\"_blank\" rel=\"noreferrer noopener\">@FrandroidPromos<\/a> uniquement d\u00e9di\u00e9 aux bons plans (pensez \u00e0 activer la cloche pour recevoir les notifications en temps r\u00e9el)<\/li>\n<li><a href=\"https:\/\/whatsapp.com\/channel\/0029VabYxm5LI8YhSlD8xc05\" target=\"_blank\" rel=\"noreferrer noopener\">Rejoignez notre canal WhatsApp<\/a> pour recevoir une fois par jour un condens\u00e9 des meilleures offres<\/li>\n<li>T\u00e9l\u00e9chargez notre <a href=\"https:\/\/www.frandroid.com\/telecharger\/apps\/frandroid\" target=\"_blank\" rel=\"noreferrer noopener\">application Frandroid<\/a> (disponible sur iOS et Android) pour activer les notifications de la cat\u00e9gorie \u00ab Bons Plans \u00bb et ainsi recevoir en temps r\u00e9el les nouveaux articles li\u00e9s aux French Days<\/li>\n<li>Abonnez-vous \u00e0 notre newsletter pour \u00eatre s\u00fbr de recevoir les offres en avant-premi\u00e8re (pas plus d\u2019un mail par jour, d\u00e9sinscription en 1 clic, aucune diffusion \u00e0 des tiers) :<\/li>\n<\/ul>\n<p class=\"newsletter-form__title is-size-6 is-size-7-mobile is-uppercase has-text-good-deals has-text-weight-semibold mb-4 px-5\">Frandroid Bons plans<\/p>\n<p class=\"has-text-centered-tablet newsletter-form__subtitle is-size-4 has-text-weight-bold has-text-primary column is-9-tablet is-10-mobile\">\n                C\u2019est enregistr\u00e9 ! Surveillez votre bo\u00eete aux lettres, vous allez entendre parler de nous\u00a0!\n            <\/p>\n<p class=\"newsletter-form__subtitle is-size-4 has-text-weight-bold has-text-gradient-pink\">Ne manquez aucun bon plan avec notre newsletter<\/p>\n<p class=\"is-size-7\">\n                Les donn\u00e9es transmises par le biais de ce formulaire sont destin\u00e9es \u00e0 Humanoid,<br \/>\n                soci\u00e9t\u00e9 \u00e9ditrice du site Frandroid en sa qualit\u00e9 de responsable de traitement.<br \/>\n                Elles ne seront en aucun cas c\u00e9d\u00e9es \u00e0 des tiers. Ces donn\u00e9es sont trait\u00e9es sous r\u00e9serve d\u2019obtention de<br \/>\n                votre consentement pour vous envoyer par e-mail des actualit\u00e9s et informations relatives aux contenus<br \/>\n                \u00e9ditoriaux publi\u00e9s sur Frandroid. Vous pouvez vous opposer \u00e0 tout moment \u00e0 ces e-mails<br \/>\n                en cliquant sur les liens de d\u00e9sinscriptions pr\u00e9sents dans chacun d\u2019eux. Pour plus d\u2019informations, vous<br \/>\n                pouvez consulter l\u2019int\u00e9gralit\u00e9 de notre <a href=\"https:\/\/www.frandroid.com\/politique-donnees-personnelles\" target=\"_blank\" rel=\"noopener\"><br \/>\n                politique de traitement de vos donn\u00e9es personnelles<\/a>.<br \/>\n                Vous disposez d\u2019un droit d\u2019acc\u00e8s, de rectification, d\u2019effacement, de limitation, de portabilit\u00e9 et<br \/>\n                d\u2019opposition pour motif l\u00e9gitime aux donn\u00e9es personnelles vous concernant. Pour exercer l\u2019un de ces droits,<br \/>\n                merci d\u2019effectuer votre demande via notre <a href=\"https:\/\/www.frandroid.com\/contact\/#RGPD\" target=\"_blank\" rel=\"noopener\">formulaire<br \/>\n                de demandes d\u2019exercices de droits d\u00e9di\u00e9<\/a>.\n            <\/p>\n<p>            <script async src=\"https:\/\/platform.twitter.com\/widgets.js\" charset=\"utf-8\"><\/script><\/p>\n","protected":false},"excerpt":{"rendered":"La Fnac et Darty participent \u00e0 cette 2e \u00e9dition des French Days 2025. Pour le lancement des festivit\u00e9s,&hellip;\n","protected":false},"author":2,"featured_media":414334,"comment_status":"","ping_status":"","sticky":false,"template":"","format":"standard","meta":{"footnotes":""},"categories":[7],"tags":[943,944,1011,27,16300,43,40,41,39,42,44],"class_list":{"0":"post-414333","1":"post","2":"type-post","3":"status-publish","4":"format-standard","5":"has-post-thumbnail","7":"category-sciences-et-technologies","8":"tag-bons-plans-darty","9":"tag-bons-plans-fnac","10":"tag-fr","11":"tag-france","12":"tag-french-days-2025","13":"tag-science","14":"tag-science-and-technology","15":"tag-sciences","16":"tag-sciences-et-technologies","17":"tag-technologies","18":"tag-technology"},"share_on_mastodon":{"url":"https:\/\/pubeurope.com\/@fr\/115260115818474603","error":""},"_links":{"self":[{"href":"https:\/\/www.europesays.com\/fr\/wp-json\/wp\/v2\/posts\/414333","targetHints":{"allow":["GET"]}}],"collection":[{"href":"https:\/\/www.europesays.com\/fr\/wp-json\/wp\/v2\/posts"}],"about":[{"href":"https:\/\/www.europesays.com\/fr\/wp-json\/wp\/v2\/types\/post"}],"author":[{"embeddable":true,"href":"https:\/\/www.europesays.com\/fr\/wp-json\/wp\/v2\/users\/2"}],"replies":[{"embeddable":true,"href":"https:\/\/www.europesays.com\/fr\/wp-json\/wp\/v2\/comments?post=414333"}],"version-history":[{"count":0,"href":"https:\/\/www.europesays.com\/fr\/wp-json\/wp\/v2\/posts\/414333\/revisions"}],"wp:featuredmedia":[{"embeddable":true,"href":"https:\/\/www.europesays.com\/fr\/wp-json\/wp\/v2\/media\/414334"}],"wp:attachment":[{"href":"https:\/\/www.europesays.com\/fr\/wp-json\/wp\/v2\/media?parent=414333"}],"wp:term":[{"taxonomy":"category","embeddable":true,"href":"https:\/\/www.europesays.com\/fr\/wp-json\/wp\/v2\/categories?post=414333"},{"taxonomy":"post_tag","embeddable":true,"href":"https:\/\/www.europesays.com\/fr\/wp-json\/wp\/v2\/tags?post=414333"}],"curies":[{"name":"wp","href":"https:\/\/api.w.org\/{rel}","templated":true}]}}