{"id":414343,"date":"2025-09-24T16:08:14","date_gmt":"2025-09-24T16:08:14","guid":{"rendered":"https:\/\/www.europesays.com\/fr\/414343\/"},"modified":"2025-09-24T16:08:14","modified_gmt":"2025-09-24T16:08:14","slug":"le-saut-dans-linconnu-de-gael-perdriau","status":"publish","type":"post","link":"https:\/\/www.europesays.com\/fr\/414343\/","title":{"rendered":"le saut dans l\u2019inconnu de Ga\u00ebl Perdriau"},"content":{"rendered":"<p>Justice et politique. Depuis lundi, deux mondes se rencontrent au tribunal de Lyon pour le proc\u00e8s du chantage \u00e0 la mairie de Saint-Etienne.<\/p>\n<p>Mercredi matin, un homme est debout dans cette salle, dont les murs recouverts de bois et le fond de la salle est de couleur verte. Devant ce mur, une femme assise.<\/p>\n<p>Cet homme, c\u2019est <a href=\"https:\/\/www.leprogres.fr\/p\/gael-perdriau\" target=\"_blank\" rel=\"noopener\">Ga\u00ebl Perdriau<\/a>, maire de Saint-Etienne et pr\u00e9sident de Saint-Etienne M\u00e9tropole depuis 2014. Cette femme, c\u2019est Brigitte Vernay, la pr\u00e9sidente du tribunal.<\/p>\n<p>Une terre nouvelle, une terre inconnue<\/p>\n<p>Madame la pr\u00e9sidente est ici chez elle. Elle conna\u00eet les murs en bois et le mur vert. Monsieur le maire les d\u00e9couvre depuis lundi avec l\u2019ouverture du proc\u00e8s. Et c\u2019est en tant que pr\u00e9venu qu\u2019il se retrouve en ce lieu, risquant dix ans d\u2019emprisonnement.<\/p>\n<p>Lui, cet habitu\u00e9 des joutes politiques, \u00e0 la repartie facile, qui sait si bien renvoyer \u00e0 leurs ch\u00e8res \u00e9tudes ses opposants parfois avec autorit\u00e9, d\u00e9couvre une terre nouvelle, une terre&#8230;<\/p>\n","protected":false},"excerpt":{"rendered":"Justice et politique. Depuis lundi, deux mondes se rencontrent au tribunal de Lyon pour le proc\u00e8s du chantage&hellip;\n","protected":false},"author":2,"featured_media":414344,"comment_status":"","ping_status":"","sticky":false,"template":"","format":"standard","meta":{"footnotes":""},"categories":[9653],"tags":[1111,11,2430,271,272,7539,1777,674,274,1011,27,3367,12,316,25,4001,7538],"class_list":{"0":"post-414343","1":"post","2":"type-post","3":"status-publish","4":"format-standard","5":"has-post-thumbnail","7":"category-saint-etienne","8":"tag-actu","9":"tag-actualites","10":"tag-auvergne-rhone-alpes","11":"tag-crime","12":"tag-delit-et-contravention","13":"tag-edition-loire-sud","14":"tag-eu","15":"tag-europe","16":"tag-faits-divers-justice","17":"tag-fr","18":"tag-france","19":"tag-loire","20":"tag-news","21":"tag-politique","22":"tag-republique-francaise","23":"tag-saint-etienne","24":"tag-saint-etienne-ville"},"share_on_mastodon":{"url":"https:\/\/pubeurope.com\/@fr\/115260142621618228","error":""},"_links":{"self":[{"href":"https:\/\/www.europesays.com\/fr\/wp-json\/wp\/v2\/posts\/414343","targetHints":{"allow":["GET"]}}],"collection":[{"href":"https:\/\/www.europesays.com\/fr\/wp-json\/wp\/v2\/posts"}],"about":[{"href":"https:\/\/www.europesays.com\/fr\/wp-json\/wp\/v2\/types\/post"}],"author":[{"embeddable":true,"href":"https:\/\/www.europesays.com\/fr\/wp-json\/wp\/v2\/users\/2"}],"replies":[{"embeddable":true,"href":"https:\/\/www.europesays.com\/fr\/wp-json\/wp\/v2\/comments?post=414343"}],"version-history":[{"count":0,"href":"https:\/\/www.europesays.com\/fr\/wp-json\/wp\/v2\/posts\/414343\/revisions"}],"wp:featuredmedia":[{"embeddable":true,"href":"https:\/\/www.europesays.com\/fr\/wp-json\/wp\/v2\/media\/414344"}],"wp:attachment":[{"href":"https:\/\/www.europesays.com\/fr\/wp-json\/wp\/v2\/media?parent=414343"}],"wp:term":[{"taxonomy":"category","embeddable":true,"href":"https:\/\/www.europesays.com\/fr\/wp-json\/wp\/v2\/categories?post=414343"},{"taxonomy":"post_tag","embeddable":true,"href":"https:\/\/www.europesays.com\/fr\/wp-json\/wp\/v2\/tags?post=414343"}],"curies":[{"name":"wp","href":"https:\/\/api.w.org\/{rel}","templated":true}]}}