{"id":414351,"date":"2025-09-24T16:12:12","date_gmt":"2025-09-24T16:12:12","guid":{"rendered":"https:\/\/www.europesays.com\/fr\/414351\/"},"modified":"2025-09-24T16:12:12","modified_gmt":"2025-09-24T16:12:12","slug":"le-nouveau-ngv-de-la-sncm-attendu-a-toulon","status":"publish","type":"post","link":"https:\/\/www.europesays.com\/fr\/414351\/","title":{"rendered":"Le nouveau NGV de la SNCM attendu \u00e0 Toulon"},"content":{"rendered":"<p>C&rsquo;est jeudi que le navire \u00e0 grande vitesse Aeolos Kenteris I devrait arriver \u00e0 Toulon. Exploit\u00e9 jusqu&rsquo;ici par NEL Lines dans les \u00eeles grecques, le NGV a quitt\u00e9 Ath\u00e8nes \u00e0 destination du port varois. La SNCM compte apparemment l&rsquo;affr\u00e9ter pour remplacer l&rsquo;ex-Liamone (aujourd&rsquo;hui King Tamatoa), parti pour la Polyn\u00e9sie. Comme son pr\u00e9d\u00e9cesseur, l&rsquo;Aeolos Kenteris I, qui sera rebaptis\u00e9 Liamone II, a \u00e9t\u00e9 construit \u00e0 Lorient par Alstom Leroux Naval (aujourd&rsquo;hui STX France) et livr\u00e9 en 2000. Il est en revanche plus petit et moins rapide (donc moins gourmand en carburant) que le premier Liamone. Capable de filer 29 noeuds, l&rsquo;Aeolos Kenteris I mesure 112 m\u00e8tres de long pour 15.7 m\u00e8tres de large. Il peut transporter 1000 passagers et 210 voitures. La SNCM devrait l&rsquo;exploiter pour la saison estivale entre Nice et la Corse. D&rsquo;ici l\u00e0, un passage au bassin devrait \u00eatre n\u00e9cessaire pour mettre le bateaux aux couleurs de la compagnie fran\u00e7aise. A l&rsquo;instar des deux arr\u00eats techniques r\u00e9alis\u00e9s l&rsquo;an dernier sur le Liamone I, il ne serait pas \u00e9tonnant que ce chantier soit men\u00e9 par le site DCNS de Toulon.   <\/p>\n","protected":false},"excerpt":{"rendered":"C&rsquo;est jeudi que le navire \u00e0 grande vitesse Aeolos Kenteris I devrait arriver \u00e0 Toulon. Exploit\u00e9 jusqu&rsquo;ici par&hellip;\n","protected":false},"author":2,"featured_media":414352,"comment_status":"","ping_status":"","sticky":false,"template":"","format":"standard","meta":{"footnotes":""},"categories":[9619],"tags":[1111,11,6130,6141,6131,6138,2380,6135,554,1777,6136,674,1011,27,6139,6134,3135,6128,567,6129,6127,12,6132,4838,882,6133,25,6140,6137,2310],"class_list":{"0":"post-414351","1":"post","2":"type-post","3":"status-publish","4":"format-standard","5":"has-post-thumbnail","7":"category-toulon","8":"tag-actu","9":"tag-actualites","10":"tag-chantiers","11":"tag-commando","12":"tag-construction-navale","13":"tag-costa","14":"tag-croisiere","15":"tag-dcns","16":"tag-defense","17":"tag-eu","18":"tag-euronaval","19":"tag-europe","20":"tag-fr","21":"tag-france","22":"tag-fremm","23":"tag-interviews","24":"tag-littoral","25":"tag-marine","26":"tag-marine-nationale","27":"tag-maritime","28":"tag-mer","29":"tag-news","30":"tag-offshore","31":"tag-peche","32":"tag-provence-alpes-cote-dazur","33":"tag-reportages","34":"tag-republique-francaise","35":"tag-sncm","36":"tag-stx","37":"tag-toulon"},"share_on_mastodon":{"url":"https:\/\/pubeurope.com\/@fr\/115260158364343573","error":""},"_links":{"self":[{"href":"https:\/\/www.europesays.com\/fr\/wp-json\/wp\/v2\/posts\/414351","targetHints":{"allow":["GET"]}}],"collection":[{"href":"https:\/\/www.europesays.com\/fr\/wp-json\/wp\/v2\/posts"}],"about":[{"href":"https:\/\/www.europesays.com\/fr\/wp-json\/wp\/v2\/types\/post"}],"author":[{"embeddable":true,"href":"https:\/\/www.europesays.com\/fr\/wp-json\/wp\/v2\/users\/2"}],"replies":[{"embeddable":true,"href":"https:\/\/www.europesays.com\/fr\/wp-json\/wp\/v2\/comments?post=414351"}],"version-history":[{"count":0,"href":"https:\/\/www.europesays.com\/fr\/wp-json\/wp\/v2\/posts\/414351\/revisions"}],"wp:featuredmedia":[{"embeddable":true,"href":"https:\/\/www.europesays.com\/fr\/wp-json\/wp\/v2\/media\/414352"}],"wp:attachment":[{"href":"https:\/\/www.europesays.com\/fr\/wp-json\/wp\/v2\/media?parent=414351"}],"wp:term":[{"taxonomy":"category","embeddable":true,"href":"https:\/\/www.europesays.com\/fr\/wp-json\/wp\/v2\/categories?post=414351"},{"taxonomy":"post_tag","embeddable":true,"href":"https:\/\/www.europesays.com\/fr\/wp-json\/wp\/v2\/tags?post=414351"}],"curies":[{"name":"wp","href":"https:\/\/api.w.org\/{rel}","templated":true}]}}