{"id":41436,"date":"2025-04-21T12:01:06","date_gmt":"2025-04-21T12:01:06","guid":{"rendered":"https:\/\/www.europesays.com\/fr\/41436\/"},"modified":"2025-04-21T12:01:06","modified_gmt":"2025-04-21T12:01:06","slug":"ligue-2-de-la-colere-et-de-lagacement-depasse-le-gf38-na-rien-pu-faire-a-dunkerque","status":"publish","type":"post","link":"https:\/\/www.europesays.com\/fr\/41436\/","title":{"rendered":"Ligue 2. \u00ab De la col\u00e8re et de l\u2019agacement \u00bb : d\u00e9pass\u00e9, le GF38 n\u2019a rien pu faire \u00e0 Dunkerque"},"content":{"rendered":"<p>Les bonnes intentions ne suffisent pas toujours. Malgr\u00e9 une volont\u00e9 de ne pas trop subir les \u00e9v\u00e9nements et une organisation tactique int\u00e9ressante, le GF38 n\u2019a quasiment pas exist\u00e9 \u00e0 Dunkerque et est logiquement tomb\u00e9 face \u00e0 un candidat aux barrages. Les Grenoblois en tout cas r\u00e9p\u00e8tent \u00e0 l\u2019envi qu\u2019ils ne sont pas encore en vacances et leur performance de la premi\u00e8re mi-temps sous le soleil du Nord l\u2019a prouv\u00e9. Ils n\u2019ont toutefois pas tenu la distance.<\/p>\n<p>L\u2019entra\u00eeneur Franck Rizzetto a lui aussi des ambitions, \u00e0 savoir terminer du mieux possible cette saison et tenter de prolonger quelque peu son bail au pied des Alpes pour la prochaine. Afin de ne pas subir les \u00e9v\u00e9nements d\u2019une fin de championnat o\u00f9 son \u00e9quipe n\u2019a plus rien \u00e0 jouer, le technicien a du reste tent\u00e9 un coup tactique en substituant un milieu de terrain par un attaquant suppl\u00e9mentaire, le tout organis\u00e9 dans un sch\u00e9ma en 5-2-3.<\/p>\n<p><strong><a href=\"https:\/\/www.ledauphine.com\/sport\/classement\/football\/national-ligue-2\" target=\"_blank\" rel=\"noopener\">&gt;&gt;&gt; Le classement de Ligue 2<\/a><\/strong><\/p>\n<p>  Comme un aveu d\u2019impuissance\u2026<\/p>\n<p>Pour autant, les Grenoblois ont opt\u00e9 pour un bloc bas afin de mieux trouver de la profondeur avec des joueurs rapides devant dans les phases de transition. L\u2019id\u00e9e \u00e9tait bonne au tableau noir mais \u00e0 force d\u2019\u00eatre toujours un peu \u00e0 la limite dans leurs appels, les attaquants ont trop souvent \u00e9t\u00e9 pris dans le pi\u00e8ge du hors-jeu. Le GF a m\u00eame marqu\u00e9 un but dans cette phase de jeu par Diaby mais il fut logiquement refus\u00e9 pour une position illicite au pr\u00e9alable (17e). Les Nordistes \u00e9taient moins timides mais ils ont trouv\u00e9 en face d\u2019eux un Diop vigilant en premi\u00e8re p\u00e9riode. Le gardien is\u00e9rois est ainsi intervenu sur deux tentatives sign\u00e9es Courtet (18e et 35e) permettant \u00e0 son \u00e9quipe de rejoindre les vestiaires \u00e0 la pause sur un score nul et vierge.<\/p>\n<p>Le plan grenoblois aurait pu fonctionner mais l\u2019USLD poss\u00e8de dans ses rangs un certain Ga\u00ebtan Courtet qui n\u2019a rien perdu de ses qualit\u00e9s de buteur malgr\u00e9 ses 36 ans. Le type de joueur qui manque cruellement au GF. Sur un centre de Bardeli, l\u2019attaquant venait intelligemment couper la trajectoire du ballon pour tromper Diop (1-0, 50e). Pas besoin de d\u2019un sprint de cinquante m\u00e8tres, juste un bon positionnement dans la surface.<\/p>\n<p>D\u00e8s lors, le GF \u00e9tait oblig\u00e9 de prendre plus de risques pour tenter de ramener au moins un point du Nord dans la soute de l\u2019avion du retour. Franck Rizzetto jouait du coaching avec les entr\u00e9es simultan\u00e9es d\u2019Elphege et de Zahui, une autre mobylette (74e). Une fois encore, c\u2019\u00e9tait trop difficile d\u2019exister offensivement et Grenoble \u00e9tait pi\u00e9g\u00e9 sur un contre supersonique conclu par Alsaad (2-0, 89e). Les Is\u00e9rois devaient s\u2019incliner au final. Sans avoir montr\u00e9 grand-chose\u2026\u00a0\u00a0\u00a0\u00a0\u00a0\u00a0<\/p>\n<p class=\"insetTitle\">R\u00e9action<\/p>\n<p><strong>Franck Rizzetto (entra\u00eeneur de Grenoble)<\/strong> : \u00ab\u00a0On a r\u00e9alis\u00e9 une premi\u00e8re p\u00e9riode plut\u00f4t int\u00e9ressante o\u00f9 on a \u00e9t\u00e9 disciplin\u00e9. Mais on a encore une fois manqu\u00e9 notre d\u00e9but de mi-temps. Cela arrive trop souvent. D\u2019habitude, c\u2019est la premi\u00e8re, l\u00e0, c\u2019\u00e9tait la deuxi\u00e8me. A ce moment-l\u00e0 du match, c\u2019est un manque de concentration ce n\u2019est pas de la fatigue. Donc il y a de la col\u00e8re et de l\u2019agacement. Apr\u00e8s, une fois qu\u2019on a \u00e9t\u00e9 men\u00e9, c\u2019est devenu tr\u00e8s compliqu\u00e9. Je nous trouve impuissant offensivement. Et on a \u00e9t\u00e9 trop souvent signal\u00e9 en position de hors-jeu. J\u2019avais choisi de d\u00e9marrer avec trois attaquants pour d\u00e9stabiliser l\u2019adversaire. Il faut reconnaitre que l\u2019on a des manques offensifs. On n\u2019a pas r\u00e9ussi nos encha\u00eenements, on n\u2019a pas assez pes\u00e9. On fait du sur place sur le plan comptable.\u00a0\u00bb\u00a0\u00a0\u00a0\u00a0\u00a0\u00a0\u00a0<\/p>\n","protected":false},"excerpt":{"rendered":"Les bonnes intentions ne suffisent pas toujours. Malgr\u00e9 une volont\u00e9 de ne pas trop subir les \u00e9v\u00e9nements et&hellip;\n","protected":false},"author":2,"featured_media":41437,"comment_status":"","ping_status":"","sticky":false,"template":"","format":"standard","meta":{"footnotes":""},"categories":[9566],"tags":[1111,11,2430,112,113,114,1777,674,107,1701,63,1011,27,12637,2731,2732,108,12636,1985,12,25,517,1947],"class_list":{"0":"post-41436","1":"post","2":"type-post","3":"status-publish","4":"format-standard","5":"has-post-thumbnail","7":"category-grenoble","8":"tag-actu","9":"tag-actualites","10":"tag-auvergne-rhone-alpes","11":"tag-edition-grenoble-agglomeration","12":"tag-edition-gresivaudan-oisans","13":"tag-edition-voiron-saint-marcellin","14":"tag-eu","15":"tag-europe","16":"tag-fil-info","17":"tag-fil-info-sport","18":"tag-football","19":"tag-fr","20":"tag-france","21":"tag-gf38-grenoble-foot-38","22":"tag-grenoble","23":"tag-grenoble-bassin","24":"tag-isere","25":"tag-ligue-2-football","26":"tag-metropole-de-grenoble","27":"tag-news","28":"tag-republique-francaise","29":"tag-sport","30":"tag-sport-national"},"share_on_mastodon":{"url":"https:\/\/pubeurope.com\/@fr\/114375850905598648","error":""},"_links":{"self":[{"href":"https:\/\/www.europesays.com\/fr\/wp-json\/wp\/v2\/posts\/41436","targetHints":{"allow":["GET"]}}],"collection":[{"href":"https:\/\/www.europesays.com\/fr\/wp-json\/wp\/v2\/posts"}],"about":[{"href":"https:\/\/www.europesays.com\/fr\/wp-json\/wp\/v2\/types\/post"}],"author":[{"embeddable":true,"href":"https:\/\/www.europesays.com\/fr\/wp-json\/wp\/v2\/users\/2"}],"replies":[{"embeddable":true,"href":"https:\/\/www.europesays.com\/fr\/wp-json\/wp\/v2\/comments?post=41436"}],"version-history":[{"count":0,"href":"https:\/\/www.europesays.com\/fr\/wp-json\/wp\/v2\/posts\/41436\/revisions"}],"wp:featuredmedia":[{"embeddable":true,"href":"https:\/\/www.europesays.com\/fr\/wp-json\/wp\/v2\/media\/41437"}],"wp:attachment":[{"href":"https:\/\/www.europesays.com\/fr\/wp-json\/wp\/v2\/media?parent=41436"}],"wp:term":[{"taxonomy":"category","embeddable":true,"href":"https:\/\/www.europesays.com\/fr\/wp-json\/wp\/v2\/categories?post=41436"},{"taxonomy":"post_tag","embeddable":true,"href":"https:\/\/www.europesays.com\/fr\/wp-json\/wp\/v2\/tags?post=41436"}],"curies":[{"name":"wp","href":"https:\/\/api.w.org\/{rel}","templated":true}]}}