{"id":414375,"date":"2025-09-24T16:24:13","date_gmt":"2025-09-24T16:24:13","guid":{"rendered":"https:\/\/www.europesays.com\/fr\/414375\/"},"modified":"2025-09-24T16:24:13","modified_gmt":"2025-09-24T16:24:13","slug":"a-nice-polemique-et-interrogations-apres-la-decouverte-de-plus-de-120-000-euros-en-liquide-dans-une-mosquee","status":"publish","type":"post","link":"https:\/\/www.europesays.com\/fr\/414375\/","title":{"rendered":"\u00c0 Nice, pol\u00e9mique et interrogations apr\u00e8s la d\u00e9couverte de plus de 120.000 euros en liquide dans une mosqu\u00e9e"},"content":{"rendered":"<p>Des \u00abanomalies comptables\u00bb de l\u2019imam de la mosqu\u00e9e En-nour \u00e0 l\u2019ouest de Nice sont suspect\u00e9es par le pr\u00e9sident de l\u2019institut, qui \u00e9tait aussi l\u2019ex-tr\u00e9sorier.<\/p>\n<p class=\"fig-paragraph\">Plus de 120.000 euros en esp\u00e8ces \u00e9taient conserv\u00e9s dans\u00a0<a href=\"https:\/\/www.lefigaro.fr\/actualite-france\/2016\/04\/25\/01016-20160425ARTFIG00284--nice-la-mosquee-de-la-discorde.php\" data-fig-type=\"Article\" data-gtm-custom-categorie=\"navigation\" data-gtm-custom-action=\"crossclick\" data-gtm-custom-label=\"Contextuel\" data-gtm-event=\"customEventSPE\" data-fig-domain=\"LEFIGARO\" target=\"_blank\" rel=\"noopener\">la grande mosqu\u00e9e En-nour<\/a>\u00a0\u00e0 l\u2019ouest de Nice (Alpes-Maritimes) depuis plusieurs ann\u00e9es, comme l\u2019a r\u00e9v\u00e9l\u00e9 le quotidien r\u00e9gional Nice-Matin, ce qui suscite diverses tensions et interrogations entre les fid\u00e8les locaux et responsables du culte. Le pr\u00e9sident de l\u2019association de cette mosqu\u00e9e, Adil Echaoui, par ailleurs ancien tr\u00e9sorier, suspecte des \u00abanomalies comptables\u00bb de la part de son imam salari\u00e9, Mahmoud Benzamia, qui s\u2019inscrit pour sa part en faux. Il n\u2019emp\u00eache, la conservation d\u2019autant de billets au sein d\u2019un lieu de culte pose question car cette somme ne peut \u00eatre le simple fruit de traditionnelles qu\u00eates.<\/p>\n<p class=\"fig-paragraph\">\u00abCela correspond \u00e0 plusieurs ann\u00e9es de dons, qui \u00e9taient conserv\u00e9s dans un coffre-fort de l\u2019association\u00bb, explique Me Ouassini Mebarek au Figaro, avocat du recteur Mahmoud Benzamia et \u00e9galement membre du conseil d\u2019administration de l\u2019institut En-nour. \u00abJe ne vois pas comment les deniers du culte peuvent constituer une \u00e9ventuelle infraction\u00bb, poursuit-il. Le conseil reconna\u00eet n\u00e9anmoins \u00abun tort\u00bb d\u2019avoir gard\u00e9 autant d\u2019argent au sein m\u00eame de la mosqu\u00e9e et assure que les liasses ont depuis \u00e9t\u00e9 d\u00e9pos\u00e9es \u00e0 la banque. \u00abEn aucun cas cela ne provient de fonds \u00e9trangers, cela correspond uniquement aux dons des fid\u00e8les locaux\u00bb, assure encore Me Mebarek.<\/p>\n<p>                                    <a class=\"fig-a11y-skip a11y-hidden\" href=\"#fig-a11y-skip-main-inarticle\"><br \/>\n        Passer la publicit\u00e9<br \/>\n    <\/a><\/p>\n<p class=\"fig-paragraph\">Des rencontres avec deux interm\u00e9diaires de l\u2019autorit\u00e9 du\u00a0<a href=\"http:\/\/www.lefigaro.fr\/actualite-france\/comment-bruno-retailleau-entend-reinventer-la-relation-entre-l-etat-et-le-culte-musulman-20250218\" data-fig-type=\"Article\" data-gtm-custom-categorie=\"navigation\" data-gtm-custom-action=\"crossclick\" data-gtm-custom-label=\"Contextuel\" data-gtm-event=\"customEventSPE\" data-fig-domain=\"LEFIGARO\" target=\"_blank\" rel=\"noopener\">culte musulman<\/a>\u00a0devaient \u00eatre organis\u00e9s afin de r\u00e9gler le probl\u00e8me et essayer d\u2019apaiser les tensions naissantes entre le pr\u00e9sident de l\u2019association et son imam. Adil Echaoui se dit pr\u00eat \u00e0 discuter avec l\u2019imam \u00abafin d\u2019apporter toutes les preuves n\u00e9cessaires \u00e0 ses accusations\u00bb. En vain. \u00abAucune solution n\u2019a pu \u00eatre trouv\u00e9e\u00bb, indique l\u2019institut En-nour dans un communiqu\u00e9 publi\u00e9 ce mercredi 24 septembre.<\/p>\n<p>\u00abFaits graves\u00bb<\/p>\n<p class=\"fig-paragraph\">Il manquerait, selon le pr\u00e9sident, des \u00abcentaines de milliers d\u2019euros\u00bb, comme il l\u2019a martel\u00e9 dans Nice-Matin. L\u2019imam aurait refus\u00e9 cette m\u00e9diation, explique-t-il encore dans son communiqu\u00e9, \u00abce qui constitue un nouveau refus d\u2019assumer ses responsabilit\u00e9s et de faire toute la lumi\u00e8re sur les faits graves concernant la gestion de notre mosqu\u00e9e ainsi que sur les anomalies comptables relev\u00e9es\u00bb. \u00abFaux\u00bb, r\u00e9torque encore Me Mebarek et qui jure m\u00eame avoir \u00e9t\u00e9 \u00e0 l\u2019initiative de ces \u00e9changes.<\/p>\n<p class=\"fig-paragraph\">Plusieurs pol\u00e9miques ont d\u00e9j\u00e0 concern\u00e9 cette grande mosqu\u00e9e construite en 2016 dans la technopole de la plaine du Var, apr\u00e8s\u00a0<a href=\"https:\/\/www.lefigaro.fr\/flash-actu\/2016\/07\/01\/97001-20160701FILWWW00190-nice-le-prefet-autorise-l-ouverture-d-une-mosquee.php\" data-fig-type=\"NewsFlash\" data-gtm-custom-categorie=\"navigation\" data-gtm-custom-action=\"crossclick\" data-gtm-custom-label=\"Contextuel\" data-gtm-event=\"customEventSPE\" data-fig-domain=\"LEFIGARO\" target=\"_blank\" rel=\"noopener\">dix ans de controverses et proc\u00e9dures judiciaires<\/a>\u00a0provoqu\u00e9es par les contestations du maire Christian Estrosi qui soup\u00e7onnait l\u2019Arabie saoudite de financer le projet. Fin mars dernier, les propos tenus par\u00a0<a href=\"http:\/\/www.lefigaro.fr\/nice\/a-nice-les-propos-d-un-imam-qui-denonce-une-ville-haineuse-et-raciste-suscitent-la-polemique-20250331\" data-fig-type=\"NewsFlash\" data-gtm-custom-categorie=\"navigation\" data-gtm-custom-action=\"crossclick\" data-gtm-custom-label=\"Contextuel\" data-gtm-event=\"customEventSPE\" data-fig-domain=\"LEFIGARO\" target=\"_blank\" rel=\"noopener\">l\u2019imam Mahmoud Benzamia<\/a>\u00a0\u00e0 la t\u00e9l\u00e9vision alg\u00e9rienne sur une ville \u00abhaineuse et raciste\u00bb avaient aussi provoqu\u00e9 un toll\u00e9, d\u2019autant plus qu\u2019il se f\u00e9licitait d\u2019\u00eatre \u00e0 la t\u00eate d\u2019un \u00abcentre islamique alg\u00e9rien \u00e0 Nice\u00bb. Le recteur avait expliqu\u00e9 que les propos \u00e9taient \u00absortis de leur contexte\u00bb.<\/p>\n<p class=\"fig-paragraph\">Mais cet \u00e9pisode a d\u00e9j\u00e0 distendu les liens entre les diff\u00e9rents fid\u00e8les locaux, qui s\u2019interrogent donc aujourd\u2019hui sur la d\u00e9couverte de cette somme importante entre les murs de la mosqu\u00e9e et sur d\u2019\u00e9ventuels manquements. Le nombre de musulmans pratiquants est estim\u00e9 \u00e0 pr\u00e8s de 30.000 dans le d\u00e9partement des Alpes-Maritimes, entre ressortissants alg\u00e9riens, tunisiens et marocains.<\/p>\n","protected":false},"excerpt":{"rendered":"Des \u00abanomalies comptables\u00bb de l\u2019imam de la mosqu\u00e9e En-nour \u00e0 l\u2019ouest de Nice sont suspect\u00e9es par le pr\u00e9sident&hellip;\n","protected":false},"author":2,"featured_media":414376,"comment_status":"","ping_status":"","sticky":false,"template":"","format":"standard","meta":{"footnotes":""},"categories":[2819],"tags":[1111,11,1777,674,1011,27,26519,14577,28052,12,2401,882,25],"class_list":{"0":"post-414375","1":"post","2":"type-post","3":"status-publish","4":"format-standard","5":"has-post-thumbnail","7":"category-nice","8":"tag-actu","9":"tag-actualites","10":"tag-eu","11":"tag-europe","12":"tag-fr","13":"tag-france","14":"tag-imam","15":"tag-mosquee","16":"tag-musulman","17":"tag-news","18":"tag-nice","19":"tag-provence-alpes-cote-dazur","20":"tag-republique-francaise"},"share_on_mastodon":{"url":"https:\/\/pubeurope.com\/@fr\/115260205571674366","error":""},"_links":{"self":[{"href":"https:\/\/www.europesays.com\/fr\/wp-json\/wp\/v2\/posts\/414375","targetHints":{"allow":["GET"]}}],"collection":[{"href":"https:\/\/www.europesays.com\/fr\/wp-json\/wp\/v2\/posts"}],"about":[{"href":"https:\/\/www.europesays.com\/fr\/wp-json\/wp\/v2\/types\/post"}],"author":[{"embeddable":true,"href":"https:\/\/www.europesays.com\/fr\/wp-json\/wp\/v2\/users\/2"}],"replies":[{"embeddable":true,"href":"https:\/\/www.europesays.com\/fr\/wp-json\/wp\/v2\/comments?post=414375"}],"version-history":[{"count":0,"href":"https:\/\/www.europesays.com\/fr\/wp-json\/wp\/v2\/posts\/414375\/revisions"}],"wp:featuredmedia":[{"embeddable":true,"href":"https:\/\/www.europesays.com\/fr\/wp-json\/wp\/v2\/media\/414376"}],"wp:attachment":[{"href":"https:\/\/www.europesays.com\/fr\/wp-json\/wp\/v2\/media?parent=414375"}],"wp:term":[{"taxonomy":"category","embeddable":true,"href":"https:\/\/www.europesays.com\/fr\/wp-json\/wp\/v2\/categories?post=414375"},{"taxonomy":"post_tag","embeddable":true,"href":"https:\/\/www.europesays.com\/fr\/wp-json\/wp\/v2\/tags?post=414375"}],"curies":[{"name":"wp","href":"https:\/\/api.w.org\/{rel}","templated":true}]}}