{"id":414377,"date":"2025-09-24T16:25:13","date_gmt":"2025-09-24T16:25:13","guid":{"rendered":"https:\/\/www.europesays.com\/fr\/414377\/"},"modified":"2025-09-24T16:25:13","modified_gmt":"2025-09-24T16:25:13","slug":"un-incendie-se-declare-dans-une-concession-bmw-45-pompiers-mobilises","status":"publish","type":"post","link":"https:\/\/www.europesays.com\/fr\/414377\/","title":{"rendered":"un incendie se d\u00e9clare dans une concession BMW, 45 pompiers mobilis\u00e9s"},"content":{"rendered":"<p>            Par<br \/>\n        <strong><br \/>\n            <a href=\"https:\/\/actu.fr\/auteur\/clemence-pays02-actu-fr\" title=\"Consulter tous les articles de Cl\u00e9mence Pays\" rel=\"nofollow noopener\" target=\"_blank\">Cl\u00e9mence Pays<\/a><br \/>\n        <\/strong><\/p>\n<p>        Publi\u00e9 le<\/p>\n<p>            24 sept. 2025 \u00e0 17h24        <\/p>\n<p>Ce mercredi 24\u00a0septembre 2025, les sapeurs-pompiers de Loire-Atlantique ont \u00e9t\u00e9 mobilis\u00e9s dans une<strong> concession automobile BMW,<\/strong> situ\u00e9e avenue des Lions, \u00e0 <a href=\"https:\/\/actu.fr\/pays-de-la-loire\/saint-herblain_44162\" rel=\"nofollow noopener\" target=\"_blank\">Saint-Herblain<\/a>, pr\u00e8s de Nantes.<\/p>\n<p class=\" wall-content\">\u00c0 14h01, une \u00e9quipe de <strong>45 soldats du feu<\/strong> et 20 v\u00e9hicules ont \u00e9t\u00e9 d\u00e9p\u00each\u00e9s pour \u00e9teindre un<strong> \u00ab\u2009feu de cabine de peinture\u2009\u00bb,<\/strong> dans la concession, \u00ab\u2009provoquant un <strong>fort d\u00e9gagement de fum\u00e9e\u2009\u00bb,<\/strong> pr\u00e9cise le centre op\u00e9rationnel d\u00e9partemental d\u2019incendie et de secours (Codis).<\/p>\n<p>Le feu \u00e9teint<\/p>\n<p class=\" wall-content\">Les sapeurs-pompiers sont parvenus \u00e0 \u00e9teindre les flammes \u00ab\u2009au moyen d\u2019une lance\u2009\u00bb.<br \/>\u00ab\u2009L\u2019action des secours a permis de <strong>pr\u00e9server les nombreux v\u00e9hicules<\/strong> pr\u00e9sents dans la concession\u2009\u00bb, conclut le Codis, qui ne mentionne pas de bless\u00e9s.<\/p>\n<p class=\" wall-content\">Enedis, GRDF et la police \u00e9taient \u00e9galement sur place.<\/p>\n<p class=\" wall-content\">Personnalisez votre actualit\u00e9 en ajoutant vos villes et m\u00e9dias en favori avec <a href=\"https:\/\/moncompte.actu.fr\" title=\"D\u00e9couvez Mon Actu\" rel=\"nofollow noopener\" data-trk=\"{&quot;cta&quot;:{&quot;action&quot;:&quot;https:\\\/\\\/moncompte.actu.fr&quot;,&quot;category&quot;:&quot;mon compte&quot;,&quot;from&quot;:&quot;article footer&quot;,&quot;name&quot;:&quot;Mon actu&quot;,&quot;type&quot;:&quot;cta&quot;}}\" target=\"_blank\">Mon Actu<\/a>.<\/p>\n","protected":false},"excerpt":{"rendered":"Par Cl\u00e9mence Pays Publi\u00e9 le 24 sept. 2025 \u00e0 17h24 Ce mercredi 24\u00a0septembre 2025, les sapeurs-pompiers de Loire-Atlantique&hellip;\n","protected":false},"author":2,"featured_media":414378,"comment_status":"","ping_status":"","sticky":false,"template":"","format":"standard","meta":{"footnotes":""},"categories":[2818],"tags":[1111,11,1777,674,118,1011,27,1310,766,12,2636,1311,25],"class_list":{"0":"post-414377","1":"post","2":"type-post","3":"status-publish","4":"format-standard","5":"has-post-thumbnail","7":"category-nantes","8":"tag-actu","9":"tag-actualites","10":"tag-eu","11":"tag-europe","12":"tag-faits-divers","13":"tag-fr","14":"tag-france","15":"tag-incendie","16":"tag-nantes","17":"tag-news","18":"tag-pays-de-la-loire","19":"tag-pompiers","20":"tag-republique-francaise"},"share_on_mastodon":{"url":"https:\/\/pubeurope.com\/@fr\/115260209573140294","error":""},"_links":{"self":[{"href":"https:\/\/www.europesays.com\/fr\/wp-json\/wp\/v2\/posts\/414377","targetHints":{"allow":["GET"]}}],"collection":[{"href":"https:\/\/www.europesays.com\/fr\/wp-json\/wp\/v2\/posts"}],"about":[{"href":"https:\/\/www.europesays.com\/fr\/wp-json\/wp\/v2\/types\/post"}],"author":[{"embeddable":true,"href":"https:\/\/www.europesays.com\/fr\/wp-json\/wp\/v2\/users\/2"}],"replies":[{"embeddable":true,"href":"https:\/\/www.europesays.com\/fr\/wp-json\/wp\/v2\/comments?post=414377"}],"version-history":[{"count":0,"href":"https:\/\/www.europesays.com\/fr\/wp-json\/wp\/v2\/posts\/414377\/revisions"}],"wp:featuredmedia":[{"embeddable":true,"href":"https:\/\/www.europesays.com\/fr\/wp-json\/wp\/v2\/media\/414378"}],"wp:attachment":[{"href":"https:\/\/www.europesays.com\/fr\/wp-json\/wp\/v2\/media?parent=414377"}],"wp:term":[{"taxonomy":"category","embeddable":true,"href":"https:\/\/www.europesays.com\/fr\/wp-json\/wp\/v2\/categories?post=414377"},{"taxonomy":"post_tag","embeddable":true,"href":"https:\/\/www.europesays.com\/fr\/wp-json\/wp\/v2\/tags?post=414377"}],"curies":[{"name":"wp","href":"https:\/\/api.w.org\/{rel}","templated":true}]}}