{"id":414379,"date":"2025-09-24T16:26:13","date_gmt":"2025-09-24T16:26:13","guid":{"rendered":"https:\/\/www.europesays.com\/fr\/414379\/"},"modified":"2025-09-24T16:26:13","modified_gmt":"2025-09-24T16:26:13","slug":"tags-debordements-tournant-repressif-une-rentree-sous-tension-a-luniversite-de-nantes","status":"publish","type":"post","link":"https:\/\/www.europesays.com\/fr\/414379\/","title":{"rendered":"Tags, \u00ab\u00a0d\u00e9bordements\u00a0\u00bb, \u00ab\u00a0tournant r\u00e9pressif\u00a0\u00bb&#8230;. Une rentr\u00e9e sous tension \u00e0 l&rsquo;universit\u00e9 de Nantes"},"content":{"rendered":"<p>            Par<br \/>\n        <strong><br \/>\n            <a href=\"https:\/\/actu.fr\/auteur\/thomas-bernard\" title=\"Consulter tous les articles de Thomas Bernard\" target=\"_blank\" rel=\"noopener\">Thomas Bernard<\/a><br \/>\n        <\/strong><\/p>\n<p>        Publi\u00e9 le<\/p>\n<p>            24 sept. 2025 \u00e0 18h21        <\/p>\n<p>\u00ab\u2009J\u2019avoue, je n\u2019ai rien compris quand j\u2019ai vu tous les camions de CRS.\u2009\u00bb La sc\u00e8ne a surpris cet \u00e9tudiant* en facult\u00e9 d\u2019Histoire, rencontr\u00e9 ce mercredi matin, pr\u00e8s de la biblioth\u00e8que universitaire.<\/p>\n<p class=\" wall-content\">Mardi 23\u00a0septembre 2025, le campus du Tertre (r\u00e9unissant les facult\u00e9s de lettres et sciences humaines) <strong>a \u00e9t\u00e9 \u00e9vacu\u00e9 et ferm\u00e9 en d\u00e9but d\u2019apr\u00e8s-midi<\/strong>. La direction de Nantes Universit\u00e9 a invit\u00e9 <a href=\"https:\/\/actu.fr\/pays-de-la-loire\/nantes_44109\/un-campus-de-l-universite-de-nantes-evacue-apres-des-debordements-la-police-sur-place_63202346.html\" target=\"_blank\" rel=\"noopener\">les \u00e9tudiants \u00e0 quitter les lieux apr\u00e8s \u00ab\u2009des d\u00e9bordements inacceptables\u2009\u00bb constat\u00e9s sur le campus<\/a>. Un important dispositif policier a \u00e9t\u00e9 mis en place autour du campus.<\/p>\n<p class=\" wall-content\">Un \u00e9pisode \u00e9tant la r\u00e9sultante de plusieurs moments de tensions sur le campus universitaire. Retour sur les journ\u00e9es mouvement\u00e9es de ces derni\u00e8res semaines.<\/p>\n<p>R\u00e9union annul\u00e9e et assembl\u00e9e g\u00e9n\u00e9rale<\/p>\n<p class=\" wall-content\">Une assembl\u00e9e g\u00e9n\u00e9rale (AG) est organis\u00e9e le mardi 23\u00a0septembre \u00e0 12h pour discuter de la suite du mouvement social du 10 et 18\u00a0septembre 2025. Une date arr\u00eat\u00e9e depuis plusieurs jours selon les protagonistes de l\u2019AG.<\/p>\n<p class=\" wall-content\">Outre la suite \u00e0 donner au mouvement social, les participants \u00e0 l\u2019AG \u00e9voquent la pr\u00e9sence polici\u00e8re, observ\u00e9e la veille, le lundi 22\u00a0septembre 2025. Comme depuis pr\u00e8s de deux ans, le collectif \u00ab\u2009Gr\u00e8ve\u2009\u00bb organise une r\u00e9union dans un b\u00e2timent de la facult\u00e9 de Droit. Ce lundi, <strong>les policiers sont intervenus pour vider le b\u00e2timent<\/strong>, emp\u00eachant la tenue de la r\u00e9union.<\/p>\n<p class=\" wall-content\">Selon la direction de Nantes Universit\u00e9, un groupe de personnes, parmi lequel figurait un \u00e9tudiant expuls\u00e9 pendant deux ans (dont un an ferme), aurait voulu occuper des salles sur le campus <strong>\u00ab\u2009sans avoir demand\u00e9 une autorisation comme c\u2019est habituellement la pratique\u2009\u00bb<\/strong>. D\u2019o\u00f9 la pr\u00e9sence des forces de l\u2019ordre \u00e0 la demande de la pr\u00e9sidence, le lundi soir.<\/p>\n<p class=\" wall-content\">Lors de l\u2019AG, il est d\u00e9cid\u00e9 d\u2019organiser une action au p\u00f4le \u00e9tudiant, dans la foul\u00e9e du rassemblement.<\/p>\n<p>Votre r\u00e9gion, votre actu !<\/p>\n<p>Recevez chaque jour les infos qui comptent pour vous.<\/p>\n<p>\t<a href=\"https:\/\/actu.fr\/newsletter\" class=\"ac-btn ac-btn--corner ac-btn--medium ac-btn--blue800\" target=\"_blank\" rel=\"noopener\">S&rsquo;incrire<\/a><\/p>\n<p class=\" wall-content\">\u00ab\u2009La proposition qui a \u00e9t\u00e9 faite \u00e0 l\u2019AG, c\u2019\u00e9tait d\u2019aller dans le p\u00f4le \u00e9tudiant, chanter des slogans et mettre, <strong>\u00ab\u2009un peu d\u2019ambiance\u2009\u00bb pour montrer \u00e0 la pr\u00e9sidence qu\u2019on \u00e9tait mobilis\u00e9s<\/strong>. La fa\u00e7on dont \u00e7a a \u00e9volu\u00e9 ensuite, ce n\u2019est pas un truc qui avait \u00e9t\u00e9 d\u00e9cid\u00e9 collectivement\u2009\u00bb, narre Th\u00e9ophile Pouillot-Ch\u00e9vara, pr\u00e9sident de l\u2019Union Pirate Nantes, syndicat \u00e9tudiant.<\/p>\n<p>Des d\u00e9gradations au p\u00f4le \u00e9tudiant<\/p>\n<p class=\" wall-content\">Peu apr\u00e8s 13h45, alors que des participants \u00e0 l\u2019AG investissent le couloir du p\u00f4le \u00e9tudiant, d\u2019autres <strong>personnes, masqu\u00e9es,<\/strong> montent \u00e0 l\u2019\u00e9tage notamment pour inscrire des <strong>tags \u00ab\u2009haineux et nominatifs\u2009\u00bb.<\/strong><\/p>\n<p class=\" wall-content\">Des placards ont \u00e9t\u00e9 vid\u00e9s et des dossiers ont \u00e9t\u00e9 jet\u00e9s. \u00ab\u2009Des personnels de l\u2019\u00e9tablissement se sont retrouv\u00e9s bloqu\u00e9s dans leur bureau\u2009\u00bb, d\u00e9nonce l\u2019universit\u00e9. Selon plusieurs t\u00e9moignages, le b\u00e2timent aurait \u00e9t\u00e9 occup\u00e9 pendant plus d\u2019une quinzaine de minutes.<\/p>\n<p class=\" wall-content\">L\u2019<strong>alarme anti-intrusion<\/strong> r\u00e9sonne dans les b\u00e2timents Tertre et de droit avant que la nouvelle se diffuse sur les autres b\u00e2timents du campus. D\u2019apr\u00e8s <a href=\"https:\/\/x.com\/nantes_uni\/status\/1970507207558221825\">un communiqu\u00e9 du syndicat \u00e9tudiant de l\u2019Union nationale inter-universitaire (Uni)<\/a>, se revendiquant de droite, des \u00e9tudiants auraient \u00e9t\u00e9 menac\u00e9s de quitter leur amphith\u00e9\u00e2tre \u00ab\u2009par des individus en noir et masqu\u00e9s\u2009\u00bb.<\/p>\n<p>    <img   decoding=\"async\" loading=\"lazy\" src=\"https:\/\/www.europesays.com\/fr\/wp-content\/uploads\/2025\/09\/universite-de-nantes-pole-etudiant-960x640.jpeg\" alt=\"Des tags ont \u00e9t\u00e9 inscrits dans et en dehors du p\u00f4le \u00e9tudiant. \" width=\"960\" height=\"640\"\/><br \/>\n    Des tags ont \u00e9t\u00e9 inscrits dans et en dehors du p\u00f4le \u00e9tudiant. \u00ab\u2009Banalisez les cours ou on prendra tout\u2009\u00bb, peut-on lire, ce mercredi 24\u00a0septembre 2025. (\u00a9Thomas Bernard \/ actu Nantes)<\/p>\n<p class=\" wall-content\">\u00ab\u2009J\u2019\u00e9tais dans le b\u00e2timent Censive pour un cours \u00e0 14h. Vers 14h10 j\u2019ai vu plein de personnes sortir dans la rue\u2009\u00bb, rembobine Chlo\u00e9, \u00e9tudiante en facult\u00e9 de psychologie. Une dizaine de camions de CRS est d\u00e9ploy\u00e9e tout autour du p\u00f4le \u00e9tudiant.<\/p>\n<p class=\" wall-content\">Dans la confusion, l\u2019\u00e9tudiante nantaise et ses camarades apprennent la suspension des cours pour la journ\u00e9e. \u00ab\u2009Il y avait plein de rumeurs, on ne savait pas trop ce qu\u2019il se passait. On a re\u00e7u une note interne de l\u2019Universit\u00e9 \u00e0 14h33 pour nous expliquer la situation.\u2009\u00bb<\/p>\n<p class=\" wall-content\">\u00ab\u2009Au regard du risque pour les personnes et les biens, <strong>nous avons appel\u00e9 le 17 et nous avons d\u00e9cid\u00e9 de fermer l\u2019ensemble du campus pour l\u2019apr\u00e8s-midi\u2009\u00bb<\/strong>, a indiqu\u00e9 Carine Bernault, pr\u00e9sidente de Nantes Universit\u00e9, \u00e0 nos confr\u00e8res du <a href=\"https:\/\/www.lefigaro.fr\/nantes\/l-universite-de-nantes-contrainte-de-fermer-l-un-de-ses-campus-apres-le-saccage-d-un-batiment-les-cours-suspendus-20250923\" target=\"_blank\" rel=\"noopener\">Figaro<\/a>.<\/p>\n<p class=\" wall-content\">\u00ab\u2009Il est inacceptable que les \u00e9tudiants, les chercheurs, les enseignants-chercheurs et l\u2019ensemble des personnels soient ainsi pris en otage par une minorit\u00e9 violente qui ignore tout des valeurs de dialogue, de respect et de libert\u00e9s acad\u00e9miques qui sont le fondement m\u00eame de nos universit\u00e9s\u2009\u00bb, a d\u00e9nonc\u00e9 sur X, <a href=\"https:\/\/x.com\/PhBaptiste\/status\/1970491918250340504\">Philippe Baptiste<\/a>, ministre d\u00e9missionnaire, charg\u00e9 de l\u2019Enseignement sup\u00e9rieur et de la Recherche.<\/p>\n<p class=\" wall-content\">Carine Bernault, pr\u00e9sidente de Nantes Universit\u00e9 a condamn\u00e9 les \u00e9v\u00e9nements et la pr\u00e9sence de tags depuis plusieurs jours. D\u2019autres tags nominatifs et haineux avaient \u00e9t\u00e9 constat\u00e9s, dans la nuit du 18 au 19\u00a0septembre, <strong>ciblant notamment un responsable \u00e9tudiant du syndicat Uni<\/strong>.<\/p>\n<blockquote class=\"ac-article-quote wall-content\">\n<p>L&rsquo;universit\u00e9 de Nantes est soumise depuis plusieurs mois \u00e0 des attaques perp\u00e9tr\u00e9es par une minorit\u00e9 d&rsquo;individus. L&rsquo;\u00e9tablissement ne peut tol\u00e9rer ces agissements et se doit de prot\u00e9ger sa communaut\u00e9.<\/p>\n<p>    <strong>Nantes Universit\u00e9<\/strong>\n            <\/p><\/blockquote>\n<p class=\" wall-content\">La pr\u00e9sidente a apport\u00e9 son soutien au personnel. \u00ab\u2009On a \u00e9t\u00e9 les premiers \u00e0 venir leur (le personnel du p\u00f4le \u00e9tudiant, N.D.L.R.) demander comment \u00e7a se passait. Ils nous ont dit qu\u2019ils n\u2019ont pas mal v\u00e9cu la situation du tout\u2009\u00bb, pr\u00e9cise de son c\u00f4t\u00e9 le pr\u00e9sident de l\u2019Union Pirate de Nantes. Le syndicat \u00e9tudiant d\u00e9plore \u00ab\u2009l\u2019absence d\u2019\u00e9changes\u2009\u00bb avec la pr\u00e9sidence de l\u2019universit\u00e9 lors des \u00e9v\u00e9nements du 23\u00a0septembre, et indique <strong>\u00ab\u2009\u00eatre ouvert au dialogue\u2009\u00bb<\/strong>.<\/p>\n<p>Modification du r\u00e8glement int\u00e9rieur<\/p>\n<p class=\" wall-content\">La journ\u00e9e du 23\u00a0septembre s\u2019inscrit dans un contexte tendu entre des syndicats \u00e9tudiants et la direction de l\u2019universit\u00e9. La modification du r\u00e8glement int\u00e9rieur, \u00e0 l\u2019ordre du jour du prochain conseil d\u2019administration de Nantes, pr\u00e9vu le vendredi 26\u00a0septembre, d\u00e9pla\u00eet.<\/p>\n<p class=\" wall-content\">\u00ab\u2009Dans son projet de d\u00e9lib\u00e9ration, des poursuites disciplinaires pourraient \u00eatre ainsi dor\u00e9navant engag\u00e9es contre toute personne participant \u00e0 un regroupement \u00ab\u2009non autoris\u00e9\u2009\u00bb au sein de l\u2019\u00e9tablissement\u2009\u00bb, indique l\u2019Intersyndicale (Solidaires, Union Pirate, FSE, Sud, FSU, CGT et FO) <a href=\"https:\/\/www.instagram.com\/p\/DOv9Nr4iIpA\/?img_index=2\" target=\"_blank\" rel=\"noopener\">dans un communiqu\u00e9<\/a>. Des \u00e9tudiants participant \u00e0 une AG, non d\u00e9clar\u00e9e dans un d\u00e9lai d\u2019un mois, pourraient \u00eatre sanctionn\u00e9s.<\/p>\n<p>    <img   decoding=\"async\" loading=\"lazy\" src=\"https:\/\/www.europesays.com\/fr\/wp-content\/uploads\/2025\/09\/universite-de-nantes-censive-960x640.jpeg\" alt=\"L'AG a vot\u00e9 pour le blocus du campus Tertre, \u00e0 partir de 6h30, ce jeudi 25 septembre 2025.\" width=\"960\" height=\"640\"\/><br \/>\n    L\u2019AG a vot\u00e9 pour le blocus du campus Tertre, \u00e0 partir de 6h30, ce jeudi 25\u00a0septembre 2025. (\u00a9Thomas Bernard \/ actu Nantes)<\/p>\n<p class=\" wall-content\">\u00ab\u2009Nous n\u2019avons pas envie que quelqu\u2019un se fasse singulariser pour l\u2019action collective du groupe. C\u2019est pour \u00e7a que les AG ne sont pas d\u00e9clar\u00e9es, elles sont juste annonc\u00e9es publiquement. Elles se d\u00e9roulent dans des endroits ouverts \u00e0 toutes et tous\u2009\u00bb, r\u00e9pond Th\u00e9ophile Pouillot-Ch\u00e9vara.<\/p>\n<p class=\" wall-content\">Autre article suscitant la col\u00e8re des syndicats\u2009: \u00ab\u2009l\u2019usage abusif de la libert\u00e9 d\u2019expression\u2009\u00bb.<\/p>\n<blockquote class=\"ac-article-quote wall-content\">\n<p>C\u2019est une modification du m\u00eame article qui interdit au personnel et usagers de porter atteinte \u00e0 la r\u00e9putation de l\u2019\u00e9tablissement, y compris sur les r\u00e9seaux sociaux. Ce n\u2019est pas seulement une atteinte \u00e0 la libert\u00e9 d\u2019expression ici ; c\u2019est un risque aussi pour la libert\u00e9 syndicale.<\/p>\n<p>    <strong>Intersyndicale Nantes Universit\u00e9<\/strong><br \/>\n        Communiqu\u00e9 du 18 septembre 2025    <\/p><\/blockquote>\n<p class=\" wall-content\">L\u2019Uni a annonc\u00e9 <strong>qu\u2019il voterait pour cette mesure<\/strong>. Du c\u00f4t\u00e9 de l\u2019Union Pirate, on \u00e9voque <strong>\u00ab\u2009un tournant r\u00e9pressif grave \u00e0 l\u2019encontre de la libert\u00e9 de r\u00e9union\u2009\u00bb<\/strong>. \u00ab\u2009Il y a une volont\u00e9 d\u2019aseptiser les d\u00e9bats sur la Fac\u2009\u00bb, ajoute Th\u00e9ophile Pouillot-Ch\u00e9vara.<\/p>\n<p class=\" wall-content\">Des syndicats \u00e9tudiants appellent au blocus du campus \u00e0 6h30, ce jeudi 25\u00a0septembre 2025. Un rassemblement devant la direction de Nantes Universit\u00e9, avant le conseil d\u2019administration qui se tiendra le vendredi 26\u00a0septembre, est \u00e9galement envisag\u00e9.<\/p>\n<p class=\" wall-content\">*La personne concern\u00e9e n\u2019a pas souhait\u00e9 donner son pr\u00e9nom<\/p>\n<p class=\" wall-content\">Personnalisez votre actualit\u00e9 en ajoutant vos villes et m\u00e9dias en favori avec <a href=\"https:\/\/moncompte.actu.fr\" title=\"D\u00e9couvez Mon Actu\" rel=\"nofollow noopener\" data-trk=\"{&quot;cta&quot;:{&quot;action&quot;:&quot;https:\\\/\\\/moncompte.actu.fr&quot;,&quot;category&quot;:&quot;mon compte&quot;,&quot;from&quot;:&quot;article footer&quot;,&quot;name&quot;:&quot;Mon actu&quot;,&quot;type&quot;:&quot;cta&quot;}}\" target=\"_blank\">Mon Actu<\/a>.<\/p>\n<p>                    <script async src=\"\/\/www.instagram.com\/embed.js\"><\/script><\/p>\n","protected":false},"excerpt":{"rendered":"Par Thomas Bernard Publi\u00e9 le 24 sept. 2025 \u00e0 18h21 \u00ab\u2009J\u2019avoue, je n\u2019ai rien compris quand j\u2019ai vu&hellip;\n","protected":false},"author":2,"featured_media":414380,"comment_status":"","ping_status":"","sticky":false,"template":"","format":"standard","meta":{"footnotes":""},"categories":[2818],"tags":[1111,11,1777,674,1011,27,6151,1272,766,12,2636,25,104],"class_list":{"0":"post-414379","1":"post","2":"type-post","3":"status-publish","4":"format-standard","5":"has-post-thumbnail","7":"category-nantes","8":"tag-actu","9":"tag-actualites","10":"tag-eu","11":"tag-europe","12":"tag-fr","13":"tag-france","14":"tag-greve","15":"tag-manifestations","16":"tag-nantes","17":"tag-news","18":"tag-pays-de-la-loire","19":"tag-republique-francaise","20":"tag-societe"},"share_on_mastodon":{"url":"https:\/\/pubeurope.com\/@fr\/115260213925972435","error":""},"_links":{"self":[{"href":"https:\/\/www.europesays.com\/fr\/wp-json\/wp\/v2\/posts\/414379","targetHints":{"allow":["GET"]}}],"collection":[{"href":"https:\/\/www.europesays.com\/fr\/wp-json\/wp\/v2\/posts"}],"about":[{"href":"https:\/\/www.europesays.com\/fr\/wp-json\/wp\/v2\/types\/post"}],"author":[{"embeddable":true,"href":"https:\/\/www.europesays.com\/fr\/wp-json\/wp\/v2\/users\/2"}],"replies":[{"embeddable":true,"href":"https:\/\/www.europesays.com\/fr\/wp-json\/wp\/v2\/comments?post=414379"}],"version-history":[{"count":0,"href":"https:\/\/www.europesays.com\/fr\/wp-json\/wp\/v2\/posts\/414379\/revisions"}],"wp:featuredmedia":[{"embeddable":true,"href":"https:\/\/www.europesays.com\/fr\/wp-json\/wp\/v2\/media\/414380"}],"wp:attachment":[{"href":"https:\/\/www.europesays.com\/fr\/wp-json\/wp\/v2\/media?parent=414379"}],"wp:term":[{"taxonomy":"category","embeddable":true,"href":"https:\/\/www.europesays.com\/fr\/wp-json\/wp\/v2\/categories?post=414379"},{"taxonomy":"post_tag","embeddable":true,"href":"https:\/\/www.europesays.com\/fr\/wp-json\/wp\/v2\/tags?post=414379"}],"curies":[{"name":"wp","href":"https:\/\/api.w.org\/{rel}","templated":true}]}}