{"id":414385,"date":"2025-09-24T16:29:11","date_gmt":"2025-09-24T16:29:11","guid":{"rendered":"https:\/\/www.europesays.com\/fr\/414385\/"},"modified":"2025-09-24T16:29:11","modified_gmt":"2025-09-24T16:29:11","slug":"energie-le-toulousain-paccap-veut-accelerer-sa-thermodynamique","status":"publish","type":"post","link":"https:\/\/www.europesays.com\/fr\/414385\/","title":{"rendered":"\u00c9nergie. Le Toulousain Paccap veut acc\u00e9l\u00e9rer sa thermodynamique"},"content":{"rendered":"<p>Face \u00e0 l\u2019acc\u00e9l\u00e9ration du r\u00e9chauffement climatique, la d\u00e9carbonation du syst\u00e8me de chauffage des logements collectifs est un enjeu primordial. Une start-up toulousaine Paccap\u00a0[<a href=\"#nb1\" class=\"spip_note\" rel=\"appendix\" title=\"Paccap. Comme un acronyme de pompe \u00e0 chaleur et une \u00e9vocation malicieuse du\u00a0(\u2026)\" id=\"nh1\">1<\/a>] s\u2019est justement empar\u00e9e du sujet. \u00ab\u00a0Nous d\u00e9veloppons un radiateur thermodynamique. Pour r\u00e9sum\u00e9, il s\u2019agit d\u2019une sorte de petite pompe \u00e0 chaleur int\u00e9gr\u00e9e dans un radiateur. Comme dans toute pompe \u00e0 chaleur, le principe est de r\u00e9cup\u00e9rer l\u2019\u00e9nergie de l\u2019air ext\u00e9rieur. Cette \u00e9nergie va \u00eatre transf\u00e9r\u00e9e \u00e0 l\u2019int\u00e9rieur du radiateur par le ph\u00e9nom\u00e8ne de la <a href=\"https:\/\/maison-des-sciences.org\/lois-thermodynamique\/\" class=\"spip_out\" rel=\"external nofollow noopener\" target=\"_blank\">thermodynamique<\/a>. Notre radiateur, par sa taille modeste, son prix accessible et sa discr\u00e9tion au niveau sonore, est plus adapt\u00e9 au logement collectif qu\u2019une pompe \u00e0 chaleur classique\u00a0\u00bb, explique le fondateur de la jeune pousse, S\u00e9bastien Vacher.<\/p>\n<p>Apr\u00e8s avoir cr\u00e9\u00e9 un prototype dans son garage en 2024, le d\u00e9tenteur d\u2019un doctorat en thermodynamique a r\u00e9ussi \u00e0 breveter son innovation d\u00e9but 2025. En phase de d\u00e9veloppement, celle-ci pourrait \u00eatre commercialis\u00e9e \u00e0 partir de 2028. Pour atteindre cet objectif, la jeune pousse vise aujourd\u2019hui une lev\u00e9e de fonds\u00a0[<a href=\"#nb2\" class=\"spip_note\" rel=\"appendix\" title=\"La lev\u00e9e devrait permettre aussi de faire des embauches. L\u2019entreprise\u00a0(\u2026)\" id=\"nh2\">2<\/a>] de l\u2019ordre de 3 millions d\u2019euros aupr\u00e8s de fonds d\u2019investissement et de business angels. Cet argent servirait tout d\u2019abord \u00e0 finaliser \u00ab\u00a0un prototype sans verrou technologique\u00a0\u00bb puis \u00e0 lancer un projet-pilote, capital pour d\u00e9montrer qu\u2019en conditions r\u00e9elles, l\u2019innovation donne satisfaction.<\/p>\n<p>\u00ab\u00a0Notre projet r\u00e9pond \u00e0 l\u2019objectif de souverainet\u00e9 industrielle du pays\u00a0\u00bb<\/p>\n<p>La start-up haut-garonnaise est soutenue par plusieurs acteurs \u00e9conomiques et de l\u2019innovation importants. Elle est tout d\u2019abord \u00e9paul\u00e9e par <a href=\"https:\/\/www.touleco.fr\/Article-Nubbo,45801\" class=\"spip_in\" rel=\"nofollow noopener\" target=\"_blank\">Nubbo<\/a>, l\u2019incubateur \u00e0 mission toulousain, et par <a href=\"https:\/\/www.touleco.fr\/Le-financement-de-l-innovation-en-hausse-selon-Bpifrance,37688\" class=\"spip_in\" rel=\"nofollow noopener\" target=\"_blank\">Bpifrance<\/a> via une bourse French Tech. Mais elle re\u00e7oit aussi l\u2019appui du r\u00e9seau de distribution de gaz en France, <a href=\"https:\/\/www.touleco.fr\/Transition-ecologique-En-Occitanie-GRDF-s-affiche-en-pleine,42015\" class=\"spip_in\" rel=\"nofollow noopener\" target=\"_blank\">GRDF<\/a>, qui lui a sign\u00e9 une lettre d\u2019intention par rapport \u00e0 la distribution de sa technologie. Au \u201cboard\u201d de Paccap, Thierry Leroy, ancien directeur g\u00e9n\u00e9ral de De Dietrich, fabricant et concepteur de solutions thermiques, qui fut par le pass\u00e9 le sup\u00e9rieur de S\u00e9bastien Vacher, Caroline Combes, experte des questions RH, et Matthieu Cochet, sp\u00e9cialiste de la \u201csupply chain\u201d\u00a0[<a href=\"#nb3\" class=\"spip_note\" rel=\"appendix\" title=\"Cha\u00eene logistique en fran\u00e7ais.\" id=\"nh3\">3<\/a>].<\/p>\n<p> <a href=\"https:\/\/www.touleco.fr\/IMG\/jpg\/0\/d\/c\/touleco_22.jpg\" class=\"spip_doc_lien mediabox\" type=\"image\/jpeg\" rel=\"nofollow noopener\" target=\"_blank\"><br \/>\n\t\t<img loading=\"lazy\" decoding=\"async\" src=\"https:\/\/www.europesays.com\/fr\/wp-content\/uploads\/2025\/09\/a2ef28cf831a373a5c9d206bfb055c.webp\" width=\"650\" height=\"433\" alt=\"\"\/><\/a><\/p>\n<p>Pour le fondateur de la jeune pousse, les raisons d\u2019appuyer sa start-up sont multiples. \u00ab\u00a0Il y a d\u2019abord l\u2019argument \u00e9cologique. Notre syst\u00e8me d\u00e9carbon\u00e9 consomme beaucoup moins qu\u2019un chauffage \u00e9lectrique, de l\u2019ordre de 70\u00a0% d\u2019\u00e9conomies. Nos radiateurs sont aussi r\u00e9p\u00e9rables et r\u00e9utilisables en seconde-main. Notre projet r\u00e9pond \u00e9galement \u00e0 l\u2019objectif de souverainet\u00e9 industrielle du pays. Contrairement \u00e0 la plupart des pompes \u00e0 chaleur produites en Asie, nous avons pens\u00e9 Paccap dans l\u2019id\u00e9e d\u2019une production totalement fran\u00e7aise. Nos solutions peu on\u00e9reuses peuvent de m\u00eame r\u00e9pondre \u00e0 la probl\u00e9matique de la pr\u00e9carit\u00e9 \u00e9nerg\u00e9tique. Et, enfin, elles peuvent aussi faire du frais et participer \u00e0 lutter contre \u201cl\u2019effet bouilloire \u00e9nerg\u00e9tique\u201d\u00a0\u00bb, d\u00e9taille le dirigeant de Paccap. Son entreprise visera d\u2019abord la cible professionnelle (promoteurs immobiliers de logements ou de bureaux) ou les collectivit\u00e9s (\u00e9tablissements scolaires, b\u00e2timents publics) avant de s\u2019\u00e9largir aux particuliers lorsque sa croissance sera consolid\u00e9e. <br class=\"autobr\"\/><br \/>\nMatthias Hardoy<\/p>\n<p>Sur la photo\u00a0: S\u00e9bastien Vacher, fondateur de l\u2019entreprise Paccap \u00e0 la Cit\u00e9 \u00e0 Toulouse o\u00f9 sa start-up est localis\u00e9e. Cr\u00e9dit\u00a0: R\u00e9my Gabalda &#8211; Toul\u00c9co.<\/p>\n<p>Notes<\/p>\n<p>[<a href=\"#nh1\" class=\"spip_note\" title=\"Notes 1\" rev=\"appendix\">1<\/a>]\u00a0Paccap. Comme un acronyme de pompe \u00e0 chaleur et une \u00e9vocation malicieuse du jeu de d\u00e9fi des enfants \u201cCap ou pas cap\u00a0?\u201d<\/p>\n<p>[<a href=\"#nh2\" class=\"spip_note\" title=\"Notes 2\" rev=\"appendix\">2<\/a>]\u00a0La lev\u00e9e devrait permettre aussi de faire des embauches. L\u2019entreprise pourrait monter bient\u00f4t \u00e0 six collaborateurs.<\/p>\n<p>[<a href=\"#nh3\" class=\"spip_note\" title=\"Notes 3\" rev=\"appendix\">3<\/a>]\u00a0Cha\u00eene logistique en fran\u00e7ais.<\/p>\n","protected":false},"excerpt":{"rendered":"Face \u00e0 l\u2019acc\u00e9l\u00e9ration du r\u00e9chauffement climatique, la d\u00e9carbonation du syst\u00e8me de chauffage des logements collectifs est un enjeu&hellip;\n","protected":false},"author":2,"featured_media":414386,"comment_status":"","ping_status":"","sticky":false,"template":"","format":"standard","meta":{"footnotes":""},"categories":[2816],"tags":[1111,11,12223,893,2830,1777,674,1011,27,30357,12,54466,2680,25,2312],"class_list":{"0":"post-414385","1":"post","2":"type-post","3":"status-publish","4":"format-standard","5":"has-post-thumbnail","7":"category-toulouse","8":"tag-actu","9":"tag-actualites","10":"tag-durable","11":"tag-energie","12":"tag-energies-renouvelables","13":"tag-eu","14":"tag-europe","15":"tag-fr","16":"tag-france","17":"tag-grdf","18":"tag-news","19":"tag-nubbo","20":"tag-occitanie","21":"tag-republique-francaise","22":"tag-toulouse"},"share_on_mastodon":{"url":"https:\/\/pubeurope.com\/@fr\/115260225292674163","error":""},"_links":{"self":[{"href":"https:\/\/www.europesays.com\/fr\/wp-json\/wp\/v2\/posts\/414385","targetHints":{"allow":["GET"]}}],"collection":[{"href":"https:\/\/www.europesays.com\/fr\/wp-json\/wp\/v2\/posts"}],"about":[{"href":"https:\/\/www.europesays.com\/fr\/wp-json\/wp\/v2\/types\/post"}],"author":[{"embeddable":true,"href":"https:\/\/www.europesays.com\/fr\/wp-json\/wp\/v2\/users\/2"}],"replies":[{"embeddable":true,"href":"https:\/\/www.europesays.com\/fr\/wp-json\/wp\/v2\/comments?post=414385"}],"version-history":[{"count":0,"href":"https:\/\/www.europesays.com\/fr\/wp-json\/wp\/v2\/posts\/414385\/revisions"}],"wp:featuredmedia":[{"embeddable":true,"href":"https:\/\/www.europesays.com\/fr\/wp-json\/wp\/v2\/media\/414386"}],"wp:attachment":[{"href":"https:\/\/www.europesays.com\/fr\/wp-json\/wp\/v2\/media?parent=414385"}],"wp:term":[{"taxonomy":"category","embeddable":true,"href":"https:\/\/www.europesays.com\/fr\/wp-json\/wp\/v2\/categories?post=414385"},{"taxonomy":"post_tag","embeddable":true,"href":"https:\/\/www.europesays.com\/fr\/wp-json\/wp\/v2\/tags?post=414385"}],"curies":[{"name":"wp","href":"https:\/\/api.w.org\/{rel}","templated":true}]}}