{"id":414398,"date":"2025-09-24T16:36:20","date_gmt":"2025-09-24T16:36:20","guid":{"rendered":"https:\/\/www.europesays.com\/fr\/414398\/"},"modified":"2025-09-24T16:36:20","modified_gmt":"2025-09-24T16:36:20","slug":"lyon-connaissance-du-monde-fete-ses-80-ans-et-lance-sa-nouvelle-saison","status":"publish","type":"post","link":"https:\/\/www.europesays.com\/fr\/414398\/","title":{"rendered":"Lyon. Connaissance du Monde f\u00eate ses 80\u00a0ans et lance sa nouvelle saison"},"content":{"rendered":"<p>\u00ab\u00a0\u201cJ e suis un d\u00e9couvreur, mon but est d\u2019\u00e9merveiller.\u201d Cette phrase du commandant Jean-Yves Cousteau est toujours le fil conducteur de nos cin\u00e9-conf\u00e9rences. Connaissance du Monde a \u00e9t\u00e9 cr\u00e9\u00e9e en 1945 par le comandant Cousteau et l\u2019explorateur polaire Jean-Baptiste Charcot apr\u00e8s leurs grandes exp\u00e9ditions au p\u00f4le Nord.\u00a0\u00bb <\/p>\n<p>Une contribution \u00e0 l\u2019essor du patrimoine culturel<\/p>\n<p>C\u2019est ainsi que Christiane Collomb, patronne de Connaissance du Monde en Rh\u00f4ne-Alpes et Franche-Comt\u00e9, \u00e9voque les d\u00e9buts de l\u2019association. Depuis, ce sont des&#8230;<\/p>\n","protected":false},"excerpt":{"rendered":"\u00ab\u00a0\u201cJ e suis un d\u00e9couvreur, mon but est d\u2019\u00e9merveiller.\u201d Cette phrase du commandant Jean-Yves Cousteau est toujours le&hellip;\n","protected":false},"author":2,"featured_media":414399,"comment_status":"","ping_status":"","sticky":false,"template":"","format":"standard","meta":{"footnotes":""},"categories":[1889],"tags":[1111,11,2430,6211,1687,2757,1777,674,1011,27,2428,2756,12,5486,25],"class_list":{"0":"post-414398","1":"post","2":"type-post","3":"status-publish","4":"format-standard","5":"has-post-thumbnail","7":"category-lyon","8":"tag-actu","9":"tag-actualites","10":"tag-auvergne-rhone-alpes","11":"tag-conference","12":"tag-culture-loisirs","13":"tag-edition-lyon-villeurbanne","14":"tag-eu","15":"tag-europe","16":"tag-fr","17":"tag-france","18":"tag-lyon","19":"tag-lyon-bassin","20":"tag-news","21":"tag-rencontre","22":"tag-republique-francaise"},"share_on_mastodon":{"url":"https:\/\/pubeurope.com\/@fr\/115260252696465099","error":""},"_links":{"self":[{"href":"https:\/\/www.europesays.com\/fr\/wp-json\/wp\/v2\/posts\/414398","targetHints":{"allow":["GET"]}}],"collection":[{"href":"https:\/\/www.europesays.com\/fr\/wp-json\/wp\/v2\/posts"}],"about":[{"href":"https:\/\/www.europesays.com\/fr\/wp-json\/wp\/v2\/types\/post"}],"author":[{"embeddable":true,"href":"https:\/\/www.europesays.com\/fr\/wp-json\/wp\/v2\/users\/2"}],"replies":[{"embeddable":true,"href":"https:\/\/www.europesays.com\/fr\/wp-json\/wp\/v2\/comments?post=414398"}],"version-history":[{"count":0,"href":"https:\/\/www.europesays.com\/fr\/wp-json\/wp\/v2\/posts\/414398\/revisions"}],"wp:featuredmedia":[{"embeddable":true,"href":"https:\/\/www.europesays.com\/fr\/wp-json\/wp\/v2\/media\/414399"}],"wp:attachment":[{"href":"https:\/\/www.europesays.com\/fr\/wp-json\/wp\/v2\/media?parent=414398"}],"wp:term":[{"taxonomy":"category","embeddable":true,"href":"https:\/\/www.europesays.com\/fr\/wp-json\/wp\/v2\/categories?post=414398"},{"taxonomy":"post_tag","embeddable":true,"href":"https:\/\/www.europesays.com\/fr\/wp-json\/wp\/v2\/tags?post=414398"}],"curies":[{"name":"wp","href":"https:\/\/api.w.org\/{rel}","templated":true}]}}