{"id":41441,"date":"2025-04-21T12:04:10","date_gmt":"2025-04-21T12:04:10","guid":{"rendered":"https:\/\/www.europesays.com\/fr\/41441\/"},"modified":"2025-04-21T12:04:10","modified_gmt":"2025-04-21T12:04:10","slug":"la-maire-de-strasbourg-en-deplacement-au-bresil-la-presidente-de-leurometropole-au-japon-voici-pourquoi","status":"publish","type":"post","link":"https:\/\/www.europesays.com\/fr\/41441\/","title":{"rendered":"La maire de Strasbourg en d\u00e9placement au Br\u00e9sil, la pr\u00e9sidente de l&rsquo;Eurom\u00e9tropole au Japon : voici pourquoi"},"content":{"rendered":"<p>            Par<br \/>\n        <strong><br \/>\n            <a href=\"https:\/\/actu.fr\/auteur\/ivan-capecchi\" title=\"Consulter tous les articles de Ivan CAPECCHI\" target=\"_blank\" rel=\"noopener\">Ivan CAPECCHI<\/a><br \/>\n        <\/strong><\/p>\n<p>        Publi\u00e9 le<\/p>\n<p>            21 avr. 2025 \u00e0 9h39        <\/p>\n<p>Cette semaine, tant la maire que la pr\u00e9sidente de l\u2019Eurom\u00e9tropole de Strasbourg sont en d\u00e9placement \u00e0 l\u2019\u00e9tranger : <strong>Rio de Janeiro<\/strong> au <strong>Br\u00e9sil<\/strong> pour la premi\u00e8re, <strong>Kob\u00e9 au Japon<\/strong> pour la seconde. Voici pourquoi.<\/p>\n<p>Jeanne Barseghian, maire de Strasbourg, en d\u00e9placement \u00e0 Rio de Janeiro (Br\u00e9sil)<\/p>\n<p class=\" wall-content\"><a href=\"https:\/\/actu.fr\/tag\/jeanne-barseghian\" target=\"_blank\" rel=\"noopener\">Jeanne Barseghian<\/a>, la maire de Strasbourg, se rend \u00e0 Rio de Janeiro dans le cadre de <a href=\"https:\/\/actu.fr\/grand-est\/strasbourg_67482\/strasbourg-capitale-mondiale-du-livre-2024-le-programme-et-les-temps-forts-devoiles_60556383.html\" target=\"_blank\" rel=\"noopener\">Capitale mondiale du livre Unesco<\/a>, la capitale alsacienne <strong>passant le flambeau<\/strong> \u00e0 celle que l\u2019on surnomme \u00ab\u00a0la ville merveilleuse\u00a0\u00bb, mondialement connue pour son <a href=\"https:\/\/actu.fr\/monde\/bresil-le-carnaval-de-rio-atteint-son-paroxysme-avec-le-defile-des-ecoles-de-samba_57500236.html\" target=\"_blank\" rel=\"noopener\">carnaval<\/a>, ses <strong>plages<\/strong> ou son <strong>Pain de Sucre<\/strong>, statue du <strong>Christ<\/strong> perch\u00e9e au sommet du <strong>Corcovado<\/strong>.<\/p>\n<p class=\" wall-content\">Strasbourg fut la premi\u00e8re ville fran\u00e7aise \u00e0 s\u2019inscrire dans le r\u00e9seau mondial des Capitales mondiales du livre Unesco.<\/p>\n<p>Pia Imbs, pr\u00e9sidente de l\u2019Eurom\u00e9tropole, en d\u00e9placement \u00e0 Kob\u00e9 (Japon)<\/p>\n<p class=\" wall-content\">Pour sa part, Pia Imbs, la pr\u00e9sidente de l\u2019Eurom\u00e9tropole de Strasbourg, se rend au Japon \u00e0 l\u2019invitation du maire de Kob\u00e9. Et ce, dans le cadre de la <strong>conf\u00e9rence \u00ab\u00a0Kobe City Global Conference\u00a0\u00bb<\/strong>.<\/p>\n<p>Vid\u00e9os : en ce moment sur Actu<\/p>\n<p class=\" wall-content\">\u00ab\u00a0La \u00ab\u00a0Kobe City Global Conference\u00a0\u00bb a pour objectifs d\u2019\u00e9changer et de partager autour des connaissances des collectivit\u00e9s et des territoires du monde entier en mati\u00e8re de <strong>pr\u00e9paration, de r\u00e9ponse et de r\u00e9silience aux catastrophes<\/strong>, ainsi que des contremesures face au <a href=\"https:\/\/actu.fr\/tag\/changement-climatique\" target=\"_blank\" rel=\"noopener\">changement climatique<\/a>\u00ab\u00a0, peut-on lire dans un document de l\u2019Eurom\u00e9tropole.<\/p>\n<p class=\" wall-content\">Suivez toute l\u2019actualit\u00e9 de vos villes et m\u00e9dias favoris en vous inscrivant \u00e0 <a href=\"https:\/\/moncompte.actu.fr\" title=\"D\u00e9couvez Mon Actu\" rel=\"nofollow noopener\" data-trk=\"{&quot;cta&quot;:{&quot;action&quot;:&quot;https:\\\/\\\/moncompte.actu.fr&quot;,&quot;category&quot;:&quot;mon compte&quot;,&quot;from&quot;:&quot;article footer&quot;,&quot;name&quot;:&quot;Mon actu&quot;,&quot;type&quot;:&quot;cta&quot;}}\" target=\"_blank\">Mon Actu<\/a>.<\/p>\n<ul class=\"ac-article-tag wall-content\">\n<li><a href=\"https:\/\/actu.fr\/tag\/changement-climatique\" data-trk=\"{&quot;cta&quot;:{&quot;action&quot;:&quot;Changement climatique&quot;,&quot;category&quot;:&quot;tag&quot;,&quot;from&quot;:&quot;article footer&quot;,&quot;name&quot;:&quot;Changement climatique&quot;,&quot;type&quot;:&quot;cta&quot;}}\" target=\"_blank\" rel=\"noopener\">#Changement climatique<\/a><\/li>\n<li><a href=\"https:\/\/actu.fr\/tag\/jeanne-barseghian\" data-trk=\"{&quot;cta&quot;:{&quot;action&quot;:&quot;Jeanne Barseghian&quot;,&quot;category&quot;:&quot;tag&quot;,&quot;from&quot;:&quot;article footer&quot;,&quot;name&quot;:&quot;Jeanne Barseghian&quot;,&quot;type&quot;:&quot;cta&quot;}}\" target=\"_blank\" rel=\"noopener\">#Jeanne Barseghian<\/a><\/li>\n<\/ul>\n","protected":false},"excerpt":{"rendered":"Par Ivan CAPECCHI Publi\u00e9 le 21 avr. 2025 \u00e0 9h39 Cette semaine, tant la maire que la pr\u00e9sidente&hellip;\n","protected":false},"author":2,"featured_media":41442,"comment_status":"","ping_status":"","sticky":false,"template":"","format":"standard","meta":{"footnotes":""},"categories":[2820],"tags":[1111,11,4734,1777,674,1011,27,775,7125,12,25,104,640],"class_list":{"0":"post-41441","1":"post","2":"type-post","3":"status-publish","4":"format-standard","5":"has-post-thumbnail","7":"category-strasbourg","8":"tag-actu","9":"tag-actualites","10":"tag-changement-climatique","11":"tag-eu","12":"tag-europe","13":"tag-fr","14":"tag-france","15":"tag-grand-est","16":"tag-jeanne-barseghian","17":"tag-news","18":"tag-republique-francaise","19":"tag-societe","20":"tag-strasbourg"},"share_on_mastodon":{"url":"https:\/\/pubeurope.com\/@fr\/114375862769606256","error":""},"_links":{"self":[{"href":"https:\/\/www.europesays.com\/fr\/wp-json\/wp\/v2\/posts\/41441","targetHints":{"allow":["GET"]}}],"collection":[{"href":"https:\/\/www.europesays.com\/fr\/wp-json\/wp\/v2\/posts"}],"about":[{"href":"https:\/\/www.europesays.com\/fr\/wp-json\/wp\/v2\/types\/post"}],"author":[{"embeddable":true,"href":"https:\/\/www.europesays.com\/fr\/wp-json\/wp\/v2\/users\/2"}],"replies":[{"embeddable":true,"href":"https:\/\/www.europesays.com\/fr\/wp-json\/wp\/v2\/comments?post=41441"}],"version-history":[{"count":0,"href":"https:\/\/www.europesays.com\/fr\/wp-json\/wp\/v2\/posts\/41441\/revisions"}],"wp:featuredmedia":[{"embeddable":true,"href":"https:\/\/www.europesays.com\/fr\/wp-json\/wp\/v2\/media\/41442"}],"wp:attachment":[{"href":"https:\/\/www.europesays.com\/fr\/wp-json\/wp\/v2\/media?parent=41441"}],"wp:term":[{"taxonomy":"category","embeddable":true,"href":"https:\/\/www.europesays.com\/fr\/wp-json\/wp\/v2\/categories?post=41441"},{"taxonomy":"post_tag","embeddable":true,"href":"https:\/\/www.europesays.com\/fr\/wp-json\/wp\/v2\/tags?post=41441"}],"curies":[{"name":"wp","href":"https:\/\/api.w.org\/{rel}","templated":true}]}}