{"id":414411,"date":"2025-09-24T16:44:36","date_gmt":"2025-09-24T16:44:36","guid":{"rendered":"https:\/\/www.europesays.com\/fr\/414411\/"},"modified":"2025-09-24T16:44:36","modified_gmt":"2025-09-24T16:44:36","slug":"moscou-minimise-les-dernieres-critiques-de-donald-trump","status":"publish","type":"post","link":"https:\/\/www.europesays.com\/fr\/414411\/","title":{"rendered":"Moscou minimise les derni\u00e8res critiques de Donald Trump"},"content":{"rendered":"<p><strong>D\u00c9CRYPTAGE &#8211;<\/strong> Les arguments de l\u2019erratique pr\u00e9sident am\u00e9ricain sont r\u00e9fut\u00e9s par le Kremlin, mais ils touchent des points sensibles, en mettant en doute les performances militaires et \u00e9conomiques russes.<\/p>\n<p class=\"fig-paragraph\">Moscou a r\u00e9fut\u00e9 mercredi les propos tenus la veille\u00a0<a href=\"http:\/\/www.lefigaro.fr\/international\/a-l-onu-donald-trump-fait-la-lecon-a-l-europe-et-au-monde-20250923\" target=\"_blank\" data-fig-type=\"Article\" rel=\"noopener\" data-gtm-custom-categorie=\"navigation\" data-gtm-custom-action=\"crossclick\" data-gtm-custom-label=\"Contextuel\" data-gtm-event=\"customEventSPE\" data-fig-domain=\"LEFIGARO\">par Donald Trump \u00e0 l\u2019ONU<\/a>, per\u00e7us comme un revirement de la position am\u00e9ricaine sur l\u2019Ukraine. Dmitri Peskov, le porte-parole du Kremlin, a ainsi qualifi\u00e9 de \u00ab\u00a0th\u00e8se erron\u00e9e\u00a0\u00bb, les d\u00e9clarations du pr\u00e9sident am\u00e9ricain, affirmant que Kiev pourrait \u00ab\u00a0regagner son territoire dans sa forme originelle et peut-\u00eatre m\u00eame aller plus loin\u00a0\u00bb, face \u00e0 la Russie. \u00ab\u00a0Nous poursuivons notre op\u00e9ration militaire sp\u00e9ciale pour assurer nos int\u00e9r\u00eats et atteindre les objectifs\u00a0\u00bb, a pr\u00e9cis\u00e9 Dmitri Peskov, en utilisant le terme officiel d\u00e9signant l\u2019invasion de l\u2019Ukraine &#8211; et se gardant de pr\u00e9ciser les buts envisag\u00e9s pour la \u00ab\u00a0victoire\u00a0\u00bb.<\/p>\n<p class=\"fig-paragraph\">Dmitri Peskov a \u00e9galement r\u00e9pondu \u00e0 la formule de Donald Trump selon laquelle la Russie serait un\u00a0<a href=\"http:\/\/www.lefigaro.fr\/international\/la-russie-un-tigre-de-papier-quand-donald-trump-s-inspire-de-mao-zedong-et-oublie-nikita-khrouchtchev-20250924\" target=\"_blank\" data-fig-type=\"NewsFlash\" rel=\"noopener\" data-gtm-custom-categorie=\"navigation\" data-gtm-custom-action=\"crossclick\" data-gtm-custom-label=\"Contextuel\" data-gtm-event=\"customEventSPE\" data-fig-domain=\"LEFIGARO\">\u00ab\u00a0tigre de papier\u00a0\u00bb<\/a>, une fausse puissance mise \u00e0 mal par une situation \u00e9conomique critique\u00a0: \u00ab\u00a0La Russie n\u2019est pas un tigre. La Russie est davantage associ\u00e9e \u00e0 un ours. Et les ours de papier n\u2019existent\u2026<\/p>\n<p class=\"fig-premium-paywall__infos\">\n        Cet article est r\u00e9serv\u00e9 aux abonn\u00e9s.        Il vous reste 83% \u00e0 d\u00e9couvrir.\n    <\/p>\n<p>                <img  data- alt=\"Le Figaro\" class=\"fig-img--complete fig-img\"\/><\/p>\n<p class=\"fig-premium-paywall__title\">Vous avez envie de lire la suite ?<\/p>\n<p class=\"fig-premium-paywall__subtitle\">D\u00e9bloquez tous les articles imm\u00e9diatement.<\/p>\n<p class=\"fig-premium-paywall__connect\">\n                D\u00e9j\u00e0 abonn\u00e9\u00a0?                <a class=\"fig-premium-paywall__connect-link\" href=\"https:\/\/connect.lefigaro.fr\/login?client=horizon_web&amp;type=main&amp;redirect_uri=https%3A%2F%2Fwww.lefigaro.fr%2Finternational%2Fje-suis-convaincu-qu-il-reviendra-sur-ces-positions-il-le-fait-toujours-moscou-minimise-les-dernieres-critiques-de-donald-trump-20250924\" data-js-gtm=\"{&quot;customCategorie&quot;: &quot;conversion&quot;, &quot;customAction&quot;: &quot;before_Landing_Connexion_paywall_auto&quot;, &quot;customLabel&quot;: &quot;bGVmaWdhcm8uZnJfXzFmMDk5M2FjLTcwMDctNmM2ZS1hZTRiLWIzNDdmMjE4NjIyYV9fQXJ0aWNsZQ==_\u00ab\u00a0Je suis convaincu qu\u2019il reviendra sur ces positions. Il le fait toujours\u2026\u00a0\u00bb\u00a0: Moscou minimise les derni\u00e8res critiques de Donald Trump_309&quot;, &quot;customIDSPE&quot;: &quot;bGVmaWdhcm8uZnJfXzFmMDk5M2FjLTcwMDctNmM2ZS1hZTRiLWIzNDdmMjE4NjIyYV9fQXJ0aWNsZQ==&quot;, &quot;event&quot;: &quot;customEventSPE&quot;}\" target=\"_blank\" rel=\"noopener\"><br \/>\n                    Connectez-vous<br \/>\n                <\/a>\n            <\/p>\n","protected":false},"excerpt":{"rendered":"D\u00c9CRYPTAGE &#8211; Les arguments de l\u2019erratique pr\u00e9sident am\u00e9ricain sont r\u00e9fut\u00e9s par le Kremlin, mais ils touchent des points&hellip;\n","protected":false},"author":2,"featured_media":414412,"comment_status":"","ping_status":"","sticky":false,"template":"","format":"standard","meta":{"footnotes":""},"categories":[1591],"tags":[11,1887,12,1885,1886,132,135],"class_list":{"0":"post-414411","1":"post","2":"type-post","3":"status-publish","4":"format-standard","5":"has-post-thumbnail","7":"category-russie","8":"tag-actualites","9":"tag-federation-de-russie","10":"tag-news","11":"tag-russia","12":"tag-russian-federation","13":"tag-russie","14":"tag-vladimir-poutine"},"share_on_mastodon":{"url":"https:\/\/pubeurope.com\/@fr\/115260284251326947","error":""},"_links":{"self":[{"href":"https:\/\/www.europesays.com\/fr\/wp-json\/wp\/v2\/posts\/414411","targetHints":{"allow":["GET"]}}],"collection":[{"href":"https:\/\/www.europesays.com\/fr\/wp-json\/wp\/v2\/posts"}],"about":[{"href":"https:\/\/www.europesays.com\/fr\/wp-json\/wp\/v2\/types\/post"}],"author":[{"embeddable":true,"href":"https:\/\/www.europesays.com\/fr\/wp-json\/wp\/v2\/users\/2"}],"replies":[{"embeddable":true,"href":"https:\/\/www.europesays.com\/fr\/wp-json\/wp\/v2\/comments?post=414411"}],"version-history":[{"count":0,"href":"https:\/\/www.europesays.com\/fr\/wp-json\/wp\/v2\/posts\/414411\/revisions"}],"wp:featuredmedia":[{"embeddable":true,"href":"https:\/\/www.europesays.com\/fr\/wp-json\/wp\/v2\/media\/414412"}],"wp:attachment":[{"href":"https:\/\/www.europesays.com\/fr\/wp-json\/wp\/v2\/media?parent=414411"}],"wp:term":[{"taxonomy":"category","embeddable":true,"href":"https:\/\/www.europesays.com\/fr\/wp-json\/wp\/v2\/categories?post=414411"},{"taxonomy":"post_tag","embeddable":true,"href":"https:\/\/www.europesays.com\/fr\/wp-json\/wp\/v2\/tags?post=414411"}],"curies":[{"name":"wp","href":"https:\/\/api.w.org\/{rel}","templated":true}]}}