{"id":414413,"date":"2025-09-24T16:45:15","date_gmt":"2025-09-24T16:45:15","guid":{"rendered":"https:\/\/www.europesays.com\/fr\/414413\/"},"modified":"2025-09-24T16:45:15","modified_gmt":"2025-09-24T16:45:15","slug":"le-baton-apres-la-carotte-donald-trump-fait-il-volte-face-sur-la-guerre-en-ukraine","status":"publish","type":"post","link":"https:\/\/www.europesays.com\/fr\/414413\/","title":{"rendered":"\u00ab\u00a0Le b\u00e2ton apr\u00e8s la carotte\u00a0\u00bb : Donald Trump fait-il volte-face sur la guerre en Ukraine ?"},"content":{"rendered":"<ul class=\"jsx-862013697 ArticleChapo__List\">\n<li class=\"jsx-862013697 ArticleChapo__List_Item flex\">Donald Trump a d\u00e9clar\u00e9 que l&rsquo;Ukraine pouvait \u00ab\u00a0regagner son territoire\u00a0\u00bb occup\u00e9 par la Russie et \u00ab\u00a0peut-\u00eatre m\u00eame aller plus loin\u00a0\u00bb.<\/li>\n<li class=\"jsx-862013697 ArticleChapo__List_Item flex\">Pourtant, au d\u00e9but de l&rsquo;ann\u00e9e, le pr\u00e9sident am\u00e9ricain estimait que son homologue ukrainien \u00ab\u00a0n&rsquo;avait pas les cartes en main\u00a0\u00bb dans ce conflit.<\/li>\n<li class=\"jsx-862013697 ArticleChapo__List_Item flex\">Pour Jean de Gliniasty, directeur de recherches \u00e0 l&rsquo;IRIS, Donald Trump poursuit sa strat\u00e9gie de \u00ab\u00a0la carotte et du b\u00e2ton\u00a0\u00bb vis-\u00e0-vis de Vladimir Poutine.<\/li>\n<\/ul>\n<p><a href=\"https:\/\/www.tf1info.fr\/actualite\/guerre-ukraine-russie-une-rencontre-donald-trump-vladimir-poutine-historique-le-vendredi-15-aout-2025-en-alaska-sans-volodymyr-zelensky-14326\/\" rel=\"noopener\" class=\"jsx-484472199 Link jsx-1428418400 jsx-554215408\" target=\"_blank\"><\/p>\n<p style=\"font-weight:400\" class=\"jsx-1837267516\">Suivez la couverture compl\u00e8te<\/p>\n<p style=\"font-weight:800\" class=\"jsx-1837267516\">Ukraine-Russie : des n\u00e9gociations dans l\u2019impasse<\/p>\n<p><\/a><\/p>\n<p data-module=\"article-paragraph\" class=\"jsx-3046738180 Paragraph\">Nouvelle volte-face de Donald Trump. Apr\u00e8s avoir longtemps martel\u00e9 que la Russie dominait militairement l&rsquo;Ukraine, le pr\u00e9sident am\u00e9ricain a estim\u00e9 <a href=\"https:\/\/www.tf1info.fr\/international\/tigre-de-papier-poursuite-de-la-guerre-en-ukraine-russie-moscou-repond-aux-propos-de-donald-trump-2396556.html\" target=\"_blank\" rel=\"noopener\">mardi 23 septembre<\/a> que Kiev pourrait \u00ab\u00a0avec du temps, de la patience et le soutien financier de l&rsquo;Europe et en particulier de l&rsquo;Otan (&#8230;) regagner son territoire dans sa forme originelle et peut-\u00eatre m\u00eame aller plus loin\u00a0\u00bb face \u00e0 Moscou. \u00ab\u00a0Cela fait trois ans et demi que la Russie m\u00e8ne sans direction claire une guerre qu&rsquo;une Vraie Puissance Militaire aurait remport\u00e9e en moins d&rsquo;une semaine\u00a0\u00bb, a lanc\u00e9 Donald Trump sur son r\u00e9seau Truth Social.\u00a0<\/p>\n<p data-module=\"article-paragraph\" class=\"jsx-3046738180 Paragraph\">Mais peut-on parler d&rsquo;un changement de position du pr\u00e9sident am\u00e9ricain ? Pas vraiment, selon Jean de Gliniasty, directeur de recherches \u00e0 l&rsquo;Institut de relations internationales et strat\u00e9giques (IRIS) et ancien ambassadeur de France \u00e0 Moscou, qui voit l\u00e0 une suite \u00ab\u00a0coh\u00e9rente\u00a0\u00bb \u00e0 la strat\u00e9gie adopt\u00e9e par Donald Trump depuis son arriv\u00e9e \u00e0 la Maison Blanche.<\/p>\n<p data-module=\"article-paragraph\" class=\"jsx-3046738180 Paragraph Paragraph__End\">\u00ab\u00a0Je ne parle pas d&rsquo;un changement de position. D\u00e8s le d\u00e9part, Donald Trump avait envisag\u00e9 des pressions sur la Russie, et il avait manifest\u00e9 son m\u00e9contentement au bout de plusieurs entretiens avec Vladimir Poutine, expliquant que \u00e7a ne se passait pas tr\u00e8s bien. Il avait demand\u00e9 aux Europ\u00e9ens de faire pression, et ils n&rsquo;ont pas agi contre son v\u0153u en pr\u00e9sentant derni\u00e8rement leur 19\u1d49 paquet de sanctions contre la Russie\u00a0\u00bb, explique l&rsquo;auteur de \u00ab\u00a0G\u00e9opolitique de la Russie. 40 fiches illustr\u00e9es pour comprendre le monde\u00a0\u00bb.\u00a0<\/p>\n<p>\u00ab\u00a0Un changement d&rsquo;attitude vis-\u00e0-vis de Volodymyr Zelensky\u00a0\u00bb<\/p>\n<p data-module=\"article-paragraph\" class=\"jsx-3046738180 Paragraph\">\u00ab\u00a0Donald Trump a toujours envisag\u00e9 vis-\u00e0-vis de la Russie la carotte et le b\u00e2ton\u00a0\u00bb, poursuit le sp\u00e9cialiste. Derni\u00e8rement, Vladimir Poutine n&rsquo;a pas saisi les <a href=\"https:\/\/www.tf1info.fr\/international\/video-guerre-en-ukraine-les-positions-russes-sont-toujours-les-memes-le-kremlin-est-il-vraiment-pret-a-negocier-pour-un-accord-de-paix-2389296.html\" target=\"_blank\" rel=\"noopener\">opportunit\u00e9s de n\u00e9gociations de paix avantageuses adress\u00e9es par Donald Trump<\/a>. Il y a peu, Dmitri Peskov, porte-parole du Kremlin, parlait m\u00eame d&rsquo;efforts de paix dans l&rsquo;impasse, le rapprochement entre Moscou et Washington ayant men\u00e9 \u00e0 des r\u00e9sultats \u00ab\u00a0proches de z\u00e9ro\u00a0\u00bb.\u00a0<\/p>\n<p data-module=\"article-paragraph\" class=\"jsx-3046738180 Paragraph\">En se remettant du c\u00f4t\u00e9 de l&rsquo;Ukraine et en pointant l&rsquo;incapacit\u00e9 de la Russie \u00e0 gagner une guerre qu&rsquo;une \u00ab\u00a0vraie puissance militaire aurait remport\u00e9e en moins d&rsquo;une semaine\u00a0\u00bb, Donald Trump est de nouveau \u00ab\u00a0dans la phase b\u00e2ton apr\u00e8s la phase carotte\u00a0\u00bb. Le pr\u00e9sident am\u00e9ricain en vient m\u00eame \u00e0 comparer le pays de Vladimir Poutine \u00e0 un \u00ab\u00a0tigre de papier\u00a0\u00bb. \u00ab\u00a0C&rsquo;est dans le style de Trump, c&rsquo;est une manifestation de son agacement devant le refus des Russes\u00a0\u00bb de n\u00e9gocier, analyse Jean de Gliniasty.\u00a0<\/p>\n<p data-module=\"article-paragraph\" class=\"jsx-3046738180 Paragraph Paragraph__End\">Pourtant, Volodymyr Zelensky lui-m\u00eame a salu\u00e9 un \u00ab\u00a0tournant\u00a0\u00bb apr\u00e8s la d\u00e9claration en ligne de Donald Trump. \u00ab\u00a0Il avait dit au pr\u00e9sident ukrainien qu&rsquo;il n&rsquo;avait pas les cartes en main, or l\u00e0 il lui dit qu&rsquo;il peut r\u00e9ussir \u00e0 reprendre ses territoires, voire plus. Donc il y a un changement d&rsquo;attitude vis-\u00e0-vis du pr\u00e9sident ukrainien, il n&rsquo;est plus consid\u00e9r\u00e9 comme un perdant, donc de son point de vue c&rsquo;est un tournant\u00a0\u00bb, abonde l&rsquo;ancien ambassadeur.\u00a0<\/p>\n<p><a href=\"https:\/\/www.tf1info.fr\/international\/pour-financer-sa-guerre-contre-l-ukraine-la-russie-envisage-d-augmenter-sa-tva-2396635.html\" rel=\"noopener\" class=\"jsx-3308031228 Link flex\" target=\"_blank\"><img decoding=\"async\" src=\"https:\/\/www.europesays.com\/fr\/wp-content\/uploads\/2025\/09\/soldat-et-tank-russes-dans-l-est-de-l-ukraine-2cfe92-0@1x.jpeg\" alt=\"Sameer Al-DOUMY \/ AFP\" loading=\"lazy\" importance=\"low\" fetchpriority=\"low\" class=\"\" aria-hidden=\"true\"\/><\/p>\n<p class=\"jsx-3657663356 ReadMoreArticle__Title\">Lire aussi<\/p>\n<p class=\"jsx-3657663356\">Pour financer sa guerre contre l&rsquo;Ukraine, la Russie envisage&#8230; d&rsquo;augmenter sa TVA<\/p>\n<p><\/a><\/p>\n<p data-module=\"article-paragraph\" class=\"jsx-3046738180 Paragraph\">Le pr\u00e9sident am\u00e9ricain n&rsquo;a toutefois rien dit du r\u00f4le que les \u00c9tats-Unis joueraient dans la suite du conflit, qu&rsquo;il s&rsquo;agisse de sanctionner la Russie, de soutenir Kiev ou de faire office de m\u00e9diateur. \u00ab\u00a0Il ne fera rien qui nuira au flux d&rsquo;affaires des \u00c9tats-Unis\u00a0\u00bb et \u00ab\u00a0il s&rsquo;est engag\u00e9 \u00e0 ne plus aider financi\u00e8rement l&rsquo;Ukraine, c&rsquo;est une promesse de campagne\u00a0\u00bb, r\u00e9plique Jean de Gliniasty.\u00a0<\/p>\n<p data-module=\"article-paragraph\" class=\"jsx-3046738180 Paragraph Paragraph__End\">En r\u00e9action aux derni\u00e8res d\u00e9clarations de Donald Trump, la Russie a assur\u00e9 que l&rsquo;Ukraine n&rsquo;\u00e9tait pas en mesure de reprendre des territoires face \u00e0 son arm\u00e9e et qu&rsquo;elle entend poursuivre son assaut d\u00e9but\u00e9 en 2022. \u00ab\u00a0Nous poursuivons notre op\u00e9ration militaire sp\u00e9ciale pour assurer nos int\u00e9r\u00eats et atteindre les objectifs que (&#8230;) le pr\u00e9sident de notre pays a \u00e9tablis d\u00e8s le d\u00e9but\u00a0\u00bb a assur\u00e9 Dmitri Peskov. \u00ab\u00a0Nous n&rsquo;avons pas d&rsquo;autre alternative\u00a0\u00bb.<\/p>\n<p>Emilie ROUSSEY<\/p>\n","protected":false},"excerpt":{"rendered":"Donald Trump a d\u00e9clar\u00e9 que l&rsquo;Ukraine pouvait \u00ab\u00a0regagner son territoire\u00a0\u00bb occup\u00e9 par la Russie et \u00ab\u00a0peut-\u00eatre m\u00eame aller&hellip;\n","protected":false},"author":2,"featured_media":414414,"comment_status":"","ping_status":"","sticky":false,"template":"","format":"standard","meta":{"footnotes":""},"categories":[1590],"tags":[1111,11,1921,75,73,1777,674,1922,12,132,220,50704,133,1920,135,134],"class_list":{"0":"post-414413","1":"post","2":"type-post","3":"status-publish","4":"format-standard","5":"has-post-thumbnail","7":"category-ukraine","8":"tag-actu","9":"tag-actualites","10":"tag-article-video","11":"tag-donald-trump","12":"tag-etats-unis","13":"tag-eu","14":"tag-europe","15":"tag-info","16":"tag-news","17":"tag-russie","18":"tag-ukraine","19":"tag-ukraine-russie-des-negociations-dans-limpasse","20":"tag-video","21":"tag-video-international","22":"tag-vladimir-poutine","23":"tag-volodymyr-zelensky"},"share_on_mastodon":{"url":"https:\/\/pubeurope.com\/@fr\/115260288534404765","error":""},"_links":{"self":[{"href":"https:\/\/www.europesays.com\/fr\/wp-json\/wp\/v2\/posts\/414413","targetHints":{"allow":["GET"]}}],"collection":[{"href":"https:\/\/www.europesays.com\/fr\/wp-json\/wp\/v2\/posts"}],"about":[{"href":"https:\/\/www.europesays.com\/fr\/wp-json\/wp\/v2\/types\/post"}],"author":[{"embeddable":true,"href":"https:\/\/www.europesays.com\/fr\/wp-json\/wp\/v2\/users\/2"}],"replies":[{"embeddable":true,"href":"https:\/\/www.europesays.com\/fr\/wp-json\/wp\/v2\/comments?post=414413"}],"version-history":[{"count":0,"href":"https:\/\/www.europesays.com\/fr\/wp-json\/wp\/v2\/posts\/414413\/revisions"}],"wp:featuredmedia":[{"embeddable":true,"href":"https:\/\/www.europesays.com\/fr\/wp-json\/wp\/v2\/media\/414414"}],"wp:attachment":[{"href":"https:\/\/www.europesays.com\/fr\/wp-json\/wp\/v2\/media?parent=414413"}],"wp:term":[{"taxonomy":"category","embeddable":true,"href":"https:\/\/www.europesays.com\/fr\/wp-json\/wp\/v2\/categories?post=414413"},{"taxonomy":"post_tag","embeddable":true,"href":"https:\/\/www.europesays.com\/fr\/wp-json\/wp\/v2\/tags?post=414413"}],"curies":[{"name":"wp","href":"https:\/\/api.w.org\/{rel}","templated":true}]}}