{"id":414419,"date":"2025-09-24T16:48:12","date_gmt":"2025-09-24T16:48:12","guid":{"rendered":"https:\/\/www.europesays.com\/fr\/414419\/"},"modified":"2025-09-24T16:48:12","modified_gmt":"2025-09-24T16:48:12","slug":"en-allemagne-la-legislation-instaure-un-partage-de-la-valeur-plus-perenne","status":"publish","type":"post","link":"https:\/\/www.europesays.com\/fr\/414419\/","title":{"rendered":"\u00ab\u2009En Allemagne, la l\u00e9gislation instaure un partage de la valeur plus p\u00e9renne\u2009\u00bb"},"content":{"rendered":"<p>\t\t\tQuel cadre l\u00e9gal existe-t-il en\u00a0France et en Allemagne sur\u00a0le sujet du partage de la valeur\u2009?<\/p>\n<p>C\u00f4t\u00e9 allemand, du fait de l\u2019organisation f\u00e9d\u00e9rale, on observe plusieurs dispositifs en fonction des L\u00e4nder\u00a0(1). Au niveau f\u00e9d\u00e9ral, seul un paragraphe introduit la possibilit\u00e9, pour les porteurs de projets \u00e9oliens, d\u2019offrir aux collectivit\u00e9s concern\u00e9es un certain montant de la valeur g\u00e9n\u00e9r\u00e9e. Mais cette disposition est volontaire, et pour des raisons de fiscalit\u00e9 elle ne peut \u00eatre rendue obligatoire au niveau national.<\/p>\n<p>En France, on observe une situation un peu diff\u00e9rente, avec un \u00addispositif plus ou moins similaire, pr\u00e9sent &#8230;<\/p>\n<p class=\"blocCut__title\">\n\t\t\t\t\t\t\t\t\t[80% reste \u00e0 lire]\n\t\t\t\t\t\t\t<\/p>\n<p class=\"blocCut__title--type2\">Article r\u00e9serv\u00e9 aux abonn\u00e9s<\/p>\n<p class=\"blocCut__title--type3\">Gazette des Communes, Club Techni.Cit\u00e9s<\/p>\n<p class=\"blocCut__title--type2\">VOUS N&rsquo;\u00eaTES PAS ABONN\u00e9 ?<\/p>\n<p class=\"blocCut__title--type4\">D\u00e9couvrez nos formules et acc\u00e9dez aux articles en illimit\u00e9<\/p>\n<p>\t\t\t\t\t\t\t\t<a href=\"https:\/\/www.abonnement.infopro-digital.com\/la-gazette-des-communes\/formule\/1111\/CTA-P\" target=\"_blank\" class=\"btn__full buttonTypeA buttonTypeA--1\" rel=\"noopener\">Je m\u2019abonne<\/a><\/p>\n","protected":false},"excerpt":{"rendered":"Quel cadre l\u00e9gal existe-t-il en\u00a0France et en Allemagne sur\u00a0le sujet du partage de la valeur\u2009? C\u00f4t\u00e9 allemand, du&hellip;\n","protected":false},"author":2,"featured_media":414420,"comment_status":"","ping_status":"","sticky":false,"template":"","format":"standard","meta":{"footnotes":""},"categories":[1587],"tags":[9247,9245,47,11,54467,672,2349,1804,9244,1805,1803,47861,2830,1777,674,27,1801,12,1802,9246],"class_list":{"0":"post-414419","1":"post","2":"type-post","3":"status-publish","4":"format-standard","5":"has-post-thumbnail","7":"category-allemagne","8":"tag-actu-experts-technique","9":"tag-actu-technique","10":"tag-actualite","11":"tag-actualites","12":"tag-agarrigues","13":"tag-allemagne","14":"tag-articles-reserves","15":"tag-bundesrepublik-deutschland","16":"tag-club-technicites","17":"tag-de","18":"tag-deutschland","19":"tag-energie-air-climat","20":"tag-energies-renouvelables","21":"tag-eu","22":"tag-europe","23":"tag-france","24":"tag-germany","25":"tag-news","26":"tag-republique-federale-dallemagne","27":"tag-toute-lactu-technique"},"share_on_mastodon":{"url":"https:\/\/pubeurope.com\/@fr\/115260299919026262","error":""},"_links":{"self":[{"href":"https:\/\/www.europesays.com\/fr\/wp-json\/wp\/v2\/posts\/414419","targetHints":{"allow":["GET"]}}],"collection":[{"href":"https:\/\/www.europesays.com\/fr\/wp-json\/wp\/v2\/posts"}],"about":[{"href":"https:\/\/www.europesays.com\/fr\/wp-json\/wp\/v2\/types\/post"}],"author":[{"embeddable":true,"href":"https:\/\/www.europesays.com\/fr\/wp-json\/wp\/v2\/users\/2"}],"replies":[{"embeddable":true,"href":"https:\/\/www.europesays.com\/fr\/wp-json\/wp\/v2\/comments?post=414419"}],"version-history":[{"count":0,"href":"https:\/\/www.europesays.com\/fr\/wp-json\/wp\/v2\/posts\/414419\/revisions"}],"wp:featuredmedia":[{"embeddable":true,"href":"https:\/\/www.europesays.com\/fr\/wp-json\/wp\/v2\/media\/414420"}],"wp:attachment":[{"href":"https:\/\/www.europesays.com\/fr\/wp-json\/wp\/v2\/media?parent=414419"}],"wp:term":[{"taxonomy":"category","embeddable":true,"href":"https:\/\/www.europesays.com\/fr\/wp-json\/wp\/v2\/categories?post=414419"},{"taxonomy":"post_tag","embeddable":true,"href":"https:\/\/www.europesays.com\/fr\/wp-json\/wp\/v2\/tags?post=414419"}],"curies":[{"name":"wp","href":"https:\/\/api.w.org\/{rel}","templated":true}]}}