{"id":414429,"date":"2025-09-24T16:53:12","date_gmt":"2025-09-24T16:53:12","guid":{"rendered":"https:\/\/www.europesays.com\/fr\/414429\/"},"modified":"2025-09-24T16:53:12","modified_gmt":"2025-09-24T16:53:12","slug":"vers-des-quotas-de-livraison-pour-lutter-contre-le-commerce-parallele","status":"publish","type":"post","link":"https:\/\/www.europesays.com\/fr\/414429\/","title":{"rendered":"vers des quotas de livraison pour lutter contre le commerce parall\u00e8le ?"},"content":{"rendered":"<p class=\"article-p mdl\">Fr\u00e9d\u00e9ric Valletoux tire la sonnette d&rsquo;alarme. L&rsquo;ancien ministre de la Sant\u00e9 et plusieurs d\u00e9put\u00e9s appellent mercredi 24 septembre \u00e0 lutter davantage contre le commerce parall\u00e8le de tabac,\u00a0d\u00e9fendant notamment un texte fixant dans chaque pays des quotas de livraison.<\/p>\n<p class=\"article-p mdl\">\u00ab\u00a0Une cigarette fum\u00e9e en France <strong>doit avoir \u00e9t\u00e9 achet\u00e9e en France<\/strong>\u00ab\u00a0, r\u00e9sume le pr\u00e9sident de la commission des affaires sociales de l&rsquo;Assembl\u00e9e dans une tribune publi\u00e9e sur le site des\u00a0\u00c9chos. Une proposition de r\u00e9solution europ\u00e9enne en ce sens a \u00e9t\u00e9 adopt\u00e9e au printemps 2025 par la commission des Affaires europ\u00e9ennes de l&rsquo;Assembl\u00e9e. Fr\u00e9d\u00e9ric Valletoux a indiqu\u00e9 esp\u00e9rer, lors d&rsquo;une <strong>audition des associations anti-tabac <\/strong>et des fabricants de cigarettes, qu&rsquo;elle soit \u00ab\u00a0discut\u00e9e <strong>avant No\u00ebl<\/strong>\u00a0\u00bb dans l&rsquo;h\u00e9micycle.\u00a0<\/p>\n<p class=\"article-p mdl\">Les r\u00e9solutions europ\u00e9ennes sont des textes qui expriment la position de\u00a0<a class=\"link\" href=\"https:\/\/www.rtl.fr\/sujet\/assemblee-nationale\" target=\"_blank\" rel=\"noopener\">l&rsquo;Assembl\u00e9e nationale<\/a>\u00a0sur des textes europ\u00e9ens ou des th\u00e9matiques<strong> li\u00e9es \u00e0 l&rsquo;activit\u00e9 de l&rsquo;Union<\/strong>. Bien que la consommation de tabac ait chut\u00e9 de <strong>32% depuis les ann\u00e9es 2000<\/strong>, le commerce parall\u00e8le constitue un \u00ab\u00a0angle mort de la politique contre le tabac (&#8230;) insuffisamment pris \u00e0 bras-le-corps par les pouvoirs publics fran\u00e7ais et europ\u00e9ens\u00a0\u00bb, a point\u00e9 l&rsquo;\u00e9lu dans sa tribune. D&rsquo;apr\u00e8s lui, le commerce parall\u00e8le repr\u00e9sente \u00ab\u00a0entre <strong>14% et 17% <\/strong>de la consommation\u00a0\u00bb en France.\u00a0<\/p>\n<p>            \u00ab\u00a0Une tra\u00e7abilit\u00e9 publique et ind\u00e9pendante\u00a0\u00bb<\/p>\n<p class=\"article-p mdl\">Une partie rel\u00e8ve de la contrefa\u00e7on, mais \u00ab\u00a0l&rsquo;essentiel des volumes illicites <strong>provient de cigarettes l\u00e9galement fabriqu\u00e9es<\/strong>\u00a0\u00bb dans d&rsquo;autres pays \u00ab\u00a0\u00e0 fiscalit\u00e9 faible\u00a0\u00bb puis \u00ab\u00a0d\u00e9tourn\u00e9es\u00a0\u00bb, a ajout\u00e9 Fr\u00e9d\u00e9ric Valletoux. Selon l&rsquo;ancien ministre, \u00ab\u00a0les cigarettiers sont <strong>directement responsables<\/strong> de ce ph\u00e9nom\u00e8ne mais s&rsquo;en d\u00e9responsabilisent par des communiqu\u00e9s et des \u00e9tudes \u00e0 la m\u00e9thodologie contestable\u00a0\u00bb.<\/p>\n<p class=\"article-p mdl\">Outre les quotas, Fr\u00e9d\u00e9ric Valletoux demande \u00ab\u00a0une tra\u00e7abilit\u00e9 publique et ind\u00e9pendante, permettant le suivi de chaque paquet depuis l&rsquo;usine jusqu&rsquo;au point de vente\u00a0\u00bb. Devant les d\u00e9put\u00e9s, les principaux fabricants de cigarettes ont eux bl\u00e2m\u00e9 la politique fiscale de la France qui pousse selon eux<a class=\"link\" href=\"https:\/\/www.rtl.fr\/actu\/economie-consommation\/tabac-pres-d-une-cigarette-sur-deux-fumee-en-france-est-achetee-au-marche-noir-selon-une-etude-7900514654\" target=\"_blank\" rel=\"noopener\"> les fumeurs \u00e0 s&rsquo;approvisionner ailleurs<\/a>.<\/p>\n<p class=\"article-p mdl\">\u00ab\u00a0Dans un march\u00e9 unique europ\u00e9en o\u00f9 il y a une libre circulation des personnes, (&#8230;) conditionner les fournitures aux distributeurs \u00e0 la nationalit\u00e9 des consommateurs, (&#8230;)<strong> serait contraire au droit europ\u00e9en<\/strong>\u00ab\u00a0, a d\u00e9fendu St\u00e9phanie Martel, directrice des affaires externes de\u00a0<a class=\"link\" href=\"https:\/\/www.pmi.com\/markets\/france\/fr\/accueil\" target=\"_blank\" rel=\"noopener\">Philip Morris France<\/a>.<\/p>\n<p class=\"article-p mdl\">\u00ab\u00a0En France, le prix moyen d&rsquo;un paquet est presque \u00e0 <strong>13 euros<\/strong>\u00a0\u00bb contre 5 \u00e0 7 euros \u00ab\u00a0en Espagne, Italie ou Luxembourg\u00a0\u00bb, a aussi point\u00e9 S\u00e9bastien Charbonneau de British American Tobacco France, qualifiant la fiscalit\u00e9 du pays d&rsquo;une \u00ab\u00a0des <strong>plus punitives d&rsquo;Europe\u00a0\u00bb.<\/strong><\/p>\n<p>    La r\u00e9daction vous recommande<\/p>\n<p class=\"s-newsletter__title\">\n                L\u2019actualit\u00e9 par la r\u00e9daction de RTL dans votre bo\u00eete mail.\n            <\/p>\n<p class=\"s-newsletter__subtitle\">\n                Gr\u00e2ce \u00e0 votre compte RTL abonnez-vous \u00e0 la newsletter RTL info pour suivre toute l&rsquo;actualit\u00e9 au quotidien\n            <\/p>\n<p>\n                                    Lire la suite\n                                <\/p>\n","protected":false},"excerpt":{"rendered":"Fr\u00e9d\u00e9ric Valletoux tire la sonnette d&rsquo;alarme. L&rsquo;ancien ministre de la Sant\u00e9 et plusieurs d\u00e9put\u00e9s appellent mercredi 24 septembre&hellip;\n","protected":false},"author":2,"featured_media":414430,"comment_status":"","ping_status":"","sticky":false,"template":"","format":"standard","meta":{"footnotes":""},"categories":[4],"tags":[11,6583,215,107,1011,27,12,25,5898],"class_list":{"0":"post-414429","1":"post","2":"type-post","3":"status-publish","4":"format-standard","5":"has-post-thumbnail","7":"category-france","8":"tag-actualites","9":"tag-cigarette","10":"tag-commerce","11":"tag-fil-info","12":"tag-fr","13":"tag-france","14":"tag-news","15":"tag-republique-francaise","16":"tag-tabagisme"},"share_on_mastodon":{"url":"https:\/\/pubeurope.com\/@fr\/115260319562872764","error":""},"_links":{"self":[{"href":"https:\/\/www.europesays.com\/fr\/wp-json\/wp\/v2\/posts\/414429","targetHints":{"allow":["GET"]}}],"collection":[{"href":"https:\/\/www.europesays.com\/fr\/wp-json\/wp\/v2\/posts"}],"about":[{"href":"https:\/\/www.europesays.com\/fr\/wp-json\/wp\/v2\/types\/post"}],"author":[{"embeddable":true,"href":"https:\/\/www.europesays.com\/fr\/wp-json\/wp\/v2\/users\/2"}],"replies":[{"embeddable":true,"href":"https:\/\/www.europesays.com\/fr\/wp-json\/wp\/v2\/comments?post=414429"}],"version-history":[{"count":0,"href":"https:\/\/www.europesays.com\/fr\/wp-json\/wp\/v2\/posts\/414429\/revisions"}],"wp:featuredmedia":[{"embeddable":true,"href":"https:\/\/www.europesays.com\/fr\/wp-json\/wp\/v2\/media\/414430"}],"wp:attachment":[{"href":"https:\/\/www.europesays.com\/fr\/wp-json\/wp\/v2\/media?parent=414429"}],"wp:term":[{"taxonomy":"category","embeddable":true,"href":"https:\/\/www.europesays.com\/fr\/wp-json\/wp\/v2\/categories?post=414429"},{"taxonomy":"post_tag","embeddable":true,"href":"https:\/\/www.europesays.com\/fr\/wp-json\/wp\/v2\/tags?post=414429"}],"curies":[{"name":"wp","href":"https:\/\/api.w.org\/{rel}","templated":true}]}}