{"id":41443,"date":"2025-04-21T12:05:10","date_gmt":"2025-04-21T12:05:10","guid":{"rendered":"https:\/\/www.europesays.com\/fr\/41443\/"},"modified":"2025-04-21T12:05:10","modified_gmt":"2025-04-21T12:05:10","slug":"les-trois-deplacements-en-france-du-pape-francois","status":"publish","type":"post","link":"https:\/\/www.europesays.com\/fr\/41443\/","title":{"rendered":"les trois d\u00e9placements en France du pape Fran\u00e7ois"},"content":{"rendered":"<p>En douze ans de pontificat, le pape Fran\u00e7ois d\u00e9c\u00e9d\u00e9 lundi, a effectu\u00e9 trois d\u00e9placements en France: \u00e0 Strasbourg en 2014, \u00e0 Marseille en 2023 et en Corse en 2024.<\/p>\n<p>M\u00eame s&rsquo;il n&rsquo;y a jamais effectu\u00e9 de visite d\u2019\u00c9tat officielle, la France a ainsi b\u00e9n\u00e9fici\u00e9 d&rsquo;un traitement de faveur en \u00e9tant le pays le plus visit\u00e9 par le j\u00e9suite argentin qui ne s\u2019est jamais rendu en Allemagne, en Espagne ou au Royaume Uni par exemple.<\/p>\n<p>\u00a0<\/p>\n<p>Strasbourg (25 novembre 2014)<\/p>\n<p>\u00c9lu depuis vingt mois, le souverain pontife s&rsquo;est rendu \u00e0 Strasbourg le 25 novembre 2014 pour une visite \u00e9clair consacr\u00e9e aux institutions europ\u00e9ennes.<\/p>\n<p>Purement institutionnel, ce d\u00e9placement de quatre heures n&rsquo;a inclus ni sortie publique, ni bain de foule, \u00e0 la grande d\u00e9ception des fid\u00e8les cantonn\u00e9s derri\u00e8re un \u00e9cran g\u00e9ant dans la cath\u00e9drale.<\/p>\n<p>Cela n&rsquo;a pas emp\u00each\u00e9 les catholiques de r\u00e9server un accueil chaleureux au pape, applaudissant son atterrissage diffus\u00e9 sur \u00e9cran g\u00e9ant. Les cloches de la ville ont ensuite sonn\u00e9 \u00e0 l&rsquo;unisson lorsqu&rsquo;il est arriv\u00e9 au Parlement europ\u00e9en.<\/p>\n<p>En pleine crise des migrants, Fran\u00e7ois a pendant cette visite exhort\u00e9 une Europe \u00ab\u00a0vieillie\u00a0\u00bb, qu&rsquo;il a compar\u00e9e \u00e0 une \u00ab\u00a0grand-m\u00e8re\u00a0\u00bb fatigu\u00e9e, \u00e0 surmonter les tensions pour redevenir une \u00ab\u00a0r\u00e9f\u00e9rence pour l&rsquo;humanit\u00e9\u00a0\u00bb, capable d&rsquo;accueillir les exil\u00e9s.<\/p>\n<p>\u00a0<\/p>\n<p>Marseille (22 et 23 septembre 2023)<\/p>\n<p>Le th\u00e8me des migrants a \u00e9galement \u00e9t\u00e9 au c\u0153ur du second d\u00e9placement du souverain pontife en France, pour assister aux Rencontres m\u00e9diterran\u00e9ennes les 22 et 23 septembre 2023. Il avait bien insist\u00e9 en amont qu&rsquo;il se rendait \u00ab\u00a0\u00e0 Marseille, pas en France\u00a0\u00bb.<\/p>\n<p>Mais l&rsquo;\u00e9cho m\u00e9diatique et politique de cette visite a soulign\u00e9 le lien profond entre les catholiques fran\u00e7ais et le pape argentin, qui a lanc\u00e9: \u00ab\u00a0Bonjour Marseille, bonjour la France!\u00a0\u00bb au d\u00e9but de la messe g\u00e9ante concluant sa visite au stade V\u00e9lodrome.<\/p>\n<p>Apr\u00e8s un bain de foule sur l&rsquo;avenue du Prado et un tour de la pelouse du stade en papamobile, Fran\u00e7ois a c\u00e9l\u00e9br\u00e9 cet office devant 60.000 fid\u00e8les qui l&rsquo;avaient accueilli dans une ambiance survolt\u00e9e.<\/p>\n<p>Lors de cette visite d&rsquo;un peu moins de 48 heures, le pape a aussi d\u00e9livr\u00e9 un message tr\u00e8s politique.<\/p>\n<p>\u00ab\u00a0Ceux qui risquent leur vie en mer n&rsquo;envahissent pas, ils cherchent hospitalit\u00e9\u00a0\u00bb, a-t-il affirm\u00e9 dans son discours de cl\u00f4ture des Rencontres m\u00e9diterran\u00e9ennes, apr\u00e8s avoir fustig\u00e9 la veille la \u00a0\u00ab\u00a0peur\u00a0\u00bb et \u00ab\u00a0l&rsquo;indiff\u00e9rence\u00a0\u00bb face au sort de ceux qui cherchent \u00e0 traverser la M\u00e9diterran\u00e9e.<\/p>\n<p>Avant son d\u00e9part, le pape a rencontr\u00e9 Emmanuel et Brigitte Macron \u00e0 l&rsquo;a\u00e9roport de Marseille.<\/p>\n<p>\u00a0<\/p>\n<p>Ajaccio (15 d\u00e9cembre 2025)<\/p>\n<p>Pour la derni\u00e8re visite \u00e0 l&rsquo;\u00e9tranger de son pontificat, <a href=\"https:\/\/maritima.fr\/actualites\/national\/france\/4597\/le-pape-en-corse-plaide-pour-une-laicite-qui-ne-soit-pas-statique-et-figee\" target=\"_blank\" rel=\"noopener nofollow\">Fran\u00e7ois s&rsquo;est rendu le 15 d\u00e9cembre 2025 en Corse<\/a>, une semaine apr\u00e8s avoir boud\u00e9 une invitation \u00e0 Paris pour la r\u00e9ouverture de la cath\u00e9drale Notre-Dame.<\/p>\n<p>L&rsquo;objectif \u00e9tait cette fois un colloque sur \u00ab\u00a0la religiosit\u00e9 populaire en M\u00e9diterran\u00e9e\u00a0\u00bb, occasion pour le pape de d\u00e9fendre un concept de la\u00efcit\u00e9 \u00ab\u00a0qui ne soit pas statique et fig\u00e9, mais \u00e9volutif et dynamique\u00a0\u00bb.<\/p>\n<p>Accueilli \u00e0 Ajaccio par 12.000 fid\u00e8les, le pape a, malgr\u00e9 la fatigue le clouant dans un fauteuil roulant, encha\u00een\u00e9 les \u00e9tapes lors de cette visite \u00e9clair: bains de foule et b\u00e9n\u00e9dictions r\u00e9p\u00e9t\u00e9es de b\u00e9b\u00e9s et d&rsquo;enfants, plusieurs discours, puis une grande messe dans le th\u00e9\u00e2tre de verdure de la ville.<\/p>\n<p>L\u00e0 aussi, il s&rsquo;est entretenu \u00e0 l&rsquo;a\u00e9roport avec Emmanuel Macron juste avant son d\u00e9part.<\/p>\n<p>\u00a0<\/p>\n<p>\u00a0<\/p>\n<p>\u00a9 Agence France-Presse<\/p>\n","protected":false},"excerpt":{"rendered":"En douze ans de pontificat, le pape Fran\u00e7ois d\u00e9c\u00e9d\u00e9 lundi, a effectu\u00e9 trois d\u00e9placements en France: \u00e0 Strasbourg&hellip;\n","protected":false},"author":2,"featured_media":41444,"comment_status":"","ping_status":"","sticky":false,"template":"","format":"standard","meta":{"footnotes":""},"categories":[2820],"tags":[1111,11,1777,674,1011,27,775,884,18,12,4692,25,640],"class_list":{"0":"post-41443","1":"post","2":"type-post","3":"status-publish","4":"format-standard","5":"has-post-thumbnail","7":"category-strasbourg","8":"tag-actu","9":"tag-actualites","10":"tag-eu","11":"tag-europe","12":"tag-fr","13":"tag-france","14":"tag-grand-est","15":"tag-marseille","16":"tag-mort","17":"tag-news","18":"tag-pape-francois","19":"tag-republique-francaise","20":"tag-strasbourg"},"share_on_mastodon":{"url":"https:\/\/pubeurope.com\/@fr\/114375866715716241","error":""},"_links":{"self":[{"href":"https:\/\/www.europesays.com\/fr\/wp-json\/wp\/v2\/posts\/41443","targetHints":{"allow":["GET"]}}],"collection":[{"href":"https:\/\/www.europesays.com\/fr\/wp-json\/wp\/v2\/posts"}],"about":[{"href":"https:\/\/www.europesays.com\/fr\/wp-json\/wp\/v2\/types\/post"}],"author":[{"embeddable":true,"href":"https:\/\/www.europesays.com\/fr\/wp-json\/wp\/v2\/users\/2"}],"replies":[{"embeddable":true,"href":"https:\/\/www.europesays.com\/fr\/wp-json\/wp\/v2\/comments?post=41443"}],"version-history":[{"count":0,"href":"https:\/\/www.europesays.com\/fr\/wp-json\/wp\/v2\/posts\/41443\/revisions"}],"wp:featuredmedia":[{"embeddable":true,"href":"https:\/\/www.europesays.com\/fr\/wp-json\/wp\/v2\/media\/41444"}],"wp:attachment":[{"href":"https:\/\/www.europesays.com\/fr\/wp-json\/wp\/v2\/media?parent=41443"}],"wp:term":[{"taxonomy":"category","embeddable":true,"href":"https:\/\/www.europesays.com\/fr\/wp-json\/wp\/v2\/categories?post=41443"},{"taxonomy":"post_tag","embeddable":true,"href":"https:\/\/www.europesays.com\/fr\/wp-json\/wp\/v2\/tags?post=41443"}],"curies":[{"name":"wp","href":"https:\/\/api.w.org\/{rel}","templated":true}]}}