{"id":414437,"date":"2025-09-24T16:59:10","date_gmt":"2025-09-24T16:59:10","guid":{"rendered":"https:\/\/www.europesays.com\/fr\/414437\/"},"modified":"2025-09-24T16:59:10","modified_gmt":"2025-09-24T16:59:10","slug":"marquez-big-in-japan","status":"publish","type":"post","link":"https:\/\/www.europesays.com\/fr\/414437\/","title":{"rendered":"Marquez Big in Japan ?"},"content":{"rendered":"<p>Bon d&rsquo;abord la musique d&rsquo;Alphaville&#8230; Pour ceux qui veulent entrer dans les frissons des ann\u00e9es d&rsquo;or eighties <a href=\"https:\/\/www.youtube.com\/watch?v=tl6u2NASUzU\" target=\"_blank\" rel=\"noopener\"><strong>c&rsquo;est ici.<\/strong>..<\/a>\u00a0Alors pourquoi Marquez Big in Japan\u00a0? Parce qu\u2019il a d\u00e9j\u00e0 d\u00e9croch\u00e9 trois titres MotoGP au Japon, en <strong>2014, 2016 et 2018<\/strong>. 2014 est son deuxi\u00e8me titre MotoGP, il termine trois GP avant la fin. Une saison de folie, treize victoires (battant le record de douze de Doohan) dont les dix premi\u00e8res d\u2019affil\u00e9e\u00a0! Il colle pr\u00e8s de 70 points \u00e0 Rossi\u2026 (Rossi\u00a0: dernier titre en 2009, derni\u00e8re victoire en 2017). L\u2019ann\u00e9e suivante est donn\u00e9e \u00e0 Lorenzo sur le tapis vert apr\u00e8s une p\u00e9nalit\u00e9 inf\u00e2me impos\u00e9e \u00e0 Rossi suite \u00e0 son furieux combat avec Marquez \u00e0 Sepang. 2016 est donc le troisi\u00e8me titre MotoGP de Marquez, il n\u2019a gagn\u00e9 que cinq GP mais a seulement une seule chute, un record chez lui, en Australie. Mais il \u00e9tait d\u00e9j\u00e0 titr\u00e9 depuis le Japon\u2026 Il termine avec une cinquantaine de points au g\u00e9n\u00e9ral devant Rossi\u2026 En 2018, il gagne neuf fois sur dix-huit GP, c\u2019est Dovizioso qui est vice-champion du monde. On en ajoute encore un peu dans la symbolique, tellement importante dans la culture japonaise (mais aussi dans celle de l\u2019humanit\u00e9, quand elle pense \u00e0 autre chose qu\u2019\u00e0 massacrer\u2026). Si Marquez gagne ce GP du Japon, ce sera <strong>sa centi\u00e8me victoire TTC, toutes cat\u00e9gories confondues<\/strong>\u2026 \u00a0L\u2019an dernier il avait termin\u00e9 troisi\u00e8me, quatre secondes derri\u00e8re \u00a0Bagnaia, Martin \u00e9tait deux. Vivement qu\u2019ils reviennent devant ces deux-l\u00e0\u00a0!\u00a0\u00a0<\/p>\n<p>\u00a0<\/p>\n","protected":false},"excerpt":{"rendered":"Bon d&rsquo;abord la musique d&rsquo;Alphaville&#8230; Pour ceux qui veulent entrer dans les frissons des ann\u00e9es d&rsquo;or eighties c&rsquo;est&hellip;\n","protected":false},"author":2,"featured_media":414438,"comment_status":"","ping_status":"","sticky":false,"template":"","format":"standard","meta":{"footnotes":""},"categories":[1413],"tags":[17,54469,4266,1011,27,2070,1461,54468,1457,1456,1458,60],"class_list":{"0":"post-414437","1":"post","2":"type-post","3":"status-publish","4":"format-standard","5":"has-post-thumbnail","7":"category-moto","8":"tag-17","9":"tag-big-in-japan","10":"tag-ducati","11":"tag-fr","12":"tag-france","13":"tag-japon","14":"tag-marc-marquez","15":"tag-motegi","16":"tag-moto","17":"tag-motocycle","18":"tag-motogp","19":"tag-sports"},"share_on_mastodon":{"url":"https:\/\/pubeurope.com\/@fr\/115260343304123142","error":""},"_links":{"self":[{"href":"https:\/\/www.europesays.com\/fr\/wp-json\/wp\/v2\/posts\/414437","targetHints":{"allow":["GET"]}}],"collection":[{"href":"https:\/\/www.europesays.com\/fr\/wp-json\/wp\/v2\/posts"}],"about":[{"href":"https:\/\/www.europesays.com\/fr\/wp-json\/wp\/v2\/types\/post"}],"author":[{"embeddable":true,"href":"https:\/\/www.europesays.com\/fr\/wp-json\/wp\/v2\/users\/2"}],"replies":[{"embeddable":true,"href":"https:\/\/www.europesays.com\/fr\/wp-json\/wp\/v2\/comments?post=414437"}],"version-history":[{"count":0,"href":"https:\/\/www.europesays.com\/fr\/wp-json\/wp\/v2\/posts\/414437\/revisions"}],"wp:featuredmedia":[{"embeddable":true,"href":"https:\/\/www.europesays.com\/fr\/wp-json\/wp\/v2\/media\/414438"}],"wp:attachment":[{"href":"https:\/\/www.europesays.com\/fr\/wp-json\/wp\/v2\/media?parent=414437"}],"wp:term":[{"taxonomy":"category","embeddable":true,"href":"https:\/\/www.europesays.com\/fr\/wp-json\/wp\/v2\/categories?post=414437"},{"taxonomy":"post_tag","embeddable":true,"href":"https:\/\/www.europesays.com\/fr\/wp-json\/wp\/v2\/tags?post=414437"}],"curies":[{"name":"wp","href":"https:\/\/api.w.org\/{rel}","templated":true}]}}