{"id":414439,"date":"2025-09-24T17:00:13","date_gmt":"2025-09-24T17:00:13","guid":{"rendered":"https:\/\/www.europesays.com\/fr\/414439\/"},"modified":"2025-09-24T17:00:13","modified_gmt":"2025-09-24T17:00:13","slug":"verstappen-engage-avec-une-ferrari-gt3-sur-le-nurburgring","status":"publish","type":"post","link":"https:\/\/www.europesays.com\/fr\/414439\/","title":{"rendered":"Verstappen engag\u00e9 avec une Ferrari GT3 sur le N\u00fcrburgring"},"content":{"rendered":"<p>Pas de repos pour <a href=\"https:\/\/fr.motorsport.com\/driver\/max-verstappen\/93029\/\" target=\"_blank\" rel=\"noopener\">Max Verstappen<\/a> ! Comme il fallait s&rsquo;y attendre, le quadruple champion du monde de Formule\u00a01 va faire son retour sur le N\u00fcrburgring d\u00e8s ce week-end, \u00e0 nouveau entre deux Grands Prix. Apr\u00e8s sa victoire \u00e0 Bakou et avant de rejoindre Singapour, et <a href=\"https:\/\/fr.motorsport.com\/endurance\/news\/verstappen-decroche-permis-nurburgring-nordschleife\/10759230\/\" target=\"_blank\" rel=\"noopener\">d\u00e9sormais titulaire du pr\u00e9cieux A-Permit<\/a> pour la Nordschleife, il sera a nouveau engag\u00e9 sur une manche du championnat NLS, la neuvi\u00e8me du calendrier.\u00a0<\/p>\n<p>Cette fois-ci, pas de machine brid\u00e9e, et direction la cat\u00e9gorie GT3 pour le pilote n\u00e9erlandais, qui sera donc en lice pour la victoire au classement g\u00e9n\u00e9ral et armes \u00e9gales avec ses concurrents. Il fera \u00e0 nouveau \u00e9quipe avec <a href=\"https:\/\/fr.motorsport.com\/driver\/chris-lulham\/957997\/\" target=\"_blank\" rel=\"noopener\">Chris Lulham<\/a>, au volant d&rsquo;une Ferrari 296 GT3 pr\u00e9par\u00e9e par l&rsquo;\u00e9quipe Emil Frey Racing, et qu&rsquo;il avait d\u00e9j\u00e0 test\u00e9e en mai dernier sur la l\u00e9gendaire boucle nord sous le pseudonyme de Franz Hermann (photo ci-dessus).<\/p>\n<p>L&rsquo;\u00e9preuve aura lieu samedi 27 septembre sur la l\u00e9gendaire boucle nord, avec un plateau \u00e0 la cat\u00e9gorie GT3 assez r\u00e9duite puisqu&rsquo;il comptera 11 engag\u00e9s. Cette baisse du nombre de concurrents est un ph\u00e9nom\u00e8ne habituel \u00e0 cette p\u00e9riode de l&rsquo;ann\u00e9e, une fois que les 24 Heures du N\u00fcrburgring sont pass\u00e9es et qu&rsquo;il n&rsquo;est plus n\u00e9cessaire de s&rsquo;y pr\u00e9parer.\u00a0<\/p>\n<p>Pour Max Verstappen, il s&rsquo;agit d&rsquo;accumuler encore plus d&rsquo;exp\u00e9rience, lui qui a pour objectif d&rsquo;\u00eatre au d\u00e9part de l&rsquo;\u00e9dition 2026 du double tour d&rsquo;horloge, <a href=\"https:\/\/fr.motorsport.com\/GTWCE\/news\/red-bull-annonce-verstappen-24h-nurburgring-2026\/10760542\/\" target=\"_blank\" rel=\"noopener\">ce qu&rsquo;a d&rsquo;ores et d\u00e9j\u00e0 confirm\u00e9 Helmut Marko au nom de Red Bull Racing<\/a>. On ignore encore s&rsquo;il s&rsquo;agira de la derni\u00e8re apparition du pilote de 27 ans sur le N\u00fcrburgring cette ann\u00e9e, puisque la derni\u00e8re date du championnat NLS, le 11 octobre, est \u00e9galement libre de tout Grand Prix de Formule 1.\u00a0<\/p>\n<p>Une nouvelle fois, la journ\u00e9e de comp\u00e9tition de Max Verstappen sur la Nordschleife pourra \u00eatre suivie en direct et en int\u00e9gralit\u00e9 sur\u00a0<strong>Motorsport.com<\/strong>, gr\u00e2ce \u00e0 <a href=\"https:\/\/motorsport.tv\" target=\"_blank\" rel=\"noopener\">Motorsport.tv<\/a>, qui proposera un live streaming des qualifications (avec commentaires en allemand, de 8h30 \u00e0 10h) dans la matin\u00e9e, puis un live streaming de la course de quatre heures (avec commentaires en anglais, d\u00e9part donn\u00e9 \u00e0 midi).\u00a0<\/p>\n<p>Lire aussi :<\/p>\n","protected":false},"excerpt":{"rendered":"Pas de repos pour Max Verstappen ! Comme il fallait s&rsquo;y attendre, le quadruple champion du monde de&hellip;\n","protected":false},"author":2,"featured_media":414440,"comment_status":"","ping_status":"","sticky":false,"template":"","format":"standard","meta":{"footnotes":""},"categories":[1412],"tags":[54472,54471,9077,1451,1452,1453,1454,1455,1011,27,51812,2236,2255,60,54470],"class_list":{"0":"post-414439","1":"post","2":"type-post","3":"status-publish","4":"format-standard","5":"has-post-thumbnail","7":"category-f1","8":"tag-chris-lulham","9":"tag-emil-frey-racing","10":"tag-endurance","11":"tag-f1","12":"tag-formula-1","13":"tag-formula1","14":"tag-formule-1","15":"tag-formule1","16":"tag-fr","17":"tag-france","18":"tag-gt","19":"tag-max-verstappen","20":"tag-red-bull","21":"tag-sports","22":"tag-verstappen-engagu00e9-avec-une-ferrari-gt3-sur-le-nu00fcrburgring"},"share_on_mastodon":{"url":"https:\/\/pubeurope.com\/@fr\/115260347186409204","error":""},"_links":{"self":[{"href":"https:\/\/www.europesays.com\/fr\/wp-json\/wp\/v2\/posts\/414439","targetHints":{"allow":["GET"]}}],"collection":[{"href":"https:\/\/www.europesays.com\/fr\/wp-json\/wp\/v2\/posts"}],"about":[{"href":"https:\/\/www.europesays.com\/fr\/wp-json\/wp\/v2\/types\/post"}],"author":[{"embeddable":true,"href":"https:\/\/www.europesays.com\/fr\/wp-json\/wp\/v2\/users\/2"}],"replies":[{"embeddable":true,"href":"https:\/\/www.europesays.com\/fr\/wp-json\/wp\/v2\/comments?post=414439"}],"version-history":[{"count":0,"href":"https:\/\/www.europesays.com\/fr\/wp-json\/wp\/v2\/posts\/414439\/revisions"}],"wp:featuredmedia":[{"embeddable":true,"href":"https:\/\/www.europesays.com\/fr\/wp-json\/wp\/v2\/media\/414440"}],"wp:attachment":[{"href":"https:\/\/www.europesays.com\/fr\/wp-json\/wp\/v2\/media?parent=414439"}],"wp:term":[{"taxonomy":"category","embeddable":true,"href":"https:\/\/www.europesays.com\/fr\/wp-json\/wp\/v2\/categories?post=414439"},{"taxonomy":"post_tag","embeddable":true,"href":"https:\/\/www.europesays.com\/fr\/wp-json\/wp\/v2\/tags?post=414439"}],"curies":[{"name":"wp","href":"https:\/\/api.w.org\/{rel}","templated":true}]}}