{"id":414455,"date":"2025-09-24T17:09:30","date_gmt":"2025-09-24T17:09:30","guid":{"rendered":"https:\/\/www.europesays.com\/fr\/414455\/"},"modified":"2025-09-24T17:09:30","modified_gmt":"2025-09-24T17:09:30","slug":"cette-mauvaise-idee-a-laquelle-vous-avez-echappe-pour-le-prequel-de-rambo","status":"publish","type":"post","link":"https:\/\/www.europesays.com\/fr\/414455\/","title":{"rendered":"Cette mauvaise id\u00e9e \u00e0 laquelle vous avez \u00e9chapp\u00e9 pour le pr\u00e9quel de Rambo !"},"content":{"rendered":"<p>\u00c0 l\u2019image de la saga Rocky qui s\u2019\u00e9crit d\u00e9sormais par l\u2019interm\u00e9diaire d\u2019Adonis Creed et Michael B. Jordan, une autre franchise va ressusciter sans celui qui l\u2019aura incarn\u00e9 pendant plus de 37 ans.<strong> La production d\u2019un nouveau Rambo<\/strong> a eu le feu vert et elle se fera <strong>sans Sylvester Stallone<\/strong>.<\/p>\n<p>L\u2019acteur vieillissant laisse sa place \u00e0 une version rajeunie, puisqu\u2019il s\u2019agira d\u2019<strong>un pr\u00e9quel centr\u00e9 sur le d\u00e9ploiement du futur b\u00e9ret vert au Vietnam<\/strong>, lui cr\u00e9ant ainsi les traumas qu\u2019on lui conna\u00eet. Et si cela n\u2019a pas encore \u00e9t\u00e9 officialis\u00e9, John Rambo devrait prendre les traits de <strong>Noah Centineo<\/strong>, lui qui a d\u00e9j\u00e0 pris plusieurs kilos de muscles pour incarner Ken dans la nouvelle adaptation de <a href=\"https:\/\/www.journaldugeek.com\/2025\/06\/27\/le-film-street-fighter-annonce-son-casting-et-cest-deja-ringard-mais\/\" target=\"_blank\" rel=\"false noopener\">Street Fighter<\/a>.<\/p>\n<p><strong>Sylvester Stallone n\u2019est aucunement impliqu\u00e9 dans le projet<\/strong> et son dernier fait d\u2019armes dans la peau du personnage restera le<a href=\"https:\/\/www.journaldugeek.com\/critique\/critique-rambo-last-blood\/\" target=\"_blank\" rel=\"false noopener\"> Rambo\u00a0: Last Blood <\/a>de 2019, qui n\u2019aura pas marqu\u00e9 l\u2019inconscient collectif. Toutefois, cela n\u2019emp\u00eache pas l\u2019acteur d\u2019avoir son avis sur le sujet, comme il l\u2019a exprim\u00e9 lors d\u2019une interview \u00e0 ScreenRant pour la sortie de la saison 3 de Tulsa King.<\/p>\n<p>Et s\u2019il souhaite le meilleur au projet, il ne cache pas qu\u2019<strong>il avait lui-m\u00eame r\u00e9fl\u00e9chi \u00e0 poursuivre la licence sous forme de pr\u00e9quel<\/strong>. Mais le temps de se questionner sur la faisabilit\u00e9 du m\u00e9trage, cette nouvelle production avait pris le relais, sous la direction de<strong> Jalmari Helander<\/strong> (responsable du tr\u00e8s bourrin <a href=\"https:\/\/www.journaldugeek.com\/critique\/critique-sisu-de-lor-et-du-sang-carnage-a-trois-francs-sisu\/\" target=\"_blank\" rel=\"false noopener\">Sisu\u00a0: de l\u2019or et du sang<\/a>). On a envie de dire\u2026 heureusement.<\/p>\n<p> Un Rambo sous IA <\/p>\n<p>Sous la supervision de Sylvester Stallone, le film aurait \u00e9galement retrac\u00e9 les d\u00e9buts de John Rambo, n\u2019h\u00e9sitant pas \u00e0 r\u00e9\u00e9crire un peu les \u00e9v\u00e9nements connus. On aurait eu droit \u00e0 <strong>un John premier de la classe, roi du bal, populaire<\/strong>\u2026 bref l\u2019adolescent id\u00e9al make america great again \u2013 on rappelle que Sly est un gros soutien de Trump.<\/p>\n<p> <img loading=\"lazy\" decoding=\"async\" class=\"size-full wp-image-50571897\" src=\"https:\/\/www.europesays.com\/fr\/wp-content\/uploads\/2025\/09\/rambo-idee-prequel-sly-2.jpg\" alt=\"Rambo\u00a0: cette id\u00e9e de film \u00e0 laquelle vous avez \u00e9chapp\u00e9 (ouf)\" width=\"1920\" height=\"1280\"  \/>\u00a9 Orion Pictures <\/p>\n<p>Et lorsqu\u2019il part pour la guerre, il y va \u00e0 la cool, pensant \u00e0 une petite mission rapide. Sauf que<strong> ses amis et lui auraient \u00e9t\u00e9 captur\u00e9s et John les aurait vu se faire torturer et assassiner les uns apr\u00e8s les autres<\/strong>, cr\u00e9ant ainsi le soldat sans piti\u00e9 qu\u2019il sera plus tard. Bon, jusque-l\u00e0, si on peut y trouver \u00e0 redire niveau sc\u00e9nario, il n\u2019y a pas encore de quoi crier au scandale, juste au mauvais film.<\/p>\n<p>Sauf que Stallone est un<strong> fervent d\u00e9fenseur de l\u2019IA<\/strong> et qu\u2019il envisageait de faire ce film sans changer d\u2019acteur, simplement en <strong>le rajeunissant par IA<\/strong> comme cela a \u00e9t\u00e9 le cas pour Harrison Ford dans la sc\u00e8ne introductive du dernier <a href=\"https:\/\/www.journaldugeek.com\/critique\/critique-indiana-jones-5-chapeau-lartiste\/\" target=\"_blank\" rel=\"false noopener\">Indiana Jones<\/a>. Les d\u00e9tails de son utilisation de l\u2019IA sont assez flous, m\u00eame pour lui, mais il semblerait que l\u2019outil aurait pu s<strong>ervir davantage tout au long de la production<\/strong>. En occultant le fait que la technologie n\u2019est pas assez performante, encore actuellement, pour accomplir cette id\u00e9e tout un long-m\u00e9trage avec un r\u00e9sultat exploitable, ni m\u00eame parler de la facture, il faut reconna\u00eetre que cela ressemble davantage \u00e0 un projet narcissique qu\u2019\u00e0 une d\u00e9marche artistique.<\/p>\n<p>Le futur pr\u00e9quel a au moins une qualit\u00e9, nous avoir \u00e9pargn\u00e9 \u00e7a.<\/p>\n<blockquote>\n<p class=\"text-base text-neutral-700 dark:text-neutral-300\">\ud83d\udfe3 Pour ne manquer aucune news sur le Journal du Geek, abonnez-vous sur <a href=\"https:\/\/news.google.com\/publications\/CAAqBwgKMNr_hAswwYyCAw?hl=fr&amp;gl=FR&amp;ceid=FR%3Afr\" target=\"_blank\" rel=\"noopener\">Google Actualit\u00e9s<\/a> et sur <a href=\"https:\/\/whatsapp.com\/channel\/0029VaClM5y4tRry12tb7D2h\" target=\"_blank\" rel=\"noopener\">notre WhatsApp<\/a>. Et si vous nous adorez, on a <a href=\"https:\/\/www.journaldugeek.com\/newsletter\/\" target=\"_blank\" rel=\"noopener\">une newsletter tous les matins<\/a>.<\/p>\n<\/blockquote>\n","protected":false},"excerpt":{"rendered":"\u00c0 l\u2019image de la saga Rocky qui s\u2019\u00e9crit d\u00e9sormais par l\u2019interm\u00e9diaire d\u2019Adonis Creed et Michael B. Jordan, une&hellip;\n","protected":false},"author":2,"featured_media":399054,"comment_status":"","ping_status":"","sticky":false,"template":"","format":"standard","meta":{"footnotes":""},"categories":[1354],"tags":[58,59,1346,1011,27,223,1360,46122,5895],"class_list":{"0":"post-414455","1":"post","2":"type-post","3":"status-publish","4":"format-standard","5":"has-post-thumbnail","7":"category-films","8":"tag-divertissement","9":"tag-entertainment","10":"tag-films","11":"tag-fr","12":"tag-france","13":"tag-intelligence-artificielle","14":"tag-movies","15":"tag-rambo","16":"tag-sylvester-stallone"},"share_on_mastodon":{"url":"https:\/\/pubeurope.com\/@fr\/115260382591156398","error":""},"_links":{"self":[{"href":"https:\/\/www.europesays.com\/fr\/wp-json\/wp\/v2\/posts\/414455","targetHints":{"allow":["GET"]}}],"collection":[{"href":"https:\/\/www.europesays.com\/fr\/wp-json\/wp\/v2\/posts"}],"about":[{"href":"https:\/\/www.europesays.com\/fr\/wp-json\/wp\/v2\/types\/post"}],"author":[{"embeddable":true,"href":"https:\/\/www.europesays.com\/fr\/wp-json\/wp\/v2\/users\/2"}],"replies":[{"embeddable":true,"href":"https:\/\/www.europesays.com\/fr\/wp-json\/wp\/v2\/comments?post=414455"}],"version-history":[{"count":0,"href":"https:\/\/www.europesays.com\/fr\/wp-json\/wp\/v2\/posts\/414455\/revisions"}],"wp:featuredmedia":[{"embeddable":true,"href":"https:\/\/www.europesays.com\/fr\/wp-json\/wp\/v2\/media\/399054"}],"wp:attachment":[{"href":"https:\/\/www.europesays.com\/fr\/wp-json\/wp\/v2\/media?parent=414455"}],"wp:term":[{"taxonomy":"category","embeddable":true,"href":"https:\/\/www.europesays.com\/fr\/wp-json\/wp\/v2\/categories?post=414455"},{"taxonomy":"post_tag","embeddable":true,"href":"https:\/\/www.europesays.com\/fr\/wp-json\/wp\/v2\/tags?post=414455"}],"curies":[{"name":"wp","href":"https:\/\/api.w.org\/{rel}","templated":true}]}}