{"id":414456,"date":"2025-09-24T17:10:11","date_gmt":"2025-09-24T17:10:11","guid":{"rendered":"https:\/\/www.europesays.com\/fr\/414456\/"},"modified":"2025-09-24T17:10:11","modified_gmt":"2025-09-24T17:10:11","slug":"un-infarctus-chez-les-moins-de-40-ans-ici-cest-extremement-banalise","status":"publish","type":"post","link":"https:\/\/www.europesays.com\/fr\/414456\/","title":{"rendered":"\u00ab\u00a0Un infarctus chez les moins de 40 ans, ici, c\u2019est extr\u00eamement banalis\u00e9\u00a0\u00bb"},"content":{"rendered":"<p>Sur<a href=\"https:\/\/www.20minutes.fr\/societe\/reunion\/\" class=\"c-link c-link--is-underlined\" target=\"_blank\" rel=\"noopener\"> l\u2019\u00eele de la R\u00e9union<\/a>, les <a href=\"https:\/\/www.20minutes.fr\/dossier\/maladies_cardiovasculaires\" class=\"c-link c-link--is-underlined\" target=\"_blank\" rel=\"noopener\">maladies cardiovasculaires<\/a> sont un v\u00e9ritable fl\u00e9au. Elles surviennent chez des patients plus jeunes qu\u2019en m\u00e9tropole et qui consultent souvent plus tard, bien apr\u00e8s la survenue des premiers sympt\u00f4mes. Un jeune chef de service de cardiologie au<a href=\"https:\/\/www.chu-reunion.fr\/\" rel=\"nofollow noopener\" target=\"_blank\" class=\"c-link c-link--is-underlined\"> centre CHU nord de la R\u00e9union<\/a>, le docteur J\u00e9r\u00f4me Corr\u00e9, se bat pour une meilleure pr\u00e9vention sur son \u00eele.<\/p>\n<p>\u00ab\u00a0On arrive \u00e0 v\u00e9lo ou \u00e0 pied, on parle cr\u00e9ole, et tout cela fait qu\u2019on gagne en cr\u00e9dibilit\u00e9, le message est tr\u00e8s fort\u00a0\u00bb, estime-t-il. Accompagn\u00e9 d\u2019infirmiers, Jean-Baptiste, Bertrand et Farah, il a r\u00e9alis\u00e9 au mois de juin des consultations dans trois cirques de l\u2019\u00eele de la R\u00e9union (\u00e0 Salazie, Mafate et Cilaos), \u00e0 la rencontre d\u2019habitants qu\u2019ils ne voient pas \u00e0 l\u2019h\u00f4pital.<\/p>\n<p>Sur ses talons, Adrien Morcuende, r\u00e9alisateur et responsable \u00e9ditorial de <a href=\"https:\/\/www.chu-media.info\/\" rel=\"nofollow noopener\" target=\"_blank\" class=\"c-link c-link--is-underlined\">CHU M\u00e9dia<\/a>, a suivi le p\u00e9riple de ce soignant qui veut sensibiliser aux risques cardiovasculaires sur l\u2019un des d\u00e9partements les plus touch\u00e9s de France. Du souffle aux c\u0153urs est diffus\u00e9 ce mercredi 24\u00a0septembre sur R\u00e9union la 1re, une cha\u00eene de France TV, \u00e0 19h50. D\u2019autres diffusions suivront.<\/p>\n<p>Le d\u00e9partement le plus touch\u00e9 pour les AVC<\/p>\n<p>C\u2019est en novembre\u00a02023 que le r\u00e9alisateur rencontre J\u00e9r\u00f4me Corr\u00e9, et ce dernier lui dresse alors un \u00e9tat des lieux pr\u00e9occupant sur les maladies cardiovasculaires \u00e0 la R\u00e9union. Des pathologies qui surviennent cinq \u00e0 dix ans en moyenne plus t\u00f4t qu\u2019en m\u00e9tropole. \u00ab\u00a0Un infarctus chez les moins de 40 ans, ici, c\u2019est tous les 10 jours. A Bordeaux, o\u00f9 j\u2019ai travaill\u00e9 pr\u00e9c\u00e9demment, c\u2019\u00e9tait un seul par mois. A la R\u00e9union, c\u2019est extr\u00eamement banalis\u00e9, c\u2019est tr\u00e8s choquant\u00a0\u00bb.<\/p>\n<p>Il s\u2019agit du d\u00e9partement fran\u00e7ais le plus touch\u00e9 pour les AVC et l\u2019insuffisance cardiaque, et parmi ceux les plus concern\u00e9s en ce qui concerne l\u2019infarctus du myocarde. Comment expliquer cette pr\u00e9valence des maladies cardiovasculaires sur l\u2019\u00eele\u00a0?<\/p>\n<p>De puissants facteurs de risque<\/p>\n<p>Le docteur Corr\u00e9 estime que l\u2019hypertension est encore assez n\u00e9glig\u00e9e au sein de la population. Dans le documentaire, il rel\u00e8ve des tensions tr\u00e8s \u00e9lev\u00e9es, notamment \u00e0 Salazie et Cilaos. La population pr\u00e9sente une fragilit\u00e9 g\u00e9n\u00e9tique, imputable \u00e0 son m\u00e9tissage, concernant l\u2019hypertension mais aussi le diab\u00e8te. Autant de puissants facteurs de risques des maladies cardiovasculaires.<\/p>\n<p>\u00ab\u00a0A la R\u00e9union, on trouve des d\u00e9serts m\u00e9dicaux un peu partout et les habitants, par un effet de leur culture, n\u2019ont pas la volont\u00e9 d\u2019\u00eatre m\u00e9dicalis\u00e9s\u00a0\u00bb, pointe aussi le docteur J\u00e9r\u00f4me Corr\u00e9. \u00ab\u00a0On voit que la culture du soin n\u2019est pas la m\u00eame. Les habitants attendent souvent le dernier moment pour venir. Comme cette patiente du documentaire qui h\u00e9site \u00e0 quitter la salle d\u2019attente bond\u00e9e. Finalement, elle a attendu et elle a bien fait\u00a0: elle \u00e9tait au bord de l\u2019infarctus\u00a0\u00bb, ajoute Adrien Morcuende. D\u2019autres facteurs p\u00e9nalisant comme l\u2019ob\u00e9sit\u00e9, la s\u00e9dentarit\u00e9 (toutes les deux un peu plus marqu\u00e9es qu\u2019en m\u00e9tropole) et la consommation d\u2019alcool entrent aussi en ligne de compte.<\/p>\n<p>\u00ab\u00a0Personne ne s\u2019occupe d\u2019eux\u00a0\u00bb<\/p>\n<p>Par ailleurs, la population locale est \u00e9loign\u00e9e des messages de sensibilisation contre les maladies cardiovasculaires. Le docteur Corr\u00e9 s\u2019est donc d\u00e9men\u00e9 aupr\u00e8s de l\u2019Agence r\u00e9gionale de sant\u00e9 pour lancer pour la premi\u00e8re fois, en septembre, le mois du c\u0153ur. \u00ab\u00a0Il y a 60 actions de sensibilisation sur le territoire, deux marches du c\u0153ur, des conf\u00e9rences, des spots en fran\u00e7ais et en cr\u00e9ole, des ateliers culinaires\u2026 c\u2019est un niveau de pr\u00e9vention in\u00e9dit\u00a0\u00bb, souligne-t-il.<\/p>\n<p>Salazie est l\u2019une des communes les plus expos\u00e9es de France \u00e0 l\u2019hypertension puisqu\u2019elle touche 50 \u00e0 80\u00a0% de la population. \u00ab\u00a0C\u2019est incroyable\u00a0! Les consultations sont tr\u00e8s rentables au sens o\u00f9 presque toute la population est hypertendue, commente le docteur J\u00e9r\u00f4me Corr\u00e9. Et cela passe sous les radars, personne ne s\u2019occupe d\u2019eux.\u00a0\u00bb<\/p>\n<p>Il mart\u00e8le trois messages de pr\u00e9vention\u00a0: bouger tous les jours, manger moins de sel, et ne pas fumer. \u00ab\u00a0De bonnes habitudes qui procurent 80\u00a0% de chances d\u2019\u00eatre en bonne sant\u00e9. \u00c7a vaut le coup\u00a0!\u00a0\u00bb<\/p>\n<\/p>\n<p>Au-del\u00e0 du p\u00e9riple dans les cirques relat\u00e9 dans le documentaire, il veut d\u00e9multiplier les actions, notamment avec les cabinets lib\u00e9raux.<\/p>\n<p><a href=\"https:\/\/www.20minutes.fr\/dossier\/maladies_cardiovasculaires\" class=\"c-link c-btn c-btn--primary\" target=\"_blank\" rel=\"noopener\">Toutes nos infos sur les maladies cardiovasculaires<\/a><\/p>\n<p>Il faudra patienter une dizaine d\u2019ann\u00e9es pour mesurer les effets positifs de ces actions de pr\u00e9vention au sein de la population, mais le Dr Corr\u00e9 y met d\u00e9j\u00e0 tout son c\u0153ur.<\/p>\n","protected":false},"excerpt":{"rendered":"Sur l\u2019\u00eele de la R\u00e9union, les maladies cardiovasculaires sont un v\u00e9ritable fl\u00e9au. Elles surviennent chez des patients plus&hellip;\n","protected":false},"author":2,"featured_media":414457,"comment_status":"","ping_status":"","sticky":false,"template":"","format":"standard","meta":{"footnotes":""},"categories":[10],"tags":[47,13240,4309,234,1011,27,72,6442,54473,71],"class_list":{"0":"post-414456","1":"post","2":"type-post","3":"status-publish","4":"format-standard","5":"has-post-thumbnail","7":"category-sante","8":"tag-actualite","9":"tag-agence-regionale-de-sante","10":"tag-chu","11":"tag-diabete","12":"tag-fr","13":"tag-france","14":"tag-health","15":"tag-ile-de-la-reunion","16":"tag-maladie-cardiovasculaire","17":"tag-sante"},"share_on_mastodon":{"url":"https:\/\/pubeurope.com\/@fr\/115260386506010818","error":""},"_links":{"self":[{"href":"https:\/\/www.europesays.com\/fr\/wp-json\/wp\/v2\/posts\/414456","targetHints":{"allow":["GET"]}}],"collection":[{"href":"https:\/\/www.europesays.com\/fr\/wp-json\/wp\/v2\/posts"}],"about":[{"href":"https:\/\/www.europesays.com\/fr\/wp-json\/wp\/v2\/types\/post"}],"author":[{"embeddable":true,"href":"https:\/\/www.europesays.com\/fr\/wp-json\/wp\/v2\/users\/2"}],"replies":[{"embeddable":true,"href":"https:\/\/www.europesays.com\/fr\/wp-json\/wp\/v2\/comments?post=414456"}],"version-history":[{"count":0,"href":"https:\/\/www.europesays.com\/fr\/wp-json\/wp\/v2\/posts\/414456\/revisions"}],"wp:featuredmedia":[{"embeddable":true,"href":"https:\/\/www.europesays.com\/fr\/wp-json\/wp\/v2\/media\/414457"}],"wp:attachment":[{"href":"https:\/\/www.europesays.com\/fr\/wp-json\/wp\/v2\/media?parent=414456"}],"wp:term":[{"taxonomy":"category","embeddable":true,"href":"https:\/\/www.europesays.com\/fr\/wp-json\/wp\/v2\/categories?post=414456"},{"taxonomy":"post_tag","embeddable":true,"href":"https:\/\/www.europesays.com\/fr\/wp-json\/wp\/v2\/tags?post=414456"}],"curies":[{"name":"wp","href":"https:\/\/api.w.org\/{rel}","templated":true}]}}