{"id":414460,"date":"2025-09-24T17:12:13","date_gmt":"2025-09-24T17:12:13","guid":{"rendered":"https:\/\/www.europesays.com\/fr\/414460\/"},"modified":"2025-09-24T17:12:13","modified_gmt":"2025-09-24T17:12:13","slug":"vincent-mcdoom-devoile-sa-liaison-passee-avec-pierre-palmade","status":"publish","type":"post","link":"https:\/\/www.europesays.com\/fr\/414460\/","title":{"rendered":"Vincent McDoom d\u00e9voile sa liaison pass\u00e9e avec Pierre Palmade"},"content":{"rendered":"<p>    Vincent Mc Doom et Pierre Palmade<br \/>\n                Vim\/Roses Nicolas\/ABACA<\/p>\n<p>Invit\u00e9 du \u00abJet de Luxe\u00bb de Jordan de Luxe, le mannequin a confi\u00e9 avoir eu une relation amoureuse avec le com\u00e9dien condamn\u00e9 pour l\u2019accident de la route qu\u2019il avait caus\u00e9 en f\u00e9vrier 2023.<\/p>\n<p class=\"fig-paragraph\">D\u00e9cid\u00e9ment, les confidences vont bon train chez\u00a0<a href=\"https:\/\/www.lefigaro.fr\/tag\/jordan-de-luxe\" target=\"_blank\" rel=\"noopener\" data-gtm-custom-categorie=\"navigation\" data-gtm-custom-action=\"crossclick\" data-gtm-custom-label=\"Contextuel\" data-gtm-event=\"customEventSPE\">Jordan de Luxe<\/a>. Apr\u00e8s la r\u00e9v\u00e9lation de\u00a0<a href=\"https:\/\/www.lefigaro.fr\/tag\/jean-marie-bigard\" target=\"_blank\" rel=\"noopener\" data-gtm-custom-categorie=\"navigation\" data-gtm-custom-action=\"crossclick\" data-gtm-custom-label=\"Contextuel\" data-gtm-event=\"customEventSPE\">Jean-Marie Bigard\u00a0<\/a>concernant\u00a0<a href=\"http:\/\/tvmag.lefigaro.fr\/programme-tv\/people\/ruquier-m-a-ecarte-progressivement-jean-marie-bigard-amer-apres-son-depart-des-grosses-tetes-20250915\" target=\"_blank\" data-fig-type=\"Article\" rel=\"noopener\" data-gtm-custom-categorie=\"navigation\" data-gtm-custom-action=\"crossclick\" data-gtm-custom-label=\"Contextuel\" data-gtm-event=\"customEventSPE\" data-fig-domain=\"TVMAG\">son \u00e9viction<\/a>\u00a0des\u00a0<a href=\"https:\/\/tvmag.lefigaro.fr\/programme-tv\/programme\/les-grosses-tetes-f1259939588\" target=\"_blank\" rel=\"noopener\" data-gtm-custom-categorie=\"navigation\" data-gtm-custom-action=\"crossclick\" data-gtm-custom-label=\"Contextuel\" data-gtm-event=\"customEventSPE\">\u00abGrosses t\u00eates\u00bb\u00a0<\/a>par<a href=\"https:\/\/www.lefigaro.fr\/tag\/laurent-ruquier\" target=\"_blank\" rel=\"noopener\" data-gtm-custom-categorie=\"navigation\" data-gtm-custom-action=\"crossclick\" data-gtm-custom-label=\"Contextuel\" data-gtm-event=\"customEventSPE\">\u00a0Laurent Ruquier<\/a>, c\u2019est maintenant au tour de\u00a0<a href=\"https:\/\/www.lefigaro.fr\/tag\/vincent-mcdoom\" target=\"_blank\" rel=\"noopener\" data-gtm-custom-categorie=\"navigation\" data-gtm-custom-action=\"crossclick\" data-gtm-custom-label=\"Contextuel\" data-gtm-event=\"customEventSPE\"><strong>Vincent Mc Doom<\/strong><\/a> \u00a0de faire une confession.<\/p>\n<p class=\"fig-paragraph\">Alors que le mannequin originaire de Sainte-Lucie \u00e9tait l\u2019invit\u00e9 du \u00abJet de Luxe\u00bb, ce mardi 23 septembre, il a avou\u00e9 avoir eu une relation avec Pierre Palmade, condamn\u00e9 apr\u00e8s avoir provoqu\u00e9 un accident de la route sous l\u2019emprise de stup\u00e9fiants. \u00abJe ne coucherai jamais avec quelqu\u2019un avec qui je travaille. \u00c7a m\u2019est arriv\u00e9 une fois. \u00c7a s\u2019est mal termin\u00e9. J\u2019ai gard\u00e9 une certaine amiti\u00e9 avec cette personne-l\u00e0, mais \u00e7a s\u2019est mal termin\u00e9 pour lui et moi. C\u2019\u00e9tait\u00a0<a href=\"https:\/\/www.lefigaro.fr\/tag\/pierre-palmade\" target=\"_blank\" rel=\"noopener\" data-gtm-custom-categorie=\"navigation\" data-gtm-custom-action=\"crossclick\" data-gtm-custom-label=\"Contextuel\" data-gtm-event=\"customEventSPE\"><strong>Pierre Palmade<\/strong> <\/a>\u00a0en fait. J\u2019\u00e9tais en couple avec lui pendant six mois\u00bb, a-t-il confi\u00e9, provoquant la stup\u00e9faction de l\u2019intervieweur.<\/p>\n<p>                                    <a class=\"fig-a11y-skip a11y-hidden\" href=\"#fig-a11y-skip-main-inarticle\"><br \/>\n        Passer la publicit\u00e9<br \/>\n    <\/a><\/p>\n<p class=\"fig-paragraph\">\u00abVous avez \u00e9t\u00e9 en couple avec Pierre Palmade\u00a0? Non, mais vous rigolez l\u00e0\u00a0! Vous n\u2019avez jamais dit un truc pareil\u00bb, s\u2019est exclam\u00e9 ce dernier. Le styliste a donc poursuivi son r\u00e9cit. \u00abNon, non. \u00c0 un moment donn\u00e9, tu dis les choses. Quand Pierre a eu des d\u00e9boires avec la justice par rapport \u00e0 tout ce qu\u2019il s\u2019est pass\u00e9, j\u2019ai eu beaucoup de coups de fil de la presse qui voulait que je parle, parce qu\u2019elle avait \u00e9t\u00e9 mise au courant de notre histoire. Une fois, il y a eu dans Closer ou Public une histoire qui \u00e9tait sortie selon laquelle j\u2019\u00e9tais en couple avec Pierre.\u00a0<a href=\"http:\/\/www.lefigaro.fr\/faits-divers\/jugement-attendu-pour-mimi-marchand-accusee-de-chantage-sur-karine-le-marchand-20250701\" target=\"_blank\" data-fig-type=\"NewsFlash\" rel=\"noopener\" data-gtm-custom-categorie=\"navigation\" data-gtm-custom-action=\"crossclick\" data-gtm-custom-label=\"Contextuel\" data-gtm-event=\"customEventSPE\" data-fig-domain=\"LEFIGARO\">Mimi Marchand<\/a> \u00a0(la papesse des paparazzis, NDLR.) \u00e9tait au courant. C\u2019\u00e9tait une tr\u00e8s bonne amie de Pierre \u00e0 l\u2019\u00e9poque. Elle a fait un proc\u00e8s suite \u00e0 cette publication pour mensonge, mais ce n\u2019en \u00e9tait pas un. Je suis parti \u00e0 Mougins avec lui. Jean-Marie Bigard le sait aussi parce qu\u2019on a pass\u00e9 des week-ends chez lui\u00bb, a-t-il \u00e9galement d\u00e9clar\u00e9.<\/p>\n<p class=\"fig-paragraph\">Une histoire d\u2019amour intense mais qui a rapidement pris fin. \u00ab\u00c7a s\u2019est arr\u00eat\u00e9 tout simplement parce que le mode de vie de Pierre n\u2019allait pas avec le mien\u00bb, a expliqu\u00e9 Vincent Mc Doom. Ne pouvant pas s\u2019emp\u00eacher de rebondir sur la nouvelle, Jordan de Luxe a interrog\u00e9\u00a0: \u00abil y avait des drogues \u00e0 ce moment-l\u00e0\u00a0?\u00bb<\/p>\n<p class=\"fig-body-link\">\n            \u00c0 lire aussi<br \/>\n        <a class=\"fig-body-link__link\" href=\"http:\/\/tvmag.lefigaro.fr\/programme-tv\/people\/meme-une-femme-de-menage-gagne-mieux-vincent-mc-doom-refuse-400-euros-par-jour-pour-les-cinquante-20250917\" target=\"_blank\" data-fig-type=\"Article\" rel=\"noopener\" data-gtm-custom-categorie=\"navigation\" data-gtm-custom-action=\"crossclick\" data-gtm-custom-label=\"Contextuel\" data-gtm-event=\"customEventSPE\" data-fig-domain=\"TVMAG\">\u00abM\u00eame une femme de m\u00e9nage gagne mieux\u00a0!\u00bb\u00a0: Vincent McDoom refuse 400 euros par jour pour \u00abLes Cinquante\u00bb<br \/>\n    <\/a>\n<\/p>\n<p class=\"fig-paragraph\">Et l\u2019ex-acolyte de Magloire de r\u00e9pondre\u00a0: \u00abeffectivement, c\u2019est l\u2019une des raisons pour lesquelles je l\u2019ai quitt\u00e9. Je ne bois pas, je ne fume pas et Pierre \u00e9tait quelqu\u2019un qui vivait \u00e0 100 \u00e0 l\u2019heure. Je suis quelqu\u2019un de beaucoup plus calme. C\u2019est la premi\u00e8re fois que j\u2019en parle. Quand il y a eu le probl\u00e8me avec Pierre, la presse m\u2019a appel\u00e9 et l\u2019\u00e9mission de Cyril Hanouna aussi, ainsi que d\u2019autres \u00e9missions, notamment des cha\u00eenes d\u2019information. J\u2019ai \u00e9t\u00e9 tr\u00e8s clair avec eux. Je leur ai dit\u00a0: \u201cvous savez, je ne suis pas le genre de personnes qui couche avec quelqu\u2019un et en parle apr\u00e8s. Si je couche avec quelqu\u2019un et que quelque chose comme \u00e7a arrive \u00e0 la personne, j\u2019ai envie de la prot\u00e9ger\u201d\u00bb.<\/p>\n<p class=\"fig-paragraph\">Alors que Pierre Palmade s\u2019est retrouv\u00e9 sous le feu des critiques apr\u00e8s l\u2019accident de la route qu\u2019il a provoqu\u00e9 et dont il a \u00e9t\u00e9 reconnu coupable, son ancien compagnon ne garde pas un go\u00fbt amer de leur relation. \u00abJe n\u2019ai pas de nouvelles de lui. Je sais qu\u2019il est entre Bordeaux et Paris. Je trouve qu\u2019il prend les choses de la mani\u00e8re dont il devait le faire. Je crois aussi que si tu fais du bien, il y a des cons\u00e9quences et si tu fais du mal, il y en a aussi. Il faut l\u2019accepter. Pour le moment, Pierre est en train d\u2019accepter les cons\u00e9quences de ce qu\u2019il a fait et je suis fier de lui. Il est en train de payer et de faire le n\u00e9cessaire pour aller bien. Je trouve que c\u2019est important\u00bb, a conclu l\u2019animateur.<\/p>\n","protected":false},"excerpt":{"rendered":"Vincent Mc Doom et Pierre Palmade Vim\/Roses Nicolas\/ABACA Invit\u00e9 du \u00abJet de Luxe\u00bb de Jordan de Luxe, le&hellip;\n","protected":false},"author":2,"featured_media":414461,"comment_status":"","ping_status":"","sticky":false,"template":"","format":"standard","meta":{"footnotes":""},"categories":[8],"tags":[1193,58,59,1011,27,1250],"class_list":{"0":"post-414460","1":"post","2":"type-post","3":"status-publish","4":"format-standard","5":"has-post-thumbnail","7":"category-divertissement","8":"tag-couple","9":"tag-divertissement","10":"tag-entertainment","11":"tag-fr","12":"tag-france","13":"tag-pierre-palmade"},"share_on_mastodon":{"url":"https:\/\/pubeurope.com\/@fr\/115260395237275022","error":""},"_links":{"self":[{"href":"https:\/\/www.europesays.com\/fr\/wp-json\/wp\/v2\/posts\/414460","targetHints":{"allow":["GET"]}}],"collection":[{"href":"https:\/\/www.europesays.com\/fr\/wp-json\/wp\/v2\/posts"}],"about":[{"href":"https:\/\/www.europesays.com\/fr\/wp-json\/wp\/v2\/types\/post"}],"author":[{"embeddable":true,"href":"https:\/\/www.europesays.com\/fr\/wp-json\/wp\/v2\/users\/2"}],"replies":[{"embeddable":true,"href":"https:\/\/www.europesays.com\/fr\/wp-json\/wp\/v2\/comments?post=414460"}],"version-history":[{"count":0,"href":"https:\/\/www.europesays.com\/fr\/wp-json\/wp\/v2\/posts\/414460\/revisions"}],"wp:featuredmedia":[{"embeddable":true,"href":"https:\/\/www.europesays.com\/fr\/wp-json\/wp\/v2\/media\/414461"}],"wp:attachment":[{"href":"https:\/\/www.europesays.com\/fr\/wp-json\/wp\/v2\/media?parent=414460"}],"wp:term":[{"taxonomy":"category","embeddable":true,"href":"https:\/\/www.europesays.com\/fr\/wp-json\/wp\/v2\/categories?post=414460"},{"taxonomy":"post_tag","embeddable":true,"href":"https:\/\/www.europesays.com\/fr\/wp-json\/wp\/v2\/tags?post=414460"}],"curies":[{"name":"wp","href":"https:\/\/api.w.org\/{rel}","templated":true}]}}