{"id":414468,"date":"2025-09-24T17:17:10","date_gmt":"2025-09-24T17:17:10","guid":{"rendered":"https:\/\/www.europesays.com\/fr\/414468\/"},"modified":"2025-09-24T17:17:10","modified_gmt":"2025-09-24T17:17:10","slug":"gout-des-armes-tags-nazis-ce-que-lon-sait-de-leleve-qui-a-poignarde-une-enseignante-en-alsace","status":"publish","type":"post","link":"https:\/\/www.europesays.com\/fr\/414468\/","title":{"rendered":"\u00ab\u00a0Go\u00fbt des armes\u00a0\u00bb, \u00ab\u00a0tags nazis\u00a0\u00bb\u2026 Ce que l\u2019on sait de l\u2019\u00e9l\u00e8ve qui a poignard\u00e9 une enseignante en Alsace"},"content":{"rendered":"<p>Une enseignante du coll\u00e8ge Robert-Schuman \u00e0 Benfeld, petite commune tranquille du Bas-Rhin en Alsace, a \u00e9t\u00e9 poignard\u00e9e au visage, <a href=\"https:\/\/www.20minutes.fr\/faits_divers\/4174892-20250924-bas-rhin-enseignante-poignardee-college-eleve\" class=\"c-link c-link--is-underlined\" target=\"_blank\" rel=\"noopener\">par un \u00e9l\u00e8ve de 14 ans arm\u00e9 d\u2019un couteau<\/a>, mais ses jours ne sont pas en danger. L\u2019adolescent, qui a pris la fuite, a rapidement \u00e9t\u00e9 interpell\u00e9 par les gendarmes, mais il s\u2019est automutil\u00e9 \u00e0 leur vue. Son pronostic vital est engag\u00e9.<\/p>\n<p>Quelles sont les circonstances de l\u2019agression\u00a0?<\/p>\n<p>Ce mercredi, d\u00e8s la premi\u00e8re heure de cours, soit peu apr\u00e8s 8 heures, et pour une raison que l\u2019on ignore, une professeure de musique a \u00e9t\u00e9 agress\u00e9e par un coll\u00e9gien de 14 ans au coll\u00e8ge Robert-Schuman <a href=\"https:\/\/www.20minutes.fr\/dossier\/alsace\" class=\"c-link c-link--is-underlined\" target=\"_blank\" rel=\"noopener\">\u00e0 Benfeld<\/a>. Un \u00e9tablissement d\u2019un peu plus de 700 \u00e9l\u00e8ves. Pendant un cours de musique, quelqu\u2019un a frapp\u00e9 \u00e0 la porte de la classe. Lorsque la professeure a ouvert, l\u2019\u00e9l\u00e8ve l\u2019aurait directement agress\u00e9e en la poignardant au visage.<\/p>\n<\/p>\n<p>Puis il est reparti et a pris la fuite, laissant l\u2019enseignante le visage ensanglant\u00e9. Les \u00e9l\u00e8ves de la classe concern\u00e9e par l\u2019agression sont sortis par la porte arri\u00e8re et ont \u00e9t\u00e9 tout de suite pris en charge, notamment par une CPE. Les autres \u00e9l\u00e8ves ont \u00e9t\u00e9 conduits dans la salle des f\u00eates en attendant l\u2019arriv\u00e9e de leurs parents.<\/p>\n<p>Qui est la victime\u00a0?<\/p>\n<p>La victime, \u00e2g\u00e9e de 66 ans, est \u00e0 trois mois de la retraite. Elle enseignait la musique dans trois \u00e9tablissements des environs. <a href=\"https:\/\/www.20minutes.fr\/dossier\/coup_de_couteau\" class=\"c-link c-link--is-underlined\" target=\"_blank\" rel=\"noopener\">Bless\u00e9e au visage<\/a> par le couteau, choqu\u00e9e, elle est hospitalis\u00e9e, mais ses jours ne sont pas en danger, a pr\u00e9cis\u00e9 le rectorat de l\u2019acad\u00e9mie de Strasbourg. Elle a pu \u00e9changer avec le pr\u00e9fet dans la matin\u00e9e.<\/p>\n<p>Pour l\u2019heure, on ne conna\u00eet pas le mobile de cette agression mais selon la procureure de Strasbourg Clarisse Taron, il s\u2019agissait de sa professeure. \u00ab\u00a0Les \u00e9l\u00e9ments actuels \u00e0 la disposition des enqu\u00eateurs ne permettent pas de savoir si l\u2019acte \u00e9tait pr\u00e9m\u00e9dit\u00e9 et si la professeure \u00e9tait d\u00e9lib\u00e9r\u00e9ment vis\u00e9e\u00a0\u00bb, pr\u00e9cise la magistrate.<\/p>\n<p>Selon les premiers \u00e9l\u00e9ments de l\u2019enqu\u00eate, il n\u2019aurait pas cherch\u00e9 \u00e0 s\u2019en prendre \u00e0 d\u2019autres professeurs ou \u00e9l\u00e8ves et se serait imm\u00e9diatement enfui \u00e0 v\u00e9lo.<\/p>\n<p>Quel est le profil de l\u2019adolescent mis en cause\u00a0?<\/p>\n<p>\u00c2g\u00e9 de 14 ans, il \u00e9tait plac\u00e9 dans un foyer par l\u2019Aide sociale \u00e0 l\u2019enfance (ASE). Scolaris\u00e9 en classe de 3e au coll\u00e8ge Robert-Schuman, \u00ab\u00a0il avait attir\u00e9 l\u2019attention pour son go\u00fbt pour les armes, pour tout ce qui a trait \u00e0 la Seconde Guerre mondiale, avec une r\u00e9f\u00e9rence nette au nazisme\u00a0\u00bb, \u00e9voque la procureure de la R\u00e9publique.<\/p>\n<p>L\u2019adolescent, en situation de handicap psychique et psychologique, qui souffrait d\u2019une maladie g\u00e9n\u00e9tique, est originaire du Bas-Rhin. Il avait d\u00e9j\u00e0 \u00e9t\u00e9 \u00ab\u00a0rep\u00e9r\u00e9 et signal\u00e9 par l\u2019\u00c9ducation nationale en mars\u00a02025\u00a0\u00bb, explique la ministre la ministre de l\u2019\u00e9ducation nationale \u00c9lisabeth Borne. \u00ab\u00a0Il s\u2019\u00e9nervait tr\u00e8s tr\u00e8s vite, n\u2019inspirait pas confiance\u00a0\u00bb, \u00ab\u00a0il s\u2019habillait tout en noir avec un long manteau\u00a0\u00bb, confie des \u00e9l\u00e8ves au micro de BFMTV.<\/p>\n<p>Le jeune homme, \u00e0 la vie caboss\u00e9e, sans ant\u00e9c\u00e9dents judiciaires, a \u00e9t\u00e9 rep\u00e9r\u00e9 et a fait l\u2019objet d\u2019une sanction disciplinaire et d\u2019un signalement au procureur et au pr\u00e9fet. Il y a peu de temps encore, il avait dessin\u00e9 des signes SS sur son cahier et \u00ab\u00a0allait faire l\u2019objet d\u2019une autre d\u00e9cision disciplinaire\u00a0\u00bb.<\/p>\n<p>Comment l\u2019adolescent a-t-il \u00e9t\u00e9 bless\u00e9\u00a0?<\/p>\n<p>Pour l\u2019heure, l\u2019adolescent tr\u00e8s gri\u00e8vement bless\u00e9, est entre la vie et la mort. \u00ab\u00a0Il est s\u00e9dat\u00e9 pour 48 heures\u00a0\u00bb, pr\u00e9cise Clarisse Taron. Au moment de son interpellation, il s\u2019est inflig\u00e9 plusieurs coups de couteau dans le haut du corps, notamment la gorge. Il s\u2019est port\u00e9 les coups avec un couteau d\u2019office, le type de couteau utilis\u00e9 par tout un chacun lors des repas.<\/p>\n<p>Lors de son interpellation, \u00ab\u00a0il ne s\u2019est pas montr\u00e9 mena\u00e7ant envers les gendarmes\u00a0\u00bb, pr\u00e9cise Gwendal Durand, commandant du groupement de gendarmerie d\u00e9partementale du Bas-Rhin. Les militaires qui ont r\u00e9alis\u00e9 l\u2019interpellation ont r\u00e9ussi \u00e0 le r\u00e9animer, avant qu\u2019il ne soit \u00e9vacu\u00e9 en urgence absolue par h\u00e9licopt\u00e8re \u00e0 l\u2019h\u00f4pital de Strasbourg Hautepierre.<\/p>\n<p>Comme toujours en pareille situation, deux enqu\u00eates ont \u00e9t\u00e9 ouvertes. L\u2019une pour l\u2019agression de la professeure, l\u2019autre sur les conditions d\u2019interpellation de l\u2019adolescent.<\/p>\n<p>\u00c9lisabeth Borne sur place<\/p>\n<p>La ministre de l\u2019Education nationale est arriv\u00e9e sur place en milieu d\u2019apr\u00e8s-midi afin de soutenir le corps enseignant et les familles. Elle n\u2019a pu que constater encore une fois la difficult\u00e9 d\u2019emp\u00eacher les couteaux dans, et devant, les \u00e9tablissements scolaires et n\u2019exclut pas l\u2019installation de portail de d\u00e9tection de m\u00e9taux devant les \u00e9tablissements scolaires, un \u00e9l\u00e9ment parmi d\u2019autres qui sont sur la table des r\u00e9flexions. La ministre a rappel\u00e9 que l\u2019\u00e9ducation nationale et le gouvernement \u00ab\u00a0sont en marche\u00a0\u00bb pour lutter contre ce fl\u00e9au, avec \u00ab\u00a0le plan d\u00e9ploy\u00e9 d\u00e8s cette rentr\u00e9e et la mise en place d\u2019un \u00ab\u00a0protocole\u00a0\u00bb de d\u00e9tection des probl\u00e8mes de <a href=\"https:\/\/www.20minutes.fr\/sante\/sante-mentale\/\" class=\"c-link c-link--is-underlined\" target=\"_blank\" rel=\"noopener\">sant\u00e9 mentale<\/a>, de souffrance, dans tous les \u00e9tablissements scolaires\u00a0\u00bb.<\/p>\n<p>\u00c9lisabeth Borne a tenu \u00e9galement \u00e0 pr\u00e9ciser qu\u2019au sein de l\u2019\u00e9tablissement touch\u00e9 ce matin, \u00ab\u00a0se r\u00e9unit r\u00e9guli\u00e8rement une cellule de veille qui rassemble \u00e0 la fois les personnels de sant\u00e9 scolaire, et de vie scolaire, pour faire le point sur la situation des \u00e9l\u00e8ves \u00e0 besoins particuliers qui sont accueillis dans le coll\u00e8ge.\u00a0\u00bb<\/p>\n<p>Une salle communale a \u00e9t\u00e9 ouverte avec une <a href=\"https:\/\/www.20minutes.fr\/dossier\/psychologie\" class=\"c-link c-link--is-underlined\" target=\"_blank\" rel=\"noopener\">cellule psychologique<\/a> et \u00ab\u00a0les cours reprendront demain matin\u00a0\u00bb, a assur\u00e9 la ministre.<\/p>\n","protected":false},"excerpt":{"rendered":"Une enseignante du coll\u00e8ge Robert-Schuman \u00e0 Benfeld, petite commune tranquille du Bas-Rhin en Alsace, a \u00e9t\u00e9 poignard\u00e9e au&hellip;\n","protected":false},"author":2,"featured_media":414469,"comment_status":"","ping_status":"","sticky":false,"template":"","format":"standard","meta":{"footnotes":""},"categories":[4],"tags":[47,11,1084,1120,2389,2649,1124,7623,1126,1121,5757,1736,118,32807,1011,27,775,12,1127,25,104,640],"class_list":{"0":"post-414468","1":"post","2":"type-post","3":"status-publish","4":"format-standard","5":"has-post-thumbnail","7":"category-france","8":"tag-actualite","9":"tag-actualites","10":"tag-adolescent","11":"tag-agression","12":"tag-alsace","13":"tag-bas-rhin","14":"tag-college","15":"tag-coup-de-couteau","16":"tag-education-nationale","17":"tag-eleves","18":"tag-elisabeth-borne","19":"tag-enseignant","20":"tag-faits-divers","21":"tag-faits-divers-strasbourg","22":"tag-fr","23":"tag-france","24":"tag-grand-est","25":"tag-news","26":"tag-professeur","27":"tag-republique-francaise","28":"tag-societe","29":"tag-strasbourg"},"share_on_mastodon":{"url":"https:\/\/pubeurope.com\/@fr\/115260413932516593","error":""},"_links":{"self":[{"href":"https:\/\/www.europesays.com\/fr\/wp-json\/wp\/v2\/posts\/414468","targetHints":{"allow":["GET"]}}],"collection":[{"href":"https:\/\/www.europesays.com\/fr\/wp-json\/wp\/v2\/posts"}],"about":[{"href":"https:\/\/www.europesays.com\/fr\/wp-json\/wp\/v2\/types\/post"}],"author":[{"embeddable":true,"href":"https:\/\/www.europesays.com\/fr\/wp-json\/wp\/v2\/users\/2"}],"replies":[{"embeddable":true,"href":"https:\/\/www.europesays.com\/fr\/wp-json\/wp\/v2\/comments?post=414468"}],"version-history":[{"count":0,"href":"https:\/\/www.europesays.com\/fr\/wp-json\/wp\/v2\/posts\/414468\/revisions"}],"wp:featuredmedia":[{"embeddable":true,"href":"https:\/\/www.europesays.com\/fr\/wp-json\/wp\/v2\/media\/414469"}],"wp:attachment":[{"href":"https:\/\/www.europesays.com\/fr\/wp-json\/wp\/v2\/media?parent=414468"}],"wp:term":[{"taxonomy":"category","embeddable":true,"href":"https:\/\/www.europesays.com\/fr\/wp-json\/wp\/v2\/categories?post=414468"},{"taxonomy":"post_tag","embeddable":true,"href":"https:\/\/www.europesays.com\/fr\/wp-json\/wp\/v2\/tags?post=414468"}],"curies":[{"name":"wp","href":"https:\/\/api.w.org\/{rel}","templated":true}]}}