{"id":414472,"date":"2025-09-24T17:19:11","date_gmt":"2025-09-24T17:19:11","guid":{"rendered":"https:\/\/www.europesays.com\/fr\/414472\/"},"modified":"2025-09-24T17:19:11","modified_gmt":"2025-09-24T17:19:11","slug":"ce-quil-ne-faut-pas-rater-cette-annee-a-lopera-de-saint-etienne","status":"publish","type":"post","link":"https:\/\/www.europesays.com\/fr\/414472\/","title":{"rendered":"ce qu\u2019il ne faut pas rater cette ann\u00e9e \u00e0 l\u2019Op\u00e9ra de Saint-\u00c9tienne"},"content":{"rendered":"<p class=\"insetTitle\">\u00ab Pr\u00e9senter de plus en plus de com\u00e9dies musicales dans les ann\u00e9es \u00e0 venir\u00a0\u00bb<\/p>\n<p><strong>Eric Blanc de la Naulte Directeur g\u00e9n\u00e9ral et artistique de l\u2019Op\u00e9ra.<\/strong><\/p>\n<blockquote class=\"question\"><p>La programmation d\u00e9bute le 1er octobre avec Les Parapluies de Cherbourg de Michel Legrand, une \u0153uvre \u00e0 la fois populaire et cr\u00e9ative. Donne-t-elle le ton de la saison\u00a0?<\/p><\/blockquote>\n<p>\u00ab\u00a0L\u2019id\u00e9e, c\u2019est d\u2019arriver peu \u00e0 peu, dans les saisons \u00e0 venir, \u00e0 pr\u00e9senter de plus en plus de com\u00e9dies musicales. Ici, c\u2019est une premi\u00e8re approche, mais ce n\u2019est pas r\u00e9ellement une com\u00e9die musicale. C\u2019est pr\u00e9sent\u00e9 en symphonique avec une petite mise en espace. Apr\u00e8s, \u00e7a permet de montrer le large \u00e9ventail de l\u2019orchestre symphonique, qui peut presque tout faire. Cela apporte donc de la diversit\u00e9 dans la programmation pour que chacun s\u2019y retrouve.\u00a0\u00bb<\/p>\n<blockquote class=\"question\"><p>La partie lyrique propose cinq op\u00e9ras, dont deux cr\u00e9ations maison, La P\u00e9richole d\u2019Offenbach et La Belle au bois dormant de Charles Silver. Pourquoi ces choix\u00a0?<\/p><\/blockquote>\n<p>\u00ab\u00a0Depuis onze ans, j\u2019ai envie de faire repr\u00e9senter des \u0153uvres tomb\u00e9es dans l\u2019oubli international. C\u2019est le cas de La Belle au bois dormant, pas jou\u00e9e depuis 1902. D\u2019autre part, c\u2019est l\u2019envie de faire jouer des \u0153uvres fran\u00e7aises donc il y a un double registre. Quant \u00e0 La P\u00e9richole, \u00e7a fait plusieurs ann\u00e9es qu\u2019on n\u2019avait pas fait d\u2019op\u00e9rettes. C\u2019est un retour \u00e0 certains fondamentaux, d\u2019autant que La P\u00e9richole n\u2019a pas \u00e9t\u00e9 pr\u00e9sent\u00e9e depuis tr\u00e8s longtemps et que c\u2019est de la musique fran\u00e7aise. L\u2019id\u00e9e, c\u2019est de faire plaisir au public.\u00a0\u00bb<\/p>\n<blockquote class=\"question\"><p>L\u2019un des \u00e9v\u00e9nements de cette saison, c\u2019est aussi Midi-Minuit du chor\u00e9graphe Thierry Malandain\u2026<\/p><\/blockquote>\n<p>\u00ab\u00a0On est tr\u00e8s heureux chaque saison d\u2019accueillir Thierry, d\u2019autant qu\u2019il termine son cycle de direction au CCN-Malandain Ballet Biarritz. Midi-Minuit est l\u2019une de ses derni\u00e8res cr\u00e9ations et c\u2019est une reconnaissance de part et d\u2019autre (NDLR\u00a0: Thierry Malandain avait commenc\u00e9 sa carri\u00e8re \u00e0 Saint-\u00c9tienne \u00e0 la fin des ann\u00e9es 1990).\u00a0\u00bb<\/p>\n<p class=\"insetSignature\">De notre correspondante Gillette Duroure<\/p>\n","protected":false},"excerpt":{"rendered":"\u00ab Pr\u00e9senter de plus en plus de com\u00e9dies musicales dans les ann\u00e9es \u00e0 venir\u00a0\u00bb Eric Blanc de la&hellip;\n","protected":false},"author":2,"featured_media":414473,"comment_status":"","ping_status":"","sticky":false,"template":"","format":"standard","meta":{"footnotes":""},"categories":[9653],"tags":[1111,11,2430,1687,7539,1777,674,107,1011,27,3367,873,12,25,4001,7538],"class_list":{"0":"post-414472","1":"post","2":"type-post","3":"status-publish","4":"format-standard","5":"has-post-thumbnail","7":"category-saint-etienne","8":"tag-actu","9":"tag-actualites","10":"tag-auvergne-rhone-alpes","11":"tag-culture-loisirs","12":"tag-edition-loire-sud","13":"tag-eu","14":"tag-europe","15":"tag-fil-info","16":"tag-fr","17":"tag-france","18":"tag-loire","19":"tag-musique","20":"tag-news","21":"tag-republique-francaise","22":"tag-saint-etienne","23":"tag-saint-etienne-ville"},"share_on_mastodon":{"url":"https:\/\/pubeurope.com\/@fr\/115260421831022945","error":""},"_links":{"self":[{"href":"https:\/\/www.europesays.com\/fr\/wp-json\/wp\/v2\/posts\/414472","targetHints":{"allow":["GET"]}}],"collection":[{"href":"https:\/\/www.europesays.com\/fr\/wp-json\/wp\/v2\/posts"}],"about":[{"href":"https:\/\/www.europesays.com\/fr\/wp-json\/wp\/v2\/types\/post"}],"author":[{"embeddable":true,"href":"https:\/\/www.europesays.com\/fr\/wp-json\/wp\/v2\/users\/2"}],"replies":[{"embeddable":true,"href":"https:\/\/www.europesays.com\/fr\/wp-json\/wp\/v2\/comments?post=414472"}],"version-history":[{"count":0,"href":"https:\/\/www.europesays.com\/fr\/wp-json\/wp\/v2\/posts\/414472\/revisions"}],"wp:featuredmedia":[{"embeddable":true,"href":"https:\/\/www.europesays.com\/fr\/wp-json\/wp\/v2\/media\/414473"}],"wp:attachment":[{"href":"https:\/\/www.europesays.com\/fr\/wp-json\/wp\/v2\/media?parent=414472"}],"wp:term":[{"taxonomy":"category","embeddable":true,"href":"https:\/\/www.europesays.com\/fr\/wp-json\/wp\/v2\/categories?post=414472"},{"taxonomy":"post_tag","embeddable":true,"href":"https:\/\/www.europesays.com\/fr\/wp-json\/wp\/v2\/tags?post=414472"}],"curies":[{"name":"wp","href":"https:\/\/api.w.org\/{rel}","templated":true}]}}