{"id":414476,"date":"2025-09-24T17:21:12","date_gmt":"2025-09-24T17:21:12","guid":{"rendered":"https:\/\/www.europesays.com\/fr\/414476\/"},"modified":"2025-09-24T17:21:12","modified_gmt":"2025-09-24T17:21:12","slug":"nancy-une-association-de-defense-des-animaux-demande-la-fermeture-de-laquarium","status":"publish","type":"post","link":"https:\/\/www.europesays.com\/fr\/414476\/","title":{"rendered":"Nancy. Une association de d\u00e9fense des animaux demande la fermeture de l\u2019Aquarium"},"content":{"rendered":"<p>\u00c0 cinq mois des municipales de 2026, l\u2019association PAZ (Projet Animaux Zoopolis) vient de publier son \u00ab\u00a0bilan\u00a0\u00bb de l\u2019action pour le bien-\u00eatre animal de 50 grandes villes fran\u00e7aises.<\/p>\n<p>  Pas \u00ab\u00a0\u00e0 l\u2019ordre du jour\u00a0\u00bb<\/p>\n<p>Dont Nancy, pour qui cette association bas\u00e9e \u00e0 Paris note, entre autres, que \u00ab\u00a0si la mairie a \u00e9volu\u00e9 concernant la captivit\u00e9 des animaux sauvages au parc de la P\u00e9pini\u00e8re, on ne peut pas en dire autant pour la M\u00e9tropole puisqu\u2019elle g\u00e8re l\u2019aquarium de Nancy. Qu\u2019ils soient terrestres ou aquatiques, les animaux n\u2019ont pas \u00e0 \u00eatre plac\u00e9s en captivit\u00e9 pour notre divertissement. Nous appelons Mathieu Klein, maire de Nancy et pr\u00e9sident de la m\u00e9tropole, \u00e0 s\u2019engager \u00e0 fermer l\u2019aquarium.\u00a0\u00bb<\/p>\n<p>Questionn\u00e9 ce mercredi \u00e0 ce sujet, Mathieu Klein, d\u2019abord \u00e9tonn\u00e9 de la d\u00e9marche (\u00ab\u00a0cette association ne nous a pas contact\u00e9s\u2026\u00a0\u00bb), r\u00e9torque sans surprise qu\u2019une telle fermeture \u00ab\u00a0n\u2019est pas \u00e0 l\u2019ordre du jour\u00a0\u00bb. Interrog\u00e9s eux aussi sur la question, les poissons du Mus\u00e9um ne nous ont pas r\u00e9pondu\u2026<\/p>\n","protected":false},"excerpt":{"rendered":"\u00c0 cinq mois des municipales de 2026, l\u2019association PAZ (Projet Animaux Zoopolis) vient de publier son \u00ab\u00a0bilan\u00a0\u00bb de&hellip;\n","protected":false},"author":2,"featured_media":414477,"comment_status":"","ping_status":"","sticky":false,"template":"","format":"standard","meta":{"footnotes":""},"categories":[9635],"tags":[1111,11,33,1704,893,1777,674,1011,27,775,1702,1703,12,25],"class_list":{"0":"post-414476","1":"post","2":"type-post","3":"status-publish","4":"format-standard","5":"has-post-thumbnail","7":"category-nancy","8":"tag-actu","9":"tag-actualites","10":"tag-economie","11":"tag-edition-nancy-et-agglomeration","12":"tag-energie","13":"tag-eu","14":"tag-europe","15":"tag-fr","16":"tag-france","17":"tag-grand-est","18":"tag-nancy","19":"tag-nancy-ville-54b","20":"tag-news","21":"tag-republique-francaise"},"share_on_mastodon":{"url":"https:\/\/pubeurope.com\/@fr\/115260429597966246","error":""},"_links":{"self":[{"href":"https:\/\/www.europesays.com\/fr\/wp-json\/wp\/v2\/posts\/414476","targetHints":{"allow":["GET"]}}],"collection":[{"href":"https:\/\/www.europesays.com\/fr\/wp-json\/wp\/v2\/posts"}],"about":[{"href":"https:\/\/www.europesays.com\/fr\/wp-json\/wp\/v2\/types\/post"}],"author":[{"embeddable":true,"href":"https:\/\/www.europesays.com\/fr\/wp-json\/wp\/v2\/users\/2"}],"replies":[{"embeddable":true,"href":"https:\/\/www.europesays.com\/fr\/wp-json\/wp\/v2\/comments?post=414476"}],"version-history":[{"count":0,"href":"https:\/\/www.europesays.com\/fr\/wp-json\/wp\/v2\/posts\/414476\/revisions"}],"wp:featuredmedia":[{"embeddable":true,"href":"https:\/\/www.europesays.com\/fr\/wp-json\/wp\/v2\/media\/414477"}],"wp:attachment":[{"href":"https:\/\/www.europesays.com\/fr\/wp-json\/wp\/v2\/media?parent=414476"}],"wp:term":[{"taxonomy":"category","embeddable":true,"href":"https:\/\/www.europesays.com\/fr\/wp-json\/wp\/v2\/categories?post=414476"},{"taxonomy":"post_tag","embeddable":true,"href":"https:\/\/www.europesays.com\/fr\/wp-json\/wp\/v2\/tags?post=414476"}],"curies":[{"name":"wp","href":"https:\/\/api.w.org\/{rel}","templated":true}]}}