{"id":414478,"date":"2025-09-24T17:23:32","date_gmt":"2025-09-24T17:23:32","guid":{"rendered":"https:\/\/www.europesays.com\/fr\/414478\/"},"modified":"2025-09-24T17:23:32","modified_gmt":"2025-09-24T17:23:32","slug":"cinq-questions-pour-mieux-comprendre-cette-affaire-hors-norme","status":"publish","type":"post","link":"https:\/\/www.europesays.com\/fr\/414478\/","title":{"rendered":"cinq questions pour mieux comprendre cette affaire hors norme"},"content":{"rendered":"<p>Guy Grandgirard est un personnage, dont la pugnacit\u00e9 n\u2019a d\u2019\u00e9gal que sa m\u00e9moire d\u2019\u00e9l\u00e9phant. Quand il re\u00e7oit, il y a plus de dix ans, les premi\u00e8res plaintes d\u2019\u00e9pargnants dans son bureau de l\u2019Association de d\u00e9fense des consommateurs \u00e0 Nancy, le nom de G\u00e9rard Lh\u00e9ritier le fait quelque peu sursauter.<\/p>\n<p> 1 Des timbres de Monaco aux manuscrits d\u2019Aristophil <\/p>\n<p>Dans l\u2019arnaque aux timbres de Monaco, en 2000, o\u00f9 un proche de Rainier a \u00e9t\u00e9 mis en cause, le nom de G\u00e9rard Lh\u00e9ritier est mentionn\u00e9 dans la proc\u00e9dure, ce qui n\u2019\u00e9chappe pas \u00e0 Guy Grandgirard. Plac\u00e9 en garde&#8230;<\/p>\n","protected":false},"excerpt":{"rendered":"Guy Grandgirard est un personnage, dont la pugnacit\u00e9 n\u2019a d\u2019\u00e9gal que sa m\u00e9moire d\u2019\u00e9l\u00e9phant. Quand il re\u00e7oit, il&hellip;\n","protected":false},"author":2,"featured_media":414479,"comment_status":"","ping_status":"","sticky":false,"template":"","format":"standard","meta":{"footnotes":""},"categories":[9635],"tags":[1111,11,271,272,1704,1777,674,274,1011,27,775,1702,1703,12,11058,3456,25,273],"class_list":{"0":"post-414478","1":"post","2":"type-post","3":"status-publish","4":"format-standard","5":"has-post-thumbnail","7":"category-nancy","8":"tag-actu","9":"tag-actualites","10":"tag-crime","11":"tag-delit-et-contravention","12":"tag-edition-nancy-et-agglomeration","13":"tag-eu","14":"tag-europe","15":"tag-faits-divers-justice","16":"tag-fr","17":"tag-france","18":"tag-grand-est","19":"tag-nancy","20":"tag-nancy-ville-54b","21":"tag-news","22":"tag-region-franche-comte","23":"tag-region-lorraine","24":"tag-republique-francaise","25":"tag-selection-de-la-redaction"},"share_on_mastodon":{"url":"https:\/\/pubeurope.com\/@fr\/115260437593566883","error":""},"_links":{"self":[{"href":"https:\/\/www.europesays.com\/fr\/wp-json\/wp\/v2\/posts\/414478","targetHints":{"allow":["GET"]}}],"collection":[{"href":"https:\/\/www.europesays.com\/fr\/wp-json\/wp\/v2\/posts"}],"about":[{"href":"https:\/\/www.europesays.com\/fr\/wp-json\/wp\/v2\/types\/post"}],"author":[{"embeddable":true,"href":"https:\/\/www.europesays.com\/fr\/wp-json\/wp\/v2\/users\/2"}],"replies":[{"embeddable":true,"href":"https:\/\/www.europesays.com\/fr\/wp-json\/wp\/v2\/comments?post=414478"}],"version-history":[{"count":0,"href":"https:\/\/www.europesays.com\/fr\/wp-json\/wp\/v2\/posts\/414478\/revisions"}],"wp:featuredmedia":[{"embeddable":true,"href":"https:\/\/www.europesays.com\/fr\/wp-json\/wp\/v2\/media\/414479"}],"wp:attachment":[{"href":"https:\/\/www.europesays.com\/fr\/wp-json\/wp\/v2\/media?parent=414478"}],"wp:term":[{"taxonomy":"category","embeddable":true,"href":"https:\/\/www.europesays.com\/fr\/wp-json\/wp\/v2\/categories?post=414478"},{"taxonomy":"post_tag","embeddable":true,"href":"https:\/\/www.europesays.com\/fr\/wp-json\/wp\/v2\/tags?post=414478"}],"curies":[{"name":"wp","href":"https:\/\/api.w.org\/{rel}","templated":true}]}}