{"id":414484,"date":"2025-09-24T17:26:09","date_gmt":"2025-09-24T17:26:09","guid":{"rendered":"https:\/\/www.europesays.com\/fr\/414484\/"},"modified":"2025-09-24T17:26:09","modified_gmt":"2025-09-24T17:26:09","slug":"la-police-tombe-sur-un-butin-inattendu-apres-une-folle-course-poursuite","status":"publish","type":"post","link":"https:\/\/www.europesays.com\/fr\/414484\/","title":{"rendered":"la police tombe sur un butin inattendu apr\u00e8s une folle course-poursuite"},"content":{"rendered":"<p>            Par<br \/>\n        <strong><br \/>\n            <a href=\"https:\/\/actu.fr\/auteur\/lea-pippinato\" title=\"Consulter tous les articles de L\u00e9a Pippinato\" rel=\"nofollow noopener\" target=\"_blank\">L\u00e9a Pippinato<\/a><br \/>\n        <\/strong><\/p>\n<p>        Publi\u00e9 le<\/p>\n<p>            24 sept. 2025 \u00e0 18h32        <\/p>\n<p>Dans la nuit <strong>du 22 au 23 septembre 2025<\/strong>, la police municipale de Montpellier tente de contr\u00f4ler un v\u00e9hicule rue Marius Carrieu. Les agents veulent proc\u00e9der \u00e0 une v\u00e9rification apr\u00e8s une infraction au code de la route. Le conducteur refuse d\u2019obtemp\u00e9rer et prend aussit\u00f4t la fuite.<\/p>\n<p>    <a href=\"https:\/\/www.google.com\/maps\/embed?pb=!1m18!1m12!1m3!1d2888.505793067972!2d3.8394494764602713!3d43.6168306711038!2m3!1f0!2f0!3f0!3m2!1i1024!2i768!4f13.1!3m3!1m2!1s0x12b6ae8c64c0096f%3A0x4417d07440b35737!2sRue%20Marius%20Carrieu%2C%2034080%20Montpellier!5e0!3m2!1sfr!2sfr!4v1758729371316!5m2!1sfr!2sfr\" title=\"Ouvrie le lien\" rel=\"nofollow noopener\" target=\"_blank\">Cliquez ici pour visualiser le contenu<\/a><\/p>\n<p class=\" wall-content\">Quelques minutes plus tard, la voiture s\u2019immobilise en pleine chauss\u00e9e. Ses deux occupants sortent pr\u00e9cipitamment et partent dans des directions oppos\u00e9es. Le conducteur, \u00e2g\u00e9 de 19 ans, est rattrap\u00e9 par les policiers. Le passager parvient \u00e0 dispara\u00eetre dans la nuit.<\/p>\n<p>D\u00e9couverte dans la voiture<\/p>\n<p class=\" wall-content\">Le v\u00e9hicule est conduit au commissariat central. \u00c0 l\u2019int\u00e9rieur, les policiers nationaux d\u00e9couvrent 330 grammes de r\u00e9sine de cannabis, 14 comprim\u00e9s de pr\u00e9gabaline, trois couteaux et 440 euros en liquide. Dans la sacoche du conducteur, les agents trouvent \u00e9galement 450 euros suppl\u00e9mentaires. Le jeune homme, de nationalit\u00e9 alg\u00e9rienne, ne poss\u00e8de pas de permis de conduire. Il est par ailleurs sous le coup d\u2019une obligation de quitter le territoire fran\u00e7ais depuis pr\u00e8s d\u2019un an. En garde \u00e0 vue, il affirme que la drogue appartient au passager en fuite. Il revendique en revanche la possession de l\u2019argent, sans r\u00e9ussir \u00e0 justifier son origine puisqu\u2019il ne travaille pas. Les policiers saisissent aussi deux t\u00e9l\u00e9phones portables. L\u2019int\u00e9ress\u00e9 refuse de communiquer les codes de d\u00e9verrouillage<\/p>\n<p class=\" wall-content\">D\u00e9f\u00e9r\u00e9 <strong>ce mercredi 24 septembre<\/strong> au parquet, le suspect est jug\u00e9 d\u00e8s l\u2019apr\u00e8s-midi en comparution imm\u00e9diate. Les chefs d\u2019accusation s\u2019accumulent : transport et d\u00e9tention de produits stup\u00e9fiants, refus d\u2019obtemp\u00e9rer, port d\u2019arme prohib\u00e9 de cat\u00e9gorie D, d\u00e9faut d\u2019assurance, d\u00e9faut de permis de conduire et refus de livrer les codes de ses t\u00e9l\u00e9phones.<\/p>\n<p class=\" wall-content\">Personnalisez votre actualit\u00e9 en ajoutant vos villes et m\u00e9dias en favori avec <a href=\"https:\/\/moncompte.actu.fr\" title=\"D\u00e9couvez Mon Actu\" rel=\"nofollow noopener\" data-trk=\"{&quot;cta&quot;:{&quot;action&quot;:&quot;https:\\\/\\\/moncompte.actu.fr&quot;,&quot;category&quot;:&quot;mon compte&quot;,&quot;from&quot;:&quot;article footer&quot;,&quot;name&quot;:&quot;Mon actu&quot;,&quot;type&quot;:&quot;cta&quot;}}\" target=\"_blank\">Mon Actu<\/a>.<\/p>\n","protected":false},"excerpt":{"rendered":"Par L\u00e9a Pippinato Publi\u00e9 le 24 sept. 2025 \u00e0 18h32 Dans la nuit du 22 au 23 septembre&hellip;\n","protected":false},"author":2,"featured_media":414485,"comment_status":"","ping_status":"","sticky":false,"template":"","format":"standard","meta":{"footnotes":""},"categories":[9599],"tags":[1111,11,1052,1777,674,118,1011,27,2208,12,2680,1072,2852,25],"class_list":{"0":"post-414484","1":"post","2":"type-post","3":"status-publish","4":"format-standard","5":"has-post-thumbnail","7":"category-montpellier","8":"tag-actu","9":"tag-actualites","10":"tag-drogue","11":"tag-eu","12":"tag-europe","13":"tag-faits-divers","14":"tag-fr","15":"tag-france","16":"tag-montpellier","17":"tag-news","18":"tag-occitanie","19":"tag-police","20":"tag-refus-dobtemperer","21":"tag-republique-francaise"},"share_on_mastodon":{"url":"https:\/\/pubeurope.com\/@fr\/115260449415834608","error":""},"_links":{"self":[{"href":"https:\/\/www.europesays.com\/fr\/wp-json\/wp\/v2\/posts\/414484","targetHints":{"allow":["GET"]}}],"collection":[{"href":"https:\/\/www.europesays.com\/fr\/wp-json\/wp\/v2\/posts"}],"about":[{"href":"https:\/\/www.europesays.com\/fr\/wp-json\/wp\/v2\/types\/post"}],"author":[{"embeddable":true,"href":"https:\/\/www.europesays.com\/fr\/wp-json\/wp\/v2\/users\/2"}],"replies":[{"embeddable":true,"href":"https:\/\/www.europesays.com\/fr\/wp-json\/wp\/v2\/comments?post=414484"}],"version-history":[{"count":0,"href":"https:\/\/www.europesays.com\/fr\/wp-json\/wp\/v2\/posts\/414484\/revisions"}],"wp:featuredmedia":[{"embeddable":true,"href":"https:\/\/www.europesays.com\/fr\/wp-json\/wp\/v2\/media\/414485"}],"wp:attachment":[{"href":"https:\/\/www.europesays.com\/fr\/wp-json\/wp\/v2\/media?parent=414484"}],"wp:term":[{"taxonomy":"category","embeddable":true,"href":"https:\/\/www.europesays.com\/fr\/wp-json\/wp\/v2\/categories?post=414484"},{"taxonomy":"post_tag","embeddable":true,"href":"https:\/\/www.europesays.com\/fr\/wp-json\/wp\/v2\/tags?post=414484"}],"curies":[{"name":"wp","href":"https:\/\/api.w.org\/{rel}","templated":true}]}}