{"id":414498,"date":"2025-09-24T17:33:24","date_gmt":"2025-09-24T17:33:24","guid":{"rendered":"https:\/\/www.europesays.com\/fr\/414498\/"},"modified":"2025-09-24T17:33:24","modified_gmt":"2025-09-24T17:33:24","slug":"lopposition-reve-du-grand-soir-mais-na-toujours-pas-trouve-son-candidat","status":"publish","type":"post","link":"https:\/\/www.europesays.com\/fr\/414498\/","title":{"rendered":"L\u2019opposition r\u00eave du grand soir mais n\u2019a toujours pas trouv\u00e9 son candidat"},"content":{"rendered":"<p class=\"mb-4 text-lg md:leading-8 break-words\"><strong>\u00e0 six mois du scrutin &#8211; Anciens adversaires en 2020, Charles Compagnon (Horizons) et Carole Gandon (Renaissance) partiront ensemble l\u2019an prochain pour les municipales \u00e0 Rennes et ils esp\u00e8rent toujours fusionner avec le candidat LR Thomas Rousseau<\/strong><\/p>\n<p class=\"mb-4 text-lg md:leading-8 break-words\">Ils \u00e9taient adversaires en 2020, tous deux largement battus par <a href=\"https:\/\/www.20minutes.fr\/dossier\/nathalie_appere?at_medium=RSS%20feed&amp;at_campaign=ynews&amp;utm_source=yahoo&amp;utm_medium=rss&amp;utm_campaign=news_feed&amp;utm_content=in_article_link\" rel=\"nofollow noopener\" target=\"_blank\" data-ylk=\"slk:la maire sortante Nathalie App\u00e9r\u00e9;elm:context_link;itc:0;sec:content-canvas\" class=\"link \">la maire sortante Nathalie App\u00e9r\u00e9<\/a> au second tour des <a href=\"https:\/\/www.20minutes.fr\/municipales\/?at_medium=RSS%20feed&amp;at_campaign=ynews&amp;utm_source=yahoo&amp;utm_medium=rss&amp;utm_campaign=news_feed&amp;utm_content=in_article_link\" rel=\"nofollow noopener\" target=\"_blank\" data-ylk=\"slk:\u00e9lections municipales;elm:context_link;itc:0;sec:content-canvas\" class=\"link \">\u00e9lections municipales<\/a> \u00e0 <a href=\"https:\/\/www.20minutes.fr\/rennes\/?at_medium=RSS%20feed&amp;at_campaign=ynews&amp;utm_source=yahoo&amp;utm_medium=rss&amp;utm_campaign=news_feed&amp;utm_content=in_article_link\" rel=\"nofollow noopener\" target=\"_blank\" data-ylk=\"slk:Rennes;elm:context_link;itc:0;sec:content-canvas\" class=\"link \">Rennes<\/a>. Pour ne pas \u00ab refaire deux fois la m\u00eame erreur \u00bb, Charles Compagnon (Horizons) et Carole Gandon (Renaissance) partiront cette fois unis l\u2019an prochain dans l\u2019espoir de faire basculer une ville <a href=\"https:\/\/www.20minutes.fr\/politique\/matthieu-theurier\/4158933-20250618-municipales-2026-rennes-lfi-ecologistes-tout-monde-veut-prendre-place-socialistes?at_medium=RSS%20feed&amp;at_campaign=ynews&amp;utm_source=yahoo&amp;utm_medium=rss&amp;utm_campaign=news_feed&amp;utm_content=in_article_link\" rel=\"nofollow noopener\" target=\"_blank\" data-ylk=\"slk:aux mains des socialistes depuis un demi-si\u00e8cle;elm:context_link;itc:0;sec:content-canvas\" class=\"link \">aux mains des socialistes depuis un demi-si\u00e8cle<\/a>. \u00ab C\u2019est un rendez-vous historique et cela n\u00e9cessite d\u2019avoir un projet d\u2019alternance cr\u00e9dible et d\u00e9sirable \u00bb, souligne Charles Compagnon.<\/p>\n<p class=\"mb-4 text-lg md:leading-8 break-words\">L\u2019annonce ce mercredi de cette alliance \u00e0 six mois du scrutin n\u2019est pas une surprise en soi car les deux chefs de file de l\u2019opposition municipale forment d\u00e9j\u00e0 un groupe commun depuis plus d\u2019un an \u00e0 la m\u00e9tropole. Tout l\u2019enjeu maintenant est de savoir s\u2019ils parviendront \u00e0 faire monter le candidat LR Thomas Rousseau dans leur bateau pour \u00ab un rassemblement le plus large possible \u00bb de la droite et du centre.<\/p>\n<p>Une d\u00e9faite plus que probable avec deux listes<\/p>\n<p class=\"mb-4 text-lg md:leading-8 break-words\">D\u00e9j\u00e0 en campagne, ce dernier tient peu ou prou le m\u00eame discours mais il a d\u2019ores et d\u00e9j\u00e0 annonc\u00e9 qu\u2019il sera bien t\u00eate de liste, alliance ou pas. Ce qui fait un peu tiquer Carole Gandon. \u00ab On ne peut pas s\u2019autoproclamer t\u00eate de liste et appeler au rassemblement, estime la cheffe de file de Renaissance. Mais on continue de se parler et on a bon espoir de pouvoir annoncer bient\u00f4t une liste unique. \u00bb Ne cachant pas ses ambitions, Charles Compagnon pourrait-il alors s\u2019effacer derri\u00e8re Thomas Rousseau, plus novice en po(&#8230;)<\/p>\n<p class=\"mb-4 text-lg md:leading-8 break-words\"><a href=\"https:\/\/www.20minutes.fr\/politique\/4175025-20250924-elections-municipales-2026-rennes-opposition-reve-grand-soir-toujours-trouve-candidat?at_medium=RSS%20feed&amp;at_campaign=ynews&amp;utm_source=yahoo&amp;utm_medium=rss&amp;utm_campaign=news_feed&amp;utm_content=read_more_link&quot;\" rel=\"nofollow noopener\" target=\"_blank\" data-ylk=\"slk:Lire la suite sur 20minutes;elm:context_link;itc:0;sec:content-canvas\" class=\"link \">Lire la suite sur 20minutes<\/a><\/p>\n<p>\u00c0 lire aussi :<br \/><a href=\"https:\/\/www.20minutes.fr\/rennes\/4169835-20250830-rennes-temps-parcours-enfin-retour-rocade?at_medium=RSS%20feed&amp;at_campaign=ynews&amp;utm_source=yahoo&amp;utm_medium=rss&amp;utm_campaign=news_feed&amp;utm_content=related_content_link\" rel=\"nofollow noopener\" target=\"_blank\" data-ylk=\"slk:Rennes : Les temps de parcours enfin de retour sur la rocade;elm:context_link;itc:0;sec:content-canvas\" class=\"link \">Rennes : Les temps de parcours enfin de retour sur la rocade<\/a><br \/><a href=\"https:\/\/www.20minutes.fr\/rennes\/4170003-20250829-rennes-trop-fragiles-portillons-metro-bientot-renforces-face-coups-pied?at_medium=RSS%20feed&amp;at_campaign=ynews&amp;utm_source=yahoo&amp;utm_medium=rss&amp;utm_campaign=news_feed&amp;utm_content=related_content_link\" rel=\"nofollow noopener\" target=\"_blank\" data-ylk=\"slk:Rennes : \u00ab Trop fragiles \u00bb\u2026 Les portillons du m\u00e9tro bient\u00f4t renforc\u00e9s face aux coups de pied;elm:context_link;itc:0;sec:content-canvas\" class=\"link \">Rennes : \u00ab Trop fragiles \u00bb\u2026 Les portillons du m\u00e9tro bient\u00f4t renforc\u00e9s face aux coups de pied<\/a><\/p>\n","protected":false},"excerpt":{"rendered":"\u00e0 six mois du scrutin &#8211; Anciens adversaires en 2020, Charles Compagnon (Horizons) et Carole Gandon (Renaissance) partiront&hellip;\n","protected":false},"author":2,"featured_media":414499,"comment_status":"","ping_status":"","sticky":false,"template":"","format":"standard","meta":{"footnotes":""},"categories":[2821],"tags":[1111,11,829,54475,12613,1777,674,1011,27,12,3370,584,25,54474],"class_list":{"0":"post-414498","1":"post","2":"type-post","3":"status-publish","4":"format-standard","5":"has-post-thumbnail","7":"category-rennes","8":"tag-actu","9":"tag-actualites","10":"tag-bretagne","11":"tag-carole-gandon","12":"tag-charles-compagnon","13":"tag-eu","14":"tag-europe","15":"tag-fr","16":"tag-france","17":"tag-news","18":"tag-renaissance","19":"tag-rennes","20":"tag-republique-francaise","21":"tag-thomas-rousseau"},"share_on_mastodon":{"url":"https:\/\/pubeurope.com\/@fr\/115260476917543747","error":""},"_links":{"self":[{"href":"https:\/\/www.europesays.com\/fr\/wp-json\/wp\/v2\/posts\/414498","targetHints":{"allow":["GET"]}}],"collection":[{"href":"https:\/\/www.europesays.com\/fr\/wp-json\/wp\/v2\/posts"}],"about":[{"href":"https:\/\/www.europesays.com\/fr\/wp-json\/wp\/v2\/types\/post"}],"author":[{"embeddable":true,"href":"https:\/\/www.europesays.com\/fr\/wp-json\/wp\/v2\/users\/2"}],"replies":[{"embeddable":true,"href":"https:\/\/www.europesays.com\/fr\/wp-json\/wp\/v2\/comments?post=414498"}],"version-history":[{"count":0,"href":"https:\/\/www.europesays.com\/fr\/wp-json\/wp\/v2\/posts\/414498\/revisions"}],"wp:featuredmedia":[{"embeddable":true,"href":"https:\/\/www.europesays.com\/fr\/wp-json\/wp\/v2\/media\/414499"}],"wp:attachment":[{"href":"https:\/\/www.europesays.com\/fr\/wp-json\/wp\/v2\/media?parent=414498"}],"wp:term":[{"taxonomy":"category","embeddable":true,"href":"https:\/\/www.europesays.com\/fr\/wp-json\/wp\/v2\/categories?post=414498"},{"taxonomy":"post_tag","embeddable":true,"href":"https:\/\/www.europesays.com\/fr\/wp-json\/wp\/v2\/tags?post=414498"}],"curies":[{"name":"wp","href":"https:\/\/api.w.org\/{rel}","templated":true}]}}