{"id":414502,"date":"2025-09-24T17:35:11","date_gmt":"2025-09-24T17:35:11","guid":{"rendered":"https:\/\/www.europesays.com\/fr\/414502\/"},"modified":"2025-09-24T17:35:11","modified_gmt":"2025-09-24T17:35:11","slug":"bas-rhin-interet-pour-les-armes-et-hitler-qui-est-leleve-soupconne-davoir-poignarde-son-enseignante","status":"publish","type":"post","link":"https:\/\/www.europesays.com\/fr\/414502\/","title":{"rendered":"Bas-Rhin. Int\u00e9r\u00eat pour les armes et Hitler&#8230; qui est l\u2019\u00e9l\u00e8ve soup\u00e7onn\u00e9 d\u2019avoir poignard\u00e9 son enseignante\u00a0?"},"content":{"rendered":"<p>            Par<br \/>\n        <strong><br \/>\n            <a href=\"https:\/\/actu.fr\/auteur\/ivan-capecchi\" title=\"Consulter tous les articles de Ivan CAPECCHI\" rel=\"nofollow noopener\" target=\"_blank\">Ivan CAPECCHI<\/a><br \/>\n        <\/strong><\/p>\n<p>        Publi\u00e9 le<\/p>\n<p>            24 sept. 2025 \u00e0 19h03<br \/>\n        ; mis \u00e0 jour le 24 sept. 2025 \u00e0 19h09    <\/p>\n<p>Ce mercredi en fin d\u2019apr\u00e8s-midi, Clarisse Taron, procureure de la R\u00e9publique de Strasbourg, a <strong>livr\u00e9 les derniers \u00e9l\u00e9ments de l\u2019enqu\u00eate<\/strong> concernant <strong>l\u2019agression \u00e0 l\u2019arme blanche<\/strong>, survenue plus t\u00f4t ce m\u00eame jour, <a href=\"https:\/\/actu.fr\/grand-est\/benfeld_67028\/agression-au-college-de-benfeld-une-enseignante-poignardee-par-un-eleve-ce-que-l-on-sait_63205259.html\" rel=\"nofollow noopener\" target=\"_blank\">au coll\u00e8ge Robert Schuman de Benfeld (Bas-Rhin)<\/a>.<\/p>\n<p>Les jours de l\u2019enseignante poignard\u00e9e dans un coll\u00e8ge \u00e0 Benfeld ne sont pas en danger<\/p>\n<p class=\" wall-content\">Vers 8h ce mercredi matin, une <strong>enseignante de musique a \u00e9t\u00e9 victime d\u2019un coup de couteau au visage<\/strong>, port\u00e9 par un <strong>\u00e9l\u00e8ve de 14\u00a0ans<\/strong>. Rapidement prise en charge par les secours et transf\u00e9r\u00e9e \u00e0 l\u2019h\u00f4pital, <strong>ses jours ne sont pas en danger<\/strong>.<\/p>\n<p class=\" wall-content\">Le <strong>pronostic vital du mineur<\/strong>, qui s\u2019est <strong>port\u00e9 des coups de couteau au moment de son interpellation<\/strong> par les gendarmes, est lui <strong>engag\u00e9<\/strong>. \u00ab\u2009Il est actuellement<strong> s\u00e9dat\u00e9 pour au moins 48h<\/strong>\u2009\u00bb, a fait savoir Mme Taron.<\/p>\n<p>Un go\u00fbt prononc\u00e9 pour les armes et les r\u00e9f\u00e9rences au nazisme<\/p>\n<p class=\" wall-content\">Cette derni\u00e8re a d\u00e9taill\u00e9 le profil du jeune homme\u2009:<\/p>\n<blockquote class=\"ac-article-quote wall-content\">\n<p>C&rsquo;est un gar\u00e7on qui n&rsquo;avait pas d&rsquo;ant\u00e9c\u00e9dents p\u00e9naux. Il est suivi sur le plan \u00e9ducatif quasiment depuis sa naissance, \u00e9tant d&rsquo;abord plac\u00e9 en famille d&rsquo;accueil o\u00f9 il a subi des violences de la part de cette derni\u00e8re, violences qui ont abouti \u00e0 la condamnation de l&rsquo;assistante familiale en 2024 par la cour d&rsquo;appel de Colmar. Il a ensuite \u00e9t\u00e9 plac\u00e9 en \u00e9tablissement, o\u00f9 il se trouve encore \u00e0 ce jour.<\/p>\n<p>    <strong>Clarisse Taron<\/strong><br \/>\n        Procureure de la R\u00e9publique de Strasbourg    <\/p><\/blockquote>\n<p class=\" wall-content\">\u00ab\u2009Il avait attir\u00e9 l\u2019attention pour<strong> son go\u00fbt pour les armes<\/strong>, pour tout ce qui a trait \u00e0 la <a href=\"https:\/\/actu.fr\/tag\/seconde-guerre-mondiale\" rel=\"nofollow noopener\" target=\"_blank\">Seconde guerre mondiale<\/a> avec des<strong> r\u00e9f\u00e9rences nettes au nazisme<\/strong>\u2009\u00bb, poursuit la magistrate.<\/p>\n<p class=\" wall-content\">\u00ab\u2009Cet \u00e9tat d\u2019esprit avait inqui\u00e9t\u00e9 et il avait fait l\u2019objet \u00e0 la fois de <strong>mesures \u00e9ducatives et de sanctions de la part de l\u2019\u00e9tablissement<\/strong> pour avoir fait notamment des<strong> dessins qui avaient \u00e9t\u00e9 jug\u00e9s inqui\u00e9tants<\/strong> par les personnes qui le prenaient en charge\u2009\u00bb, indique-t-elle.<\/p>\n<p>Votre r\u00e9gion, votre actu !<\/p>\n<p>Recevez chaque jour les infos qui comptent pour vous.<\/p>\n<p>\t<a href=\"https:\/\/actu.fr\/newsletter\" class=\"ac-btn ac-btn--corner ac-btn--medium ac-btn--blue800\" rel=\"nofollow noopener\" target=\"_blank\">S&rsquo;incrire<\/a><\/p>\n<p class=\" wall-content\">En l\u2019occurrence, un \u00ab\u2009dessin avec un soldat de profil levant le bras droit dans un <strong>salut qui semble hitl\u00e9rien<\/strong>\u2009\u00bb et \u00ab\u2009un autre dessin avec \u00e9crit SS* dessus\u2009\u00bb avaient \u00e9t\u00e9 retrouv\u00e9s, entre mars dernier et aujourd\u2019hui.<\/p>\n<blockquote class=\"tiktok-embed\" cite=\"https:\/\/www.tiktok.com\/@lorraine.actu\/video\/7553690022453464342\" data-video-id=\"7553690022453464342\" data-embed-from=\"oembed\" style=\"max-width:605px; min-width:325px;\"><p>\n<a target=\"_blank\" title=\"@lorraine.actu\" href=\"https:\/\/www.tiktok.com\/@lorraine.actu?refer=embed\" rel=\"nofollow noopener\">@lorraine.actu<\/a> <\/p>\n<p>Une enseignante a \u00e9t\u00e9 agress\u00e9e mercredi matin par un \u00e9l\u00e8ve de 14 ans au coll\u00e8ge Robert-Schuman de Benfeld (Bas-Rhin).  L\u2019agression s\u2019est produite en d\u00e9but de matin\u00e9e. L\u2019enseignante, bless\u00e9e par arme blanche, a \u00e9t\u00e9 imm\u00e9diatement prise en charge. Selon l\u2019acad\u00e9mie de Strasbourg, son pronostic vital n\u2019est pas engag\u00e9. Le suspect, un adolescent de 14 ans, a \u00e9t\u00e9 interpell\u00e9. Une enqu\u00eate judiciaire est en cours. L\u2019ensemble des \u00e9l\u00e8ves pr\u00e9sents a \u00e9t\u00e9 \u00e9vacu\u00e9 et mis en s\u00e9curit\u00e9 dans la salle des f\u00eates de la commune, \u00e0 proximit\u00e9 imm\u00e9diate du coll\u00e8ge, sous protection de la gendarmerie. Une cellule d\u2019urgence m\u00e9dico-psychologique (CUMP) ainsi que l\u2019\u00e9quipe mobile de s\u00e9curit\u00e9 de l\u2019\u00c9ducation nationale ont \u00e9t\u00e9 d\u00e9ploy\u00e9es pour accompagner \u00e9l\u00e8ves, personnels et familles. Le pr\u00e9fet du Bas-Rhin, le recteur de l\u2019acad\u00e9mie de Strasbourg et la procureure de la R\u00e9publique se sont rendus sur place dans la matin\u00e9e. \u00ab Je condamne avec force cette agression et rappelle que la s\u00e9curit\u00e9 dans les \u00e9tablissements scolaires est une priorit\u00e9 \u00bb, a d\u00e9clar\u00e9 Olivier Klein, recteur de l\u2019acad\u00e9mie de Strasbourg, qui a exprim\u00e9 son soutien \u00e0 la professeure bless\u00e9e et \u00e0 l\u2019\u00e9quipe \u00e9ducative. De son c\u00f4t\u00e9, la ministre de l\u2019\u00c9ducation d\u00e9missionnaire, \u00c9lisabeth Borne, a annonc\u00e9 \u00ab se rendre sur place imm\u00e9diatement \u00bb. \u00ab Je condamne avec force l\u2019agression d\u2019une enseignante par un \u00e9l\u00e8ve dans un coll\u00e8ge du Bas-Rhin \u00bb, a-t-elle r\u00e9agi. \u00ab On entend l\u2019alerte qui sonne, en fait tout le monde pensait que c\u2019\u00e9tait une alerte incendie \u00bb, a racont\u00e9 Florine, 14 ans, interrog\u00e9e par l\u2019AFP devant l\u2019\u00e9tablissement. \u00ab Mais lorsqu\u2019on sort de la salle pour aller dans la cour, des profs nous disent que non, c\u2019est pas une alerte de confinement, qu\u2019il faut qu\u2019on aille dans les salles, qu\u2019on s\u2019enferme, car il y a quelqu\u2019un qui est l\u00e0, et on a entendu la prof crier jusque dans notre salle de cours \u00bb, a-t-elle poursuivi. \u00ab \u00c7a me fait de la peine, parce que moi je l\u2019aimais bien \u00bb, a t\u00e9moign\u00e9 une autre \u00e9l\u00e8ve de quatri\u00e8me, au sujet de l\u2019enseignante bless\u00e9e. Je suis \u00ab choqu\u00e9, j\u2019ai aussi pleur\u00e9 avant \u00bb, a confi\u00e9 un \u00e9l\u00e8ve de cinqui\u00e8me sans vouloir dire son nom. \u00ab J\u2019\u00e9tais choqu\u00e9e, stress\u00e9e \u00bb, a racont\u00e9 de son c\u00f4t\u00e9 Virginie, une m\u00e8re venue r\u00e9cup\u00e9rer sa fille en sixi\u00e8me. \u00ab Jusqu\u2019au moment o\u00f9 on retrouve notre enfant, on est toujours un petit peu choqu\u00e9. \u00c7a fait toujours peur. On ne s\u2019attend pas \u00e0 \u00e7a \u00bb. Pour le maire de Benfeld, ce drame est un \u00ab \u00e9v\u00e9nement isol\u00e9 \u00bb, survenu dans un \u00ab coll\u00e8ge calme qui a un encadrement exemplaire \u00bb.<\/p>\n<p> <a target=\"_blank\" title=\"\u266c son original - Lorraine Actu\" href=\"https:\/\/www.tiktok.com\/music\/son-original-7553690026811411222?refer=embed\" rel=\"nofollow noopener\">\u266c son original \u2013 Lorraine Actu<\/a> <\/p>\n<\/blockquote>\n<p>L\u2019adolescent b\u00e9n\u00e9ficiait d\u2019un suivi psychiatrique<\/p>\n<p class=\" wall-content\">\u00ab\u2009Il avait d\u2019ailleurs b\u00e9n\u00e9fici\u00e9 d\u2019un <strong>suivi psychologique et psychiatrique<\/strong> dans le cadre de la proc\u00e9dure d\u2019assistance \u00e9ducative, suivi dont on nous dit qu\u2019il l\u2019investissait peu\u2009\u00bb, continue Mme Taron.<\/p>\n<p class=\" wall-content\">\u00ab\u2009Il avait aussi un suivi au titre de son <strong>handicap<\/strong>, reconnu comme tel, et qui lui valait un <strong>soutien particulier du coll\u00e8ge<\/strong>\u2009\u00bb, pr\u00e9cise-t-elle.<\/p>\n<p class=\" wall-content\">Le jeune homme souffre d\u2019une <strong>maladie g\u00e9n\u00e9tique<\/strong>, la m\u00eame que sa m\u00e8re, et d\u2019un <strong>handicap psychologique<\/strong>.<\/p>\n<p>Le mineur n\u2019a pas encore pu \u00eatre entendu par les gendarmes<\/p>\n<p class=\" wall-content\">Pour le moment, <strong>il n\u2019a pas pu \u00eatre entendu par les gendarmes<\/strong>.<\/p>\n<p class=\" wall-content\">La professeure de musique a-t-elle \u00e9t\u00e9 <strong>d\u00e9lib\u00e9r\u00e9ment vis\u00e9e<\/strong>\u2009? \u00c0 ce stade, <strong>il est impossible de le dire<\/strong>.<\/p>\n<p class=\" wall-content\">Tout au plus sait-on qu\u2019il <strong>n\u2019a pas cherch\u00e9 \u00e0 blesser d\u2019autres personnes<\/strong>.<\/p>\n<p>Deux enqu\u00eates ouvertes<\/p>\n<p class=\" wall-content\">Deux <strong>enqu\u00eates ont \u00e9t\u00e9 ouvertes<\/strong>. Elles ont deux objets diff\u00e9rents. La premi\u00e8re porte sur l\u2019agression, tandis que la seconde, sur<strong> les conditions d\u2019interpellation du mineur<\/strong>, puisque ce dernier a \u00e9t\u00e9 bless\u00e9 durant celle-ci.<\/p>\n<p class=\" wall-content\">\u00ab\u2009Je tiens \u00e0 dire d\u00e8s \u00e0 pr\u00e9sent que <strong>le parquet n\u2019a pas d\u2019inqui\u00e9tude particuli\u00e8re<\/strong> sur le comportement des forces de <a href=\"https:\/\/actu.fr\/tag\/gendarmerie\" rel=\"nofollow noopener\" target=\"_blank\">gendarmerie<\/a> qui ont interpell\u00e9 ce mineur mais il est normal de faire le point sur les conditions d\u2019interpellation\u2009\u00bb, a d\u00e9clar\u00e9 la procureure de la R\u00e9publique de Strasbourg.<\/p>\n<p>Le parquet national antiterroriste en observation<\/p>\n<p class=\" wall-content\">Mme Taron a \u00e9galement fait savoir que \u00ab<strong>\u2009le parquet est\u00a0en contact avec le parquet national antiterroriste<\/strong>, qui proc\u00e8de \u00e0 une \u00e9valuation de la situation, compte tenu du profil du mineur\u2009\u00bb.<\/p>\n<p class=\" wall-content\">Le parquet national antiterroriste \u00ab\u2009attend les r\u00e9sultats des premi\u00e8res investigations, notamment de la section de recherche, pour rendre son avis sur la situation\u2009\u00bb.<\/p>\n<p class=\" wall-content\">*Abr\u00e9viation de Schutzstaffel, une des principales organisations du r\u00e9gime nazi.<\/p>\n<p class=\" wall-content\">Personnalisez votre actualit\u00e9 en ajoutant vos villes et m\u00e9dias en favori avec <a href=\"https:\/\/moncompte.actu.fr\" title=\"D\u00e9couvez Mon Actu\" rel=\"nofollow noopener\" data-trk=\"{&quot;cta&quot;:{&quot;action&quot;:&quot;https:\\\/\\\/moncompte.actu.fr&quot;,&quot;category&quot;:&quot;mon compte&quot;,&quot;from&quot;:&quot;article footer&quot;,&quot;name&quot;:&quot;Mon actu&quot;,&quot;type&quot;:&quot;cta&quot;}}\" target=\"_blank\">Mon Actu<\/a>.<\/p>\n<p>                    <script async src=\"\/\/www.tiktok.com\/embed.js\"><\/script><\/p>\n","protected":false},"excerpt":{"rendered":"Par Ivan CAPECCHI Publi\u00e9 le 24 sept. 2025 \u00e0 19h03 ; mis \u00e0 jour le 24 sept. 2025&hellip;\n","protected":false},"author":2,"featured_media":414503,"comment_status":"","ping_status":"","sticky":false,"template":"","format":"standard","meta":{"footnotes":""},"categories":[2820],"tags":[1111,11,1777,674,118,1011,27,3381,775,303,12,25,640],"class_list":{"0":"post-414502","1":"post","2":"type-post","3":"status-publish","4":"format-standard","5":"has-post-thumbnail","7":"category-strasbourg","8":"tag-actu","9":"tag-actualites","10":"tag-eu","11":"tag-europe","12":"tag-faits-divers","13":"tag-fr","14":"tag-france","15":"tag-gendarmerie","16":"tag-grand-est","17":"tag-justice","18":"tag-news","19":"tag-republique-francaise","20":"tag-strasbourg"},"share_on_mastodon":{"url":"https:\/\/pubeurope.com\/@fr\/115260484810513128","error":""},"_links":{"self":[{"href":"https:\/\/www.europesays.com\/fr\/wp-json\/wp\/v2\/posts\/414502","targetHints":{"allow":["GET"]}}],"collection":[{"href":"https:\/\/www.europesays.com\/fr\/wp-json\/wp\/v2\/posts"}],"about":[{"href":"https:\/\/www.europesays.com\/fr\/wp-json\/wp\/v2\/types\/post"}],"author":[{"embeddable":true,"href":"https:\/\/www.europesays.com\/fr\/wp-json\/wp\/v2\/users\/2"}],"replies":[{"embeddable":true,"href":"https:\/\/www.europesays.com\/fr\/wp-json\/wp\/v2\/comments?post=414502"}],"version-history":[{"count":0,"href":"https:\/\/www.europesays.com\/fr\/wp-json\/wp\/v2\/posts\/414502\/revisions"}],"wp:featuredmedia":[{"embeddable":true,"href":"https:\/\/www.europesays.com\/fr\/wp-json\/wp\/v2\/media\/414503"}],"wp:attachment":[{"href":"https:\/\/www.europesays.com\/fr\/wp-json\/wp\/v2\/media?parent=414502"}],"wp:term":[{"taxonomy":"category","embeddable":true,"href":"https:\/\/www.europesays.com\/fr\/wp-json\/wp\/v2\/categories?post=414502"},{"taxonomy":"post_tag","embeddable":true,"href":"https:\/\/www.europesays.com\/fr\/wp-json\/wp\/v2\/tags?post=414502"}],"curies":[{"name":"wp","href":"https:\/\/api.w.org\/{rel}","templated":true}]}}