{"id":414512,"date":"2025-09-24T17:40:09","date_gmt":"2025-09-24T17:40:09","guid":{"rendered":"https:\/\/www.europesays.com\/fr\/414512\/"},"modified":"2025-09-24T17:40:09","modified_gmt":"2025-09-24T17:40:09","slug":"ce-que-reserve-la-grande-journee-daction-en-gironde","status":"publish","type":"post","link":"https:\/\/www.europesays.com\/fr\/414512\/","title":{"rendered":"ce que r\u00e9serve la \u00ab\u00a0grande journ\u00e9e d&rsquo;action\u00a0\u00bb en Gironde"},"content":{"rendered":"<p>            Par<br \/>\n        <strong><br \/>\n            <a href=\"https:\/\/actu.fr\/auteur\/juliette-cardinale\" title=\"Consulter tous les articles de Juliette Cardinale\" target=\"_blank\" rel=\"noopener\">Juliette Cardinale<\/a><br \/>\n        <\/strong><\/p>\n<p>        Publi\u00e9 le<\/p>\n<p>            24 sept. 2025 \u00e0 18h32        <\/p>\n<p>Apr\u00e8s plusieurs journ\u00e9es de mobilisations nationales \u00e0 l\u2019appel de <a href=\"https:\/\/actu.fr\/nouvelle-aquitaine\/bordeaux_33063\/bloquons-tout-suivez-la-mobilisation-du-10-septembre-a-bordeaux-et-en-gironde_63132224.html\" target=\"_blank\" rel=\"noopener\">\u00ab\u00a0Bloquons tout\u00a0\u00bb<\/a> ou de l\u2019intersyndicale, c\u2019est au tour <strong>des agriculteurs d\u2019exprimer leur col\u00e8re.<\/strong> La FNSEA a appel\u00e9 \u00e0 <a href=\"https:\/\/actu.fr\/societe\/bientot-une-nouvelle-greve-massive-des-agriculteurs-la-fnsea-appelle-a-une-journee-d-action-le-25-septembre_63159480.html\" target=\"_blank\" rel=\"noopener\">une \u00ab\u00a0grande journ\u00e9e d\u2019action\u00a0\u00bb<\/a> ce vendredi 26 septembre 2025 partout en France. Arnaud Rousseau, le patron du syndicat agricole, a annonc\u00e9 cette mobilisation en r\u00e9ponse notamment au Mercorsur et aux surtaxes am\u00e9ricaines. Si l\u2019antenne locale est solidaire, <strong>aucun gros blocage<\/strong> n\u2019est pr\u00e9vu <a href=\"https:\/\/actu.fr\/nouvelle-aquitaine\/gironde_33\" target=\"_blank\" rel=\"noopener\">en Gironde<\/a> \u00e0 deux jours du mouvement. Explications.<\/p>\n<p class=\" wall-content\">La FNSEA a invit\u00e9 ses adh\u00e9rents \u00e0 se retrouver \u00e0 8h30 au niveau du Aldi et du E.Leclerc de Sainte-Eulalie. L\u2019id\u00e9e <a href=\"https:\/\/actu.fr\/nouvelle-aquitaine\/bordeaux_33063\/incomprehension-inquietude-le-port-de-bordeaux-reagit-a-l-occupation-des-agriculteurs-en-colere_61899080.html\" target=\"_blank\" rel=\"noopener\">n\u2019est pas de bloquer,<\/a> ou une <strong>action coup de poing,<\/strong> comme on a pu <a href=\"https:\/\/actu.fr\/nouvelle-aquitaine\/bordeaux_33063\/video-les-agriculteurs-deversent-du-lisier-sur-le-miroir-d-eau-a-bordeaux_60804926.html\" target=\"_blank\" rel=\"noopener\">le voir ces derni\u00e8res ann\u00e9es.<\/a> \u00ab\u00a0On va faire une <strong>action de tractage<\/strong> pour informer la client\u00e8le des supermarch\u00e9s\u00a0\u00bb, explique J\u00e9r\u00f4me Fr\u00e9ville, pr\u00e9sident de la FNSEA 33.<\/p>\n<p class=\" wall-content\">L\u2019objectif est clair : expliquer aux clients les probl\u00e9matiques rencontr\u00e9es par les professionnels de l\u2019agriculture. <a href=\"https:\/\/actu.fr\/societe\/mercosur-c-est-quoi-ce-traite-de-libre-echange-au-coeur-de-la-colere-des-agriculteurs_61876440.html\" target=\"_blank\" rel=\"noopener\">\u00ab\u00a0Le Mercosur<\/a> et les <a href=\"https:\/\/actu.fr\/monde\/15-de-droits-de-douane-que-change-l-accord-conclu-entre-donald-trump-et-l-union-europeenne_62963713.html\" target=\"_blank\" rel=\"noopener\">taxes Trump<\/a> <strong>p\u00e9nalisent<\/strong> lourdement nos exploitations aujourd\u2019hui\u00a0\u00bb, souligne le pr\u00e9sident du syndicat. \u00ab\u00a0On est conscient des attentes environnementales et soci\u00e9tales des consommateurs, mais un certain nombre de produits import\u00e9s dans les rayons ne r\u00e9pondent pas aux normes fran\u00e7aises.\u00a0\u00bb<\/p>\n<p class=\" wall-content\">\u00ab\u00a0Il faut tout faire pour garantir <strong>l\u2019achat de nos produits<\/strong> et pour que l\u2019Etat n\u2019autorise pas l\u2019importation de produits avec des normes diff\u00e9rentes\u00a0\u00bb, mart\u00e8le J\u00e9r\u00f4me Fr\u00e9ville. Suivant l\u2019accueil, les manifestants mobilis\u00e9s vendredi pourraient r\u00e9it\u00e9rer l\u2019action devant <strong>diff\u00e9rents centres commerciaux<\/strong> de la m\u00e9tropole au cours de la journ\u00e9e.<\/p>\n<p>Une p\u00e9riode peu propice aux actions en Gironde\u00a0<\/p>\n<p class=\" wall-content\">Sur les r\u00e9seaux sociaux, <strong>aucun appel \u00e0 la manifestation<\/strong> n\u2019a \u00e9t\u00e9 relay\u00e9 sur les comptes des sections girondines de la FNSEA, le syndicat alli\u00e9 des Jeunes agriculteurs ou celui de la Coordination rurale. \u00ab\u00a0Aucune action n\u2019est pr\u00e9vue\u00a0\u00bb, confirme une porte-parole de ce dernier \u00e0 <a href=\"https:\/\/actu.fr\/bordeaux\/\" target=\"_blank\" rel=\"noopener\">actu Bordeaux.<\/a><\/p>\n<p class=\" wall-content\">Il faut dire que les agriculteurs du d\u00e9partement sont majoritairement viticulteurs. Et en septembre, ils sont souvent pris par les vendanges ou occup\u00e9s dans les chais si elles sont finies. \u00ab\u00a0Avec notre action, nous nous joignons \u00e0 <strong>la manifestation <\/strong>pour participer \u00e0 l\u2019effet de blocage nationale\u00a0\u00bb, souligne J\u00e9r\u00f4me Fr\u00e9ville.\u00a0\u00ab\u00a0Mais on a surtout <strong>pr\u00e9vu de se r\u00e9unir plus tard,<\/strong> \u00e0 une p\u00e9riode moins prenante pour les viticulteurs.\u00a0\u00bb<\/p>\n<p class=\" wall-content\">Personnalisez votre actualit\u00e9 en ajoutant vos villes et m\u00e9dias en favori avec <a href=\"https:\/\/moncompte.actu.fr\" title=\"D\u00e9couvez Mon Actu\" rel=\"nofollow noopener\" data-trk=\"{&quot;cta&quot;:{&quot;action&quot;:&quot;https:\\\/\\\/moncompte.actu.fr&quot;,&quot;category&quot;:&quot;mon compte&quot;,&quot;from&quot;:&quot;article footer&quot;,&quot;name&quot;:&quot;Mon actu&quot;,&quot;type&quot;:&quot;cta&quot;}}\" target=\"_blank\">Mon Actu<\/a>.<\/p>\n","protected":false},"excerpt":{"rendered":"Par Juliette Cardinale Publi\u00e9 le 24 sept. 2025 \u00e0 18h32 Apr\u00e8s plusieurs journ\u00e9es de mobilisations nationales \u00e0 l\u2019appel&hellip;\n","protected":false},"author":2,"featured_media":414513,"comment_status":"","ping_status":"","sticky":false,"template":"","format":"standard","meta":{"footnotes":""},"categories":[2817],"tags":[1111,11,327,1997,1777,674,1011,27,1272,12,2219,25,104,18193],"class_list":{"0":"post-414512","1":"post","2":"type-post","3":"status-publish","4":"format-standard","5":"has-post-thumbnail","7":"category-bordeaux","8":"tag-actu","9":"tag-actualites","10":"tag-agriculture","11":"tag-bordeaux","12":"tag-eu","13":"tag-europe","14":"tag-fr","15":"tag-france","16":"tag-manifestations","17":"tag-news","18":"tag-nouvelle-aquitaine","19":"tag-republique-francaise","20":"tag-societe","21":"tag-viticulture"},"share_on_mastodon":{"url":"https:\/\/pubeurope.com\/@fr\/115260504506461761","error":""},"_links":{"self":[{"href":"https:\/\/www.europesays.com\/fr\/wp-json\/wp\/v2\/posts\/414512","targetHints":{"allow":["GET"]}}],"collection":[{"href":"https:\/\/www.europesays.com\/fr\/wp-json\/wp\/v2\/posts"}],"about":[{"href":"https:\/\/www.europesays.com\/fr\/wp-json\/wp\/v2\/types\/post"}],"author":[{"embeddable":true,"href":"https:\/\/www.europesays.com\/fr\/wp-json\/wp\/v2\/users\/2"}],"replies":[{"embeddable":true,"href":"https:\/\/www.europesays.com\/fr\/wp-json\/wp\/v2\/comments?post=414512"}],"version-history":[{"count":0,"href":"https:\/\/www.europesays.com\/fr\/wp-json\/wp\/v2\/posts\/414512\/revisions"}],"wp:featuredmedia":[{"embeddable":true,"href":"https:\/\/www.europesays.com\/fr\/wp-json\/wp\/v2\/media\/414513"}],"wp:attachment":[{"href":"https:\/\/www.europesays.com\/fr\/wp-json\/wp\/v2\/media?parent=414512"}],"wp:term":[{"taxonomy":"category","embeddable":true,"href":"https:\/\/www.europesays.com\/fr\/wp-json\/wp\/v2\/categories?post=414512"},{"taxonomy":"post_tag","embeddable":true,"href":"https:\/\/www.europesays.com\/fr\/wp-json\/wp\/v2\/tags?post=414512"}],"curies":[{"name":"wp","href":"https:\/\/api.w.org\/{rel}","templated":true}]}}