{"id":414553,"date":"2025-09-24T18:02:11","date_gmt":"2025-09-24T18:02:11","guid":{"rendered":"https:\/\/www.europesays.com\/fr\/414553\/"},"modified":"2025-09-24T18:02:11","modified_gmt":"2025-09-24T18:02:11","slug":"lancement-de-la-premiere-edition-du-special-olympics-european-union-day","status":"publish","type":"post","link":"https:\/\/www.europesays.com\/fr\/414553\/","title":{"rendered":"Lancement de la Premi\u00e8re \u00e9dition du Special Olympics European Union Day"},"content":{"rendered":"<p class=\"ap-StoryElement ap-StoryElement--mb ap-StoryText\">L&rsquo;\u00e9v\u00e9nement rassemblera athl\u00e8tes avec ou sans d\u00e9ficience intellectuelle, responsables europ\u00e9ens et citoyens pour deux jours de sport et de dialogue sur l&rsquo;inclusion.<\/p>\n<p class=\"ap-StoryElement ap-StoryElement--mb ap-StoryText\">Special Olympics est un mouvement sportif mondial visant \u00e0 mettre fin \u00e0 la discrimination envers les personnes avec un handicap intellectuel.<\/p>\n<p class=\"ap-StoryElement ap-StoryElement--mb ap-StoryText\">Au programme figurent des rencontres bilat\u00e9rales, une r\u00e9ception, une exp\u00e9rience sportive, ainsi qu&rsquo;une marche symbolique reliant la Commission au Parlement. L&rsquo;assembl\u00e9e de cl\u00f4ture, pr\u00e9sid\u00e9e par l&rsquo;eurod\u00e9put\u00e9 polonais Bogdan Zdrojewski, abordera notamment la strat\u00e9gie europ\u00e9enne sur le handicap et l&rsquo;\u00e9quit\u00e9 en mati\u00e8re de sant\u00e9.<\/p>\n","protected":false},"excerpt":{"rendered":"L&rsquo;\u00e9v\u00e9nement rassemblera athl\u00e8tes avec ou sans d\u00e9ficience intellectuelle, responsables europ\u00e9ens et citoyens pour deux jours de sport et&hellip;\n","protected":false},"author":2,"featured_media":2837,"comment_status":"","ping_status":"","sticky":false,"template":"","format":"standard","meta":{"footnotes":""},"categories":[1586],"tags":[11,9999,1777,674,1779,1011,27,8471,12,23833,25,1778,364],"class_list":{"0":"post-414553","1":"post","2":"type-post","3":"status-publish","4":"format-standard","5":"has-post-thumbnail","7":"category-europe","8":"tag-actualites","9":"tag-belgium","10":"tag-eu","11":"tag-europe","12":"tag-european-union","13":"tag-fr","14":"tag-france","15":"tag-handisport","16":"tag-news","17":"tag-parleuro","18":"tag-republique-francaise","19":"tag-ue","20":"tag-union-europeenne"},"share_on_mastodon":{"url":"https:\/\/pubeurope.com\/@fr\/115260591007440614","error":""},"_links":{"self":[{"href":"https:\/\/www.europesays.com\/fr\/wp-json\/wp\/v2\/posts\/414553","targetHints":{"allow":["GET"]}}],"collection":[{"href":"https:\/\/www.europesays.com\/fr\/wp-json\/wp\/v2\/posts"}],"about":[{"href":"https:\/\/www.europesays.com\/fr\/wp-json\/wp\/v2\/types\/post"}],"author":[{"embeddable":true,"href":"https:\/\/www.europesays.com\/fr\/wp-json\/wp\/v2\/users\/2"}],"replies":[{"embeddable":true,"href":"https:\/\/www.europesays.com\/fr\/wp-json\/wp\/v2\/comments?post=414553"}],"version-history":[{"count":0,"href":"https:\/\/www.europesays.com\/fr\/wp-json\/wp\/v2\/posts\/414553\/revisions"}],"wp:featuredmedia":[{"embeddable":true,"href":"https:\/\/www.europesays.com\/fr\/wp-json\/wp\/v2\/media\/2837"}],"wp:attachment":[{"href":"https:\/\/www.europesays.com\/fr\/wp-json\/wp\/v2\/media?parent=414553"}],"wp:term":[{"taxonomy":"category","embeddable":true,"href":"https:\/\/www.europesays.com\/fr\/wp-json\/wp\/v2\/categories?post=414553"},{"taxonomy":"post_tag","embeddable":true,"href":"https:\/\/www.europesays.com\/fr\/wp-json\/wp\/v2\/tags?post=414553"}],"curies":[{"name":"wp","href":"https:\/\/api.w.org\/{rel}","templated":true}]}}