{"id":414562,"date":"2025-09-24T18:12:11","date_gmt":"2025-09-24T18:12:11","guid":{"rendered":"https:\/\/www.europesays.com\/fr\/414562\/"},"modified":"2025-09-24T18:12:11","modified_gmt":"2025-09-24T18:12:11","slug":"marquez-entre-reference-a-messi-et-humilite-face-a-son-statut-de-legende","status":"publish","type":"post","link":"https:\/\/www.europesays.com\/fr\/414562\/","title":{"rendered":"M\u00e1rquez entre r\u00e9f\u00e9rence \u00e0 Messi et humilit\u00e9 face \u00e0 son statut de l\u00e9gende"},"content":{"rendered":"<p>Dimanche, <a href=\"https:\/\/fr.motorsport.com\/driver\/marc-marquez\/92646\/\" target=\"_blank\" rel=\"noopener\">Marc M\u00e1rquez<\/a> deviendra peut-\u00eatre\u00a0\u2013\u00a0ses chances sont tr\u00e8s \u00e9lev\u00e9es\u00a0\u2013\u00a0champion du monde pour la neuvi\u00e8me fois de sa carri\u00e8re. D\u00e9j\u00e0 l&rsquo;un des plus grands pilotes de tous les temps, il est en passe d&rsquo;ancrer son nom un peu plus profond\u00e9ment encore dans l&rsquo;histoire des Grands Prix, et m\u00eame bien au-del\u00e0 car un palmar\u00e8s de la sorte place tout pilote au panth\u00e9on des l\u00e9gendes du sport toutes disciplines confondues.<\/p>\n<p>R\u00e9cemment, <a href=\"https:\/\/fr.motorsport.com\/driver\/pedro-acosta\/840236\/\" target=\"_blank\" rel=\"noopener\">Pedro Acosta<\/a> a soulign\u00e9 ce statut de celui qu&rsquo;il croise en piste depuis l&rsquo;an dernier, affirmant que <a href=\"https:\/\/fr.motorsport.com\/motogp\/news\/acosta-compare-marquez-michael-jordan-rafael-nadal\/10756332\/\" target=\"_self\" rel=\"noopener\">Marc M\u00e1rquez fait partie des tr\u00e8s grands aux c\u00f4t\u00e9s des Michael Jordan et Rafael Nadal<\/a>. Le principal int\u00e9ress\u00e9, lui, dit volontiers son humilit\u00e9 sur cette question. Cela a \u00e9t\u00e9 le cas \u00e0 Misano, lorsque <strong>Motorsport.com<\/strong> lui a demand\u00e9 ce qu&rsquo;il devait faire de plus pour \u00eatre consid\u00e9r\u00e9 comme un pilote de niveau mondial.<\/p>\n<p>\u00ab\u00a0Un sportif ne choisit pas \u00e0 quelle place il doit se situer dans l&rsquo;histoire, ce sont les gens qui l&rsquo;y placent\u00a0\u00bb, a r\u00e9pondu le pilote Ducati, <a href=\"https:\/\/fr.motorsport.com\/motogp\/news\/ezpeleta-motogp-rien-stopper-domination-marquez\/10755928\/\" target=\"_self\" rel=\"noopener\">que d&rsquo;aucun jugent trop sous-estim\u00e9 sur la plan\u00e8te sport<\/a>. \u00ab\u00a0Je ne dirai jamais si je suis \u00e0 la hauteur de tel ou tel autre. Au final, je me consacre aux courses et c&rsquo;est vous et les fans qui attribuez sa place \u00e0 chacun. Mais j&rsquo;ai toujours le respect d\u00fb \u00e0 ces grandes l\u00e9gendes.\u00a0\u00bb<\/p>\n<p>Apr\u00e8s sa victoire \u00e0 Misano, Marc M\u00e1rquez a lui-m\u00eame fait une r\u00e9f\u00e9rence tr\u00e8s remarqu\u00e9e \u00e0 Leo Messi. Le pilote a \u00f4t\u00e9 sa combinaison dans la cool room et est mont\u00e9 sur le podium en la brandissant face au public. Un public qui lui reste hostile et qui, apr\u00e8s la chute de l&rsquo;Espagnol dans le sprint, a une nouvelle fois exprim\u00e9 cette haine idiote, n\u00e9e il y a dix ans.<\/p>\n<p>Lire aussi :<\/p>\n<p>Dans la lign\u00e9e d&rsquo;un Davide Tardozzi qui, au Mugello, avait essay\u00e9 de faire taire les sifflets \u00e0 l&rsquo;encontre de son pilote <a href=\"https:\/\/fr.motorsport.com\/motogp\/news\/hostilite-mugello-colle-peau-marc-marquez\/10735460\/\" target=\"_self\" rel=\"noopener\">en hurlant \u00e0 la tribune qu&rsquo;il est \u00ab\u00a0rouge\u00a0\u00bb<\/a> et en agrippant son polo Ducati pour appuyer son propos, Marc M\u00e1rquez a brandi cette combinaison teint\u00e9e du m\u00eame rouge face aux spectateurs de Misano, comme pour leur rappeler qu&rsquo;il n&rsquo;est plus seulement l&rsquo;ancien ennemi de <a href=\"https:\/\/fr.motorsport.com\/driver\/valentino-rossi\/76374\/\" target=\"_blank\" rel=\"noopener\">Valentino Rossi<\/a> et qu&rsquo;il fait d\u00e9sormais briller la moto italienne.<\/p>\n<blockquote>\n<p>Un sportif ne choisit pas \u00e0 quelle place il doit se situer dans l&rsquo;histoire.<\/p>\n<\/blockquote>\n<p>Le geste, donc, \u00e9tait directement inspir\u00e9 de celui de Messi, lorsque le footballeur avait brandi son maillot du FC Barcelone face \u00e0 une tribune de supporters du Real Madrid lors d&rsquo;un des duels bouillonnants entre les deux \u00e9quipes stars de la Liga, en 2017. Le match se tenait alors en terrain ennemi, au Santiago Bernab\u00e9u de Madrid, et Messi venait de marquer apr\u00e8s avoir \u00e9t\u00e9 copieusement conspu\u00e9 depuis le premier coup de sifflet.<\/p>\n<p>Dans le cas de M\u00e1rquez, ce geste a pris une autre dimension, puisqu&rsquo;il ne s&rsquo;agissait pas uniquement d&rsquo;affirmer la supr\u00e9matie de Ducati mais bien de montrer que c&rsquo;est lui qui incarne d\u00e9sormais sa domination \u00e0 domicile. C&rsquo;\u00e9tait aussi sa mani\u00e8re \u00e0 lui, homme de peu de mots, de faire face aux vagues de messages haineux auxquelles il a d\u00fb s&rsquo;habituer depuis ses confrontations \u00e9lectriques avec Rossi.<\/p>\n<p>\u00a0<\/p>\n<p>\u00ab\u00a0J&rsquo;ai toujours dit que Messi \u00e9tait pour moi une r\u00e9f\u00e9rence sur et en dehors du terrain, il a fait taire ses d\u00e9tracteurs avec classe. Il est impossible d&rsquo;imiter Messi, mais hier soir&#8230; M\u00eame si on essaie de s&rsquo;isoler, c&rsquo;est impossible. En lisant les r\u00e9seaux sociaux, j&rsquo;ai trouv\u00e9 une motivation suppl\u00e9mentaire, j&rsquo;avais tr\u00e8s envie de gagner et j&rsquo;ai eu l&rsquo;id\u00e9e de c\u00e9l\u00e9brer \u00e0 la mani\u00e8re de Messi, m\u00eame si je suis loin de lui\u00a0\u00bb, a d\u00e9clar\u00e9 M\u00e1rquez le jour de cette victoire.<\/p>\n<p>\u00ab\u00a0Je tiens \u00e0 remercier les fans, les vrais amateurs de moto qui savent appr\u00e9cier les courses comme celles d&rsquo;aujourd&rsquo;hui\u00a0\u00bb, a \u00e9galement soulign\u00e9 le pilote espagnol. Et d&rsquo;ajouter le lendemain\u00a0:\u00a0\u00ab\u00a0Messi a toujours \u00e9t\u00e9 une r\u00e9f\u00e9rence pour moi, il a toujours \u00e9t\u00e9 un gentleman et il s&rsquo;est toujours exprim\u00e9 sur le terrain, il est avare de mots. Il \u00e9tait donc temps de parler sur la piste.\u00a0\u00bb<\/p>\n<p>Si Marc M\u00e1rquez pouvait se permettre de s&rsquo;approprier ce geste iconique du sport mondial, c&rsquo;est que son statut n&rsquo;est pas tr\u00e8s \u00e9loign\u00e9 de celui de la star argentine du football, contrairement \u00e0 ce qu&rsquo;il affirme. Dans quelques jours, l&rsquo;Espagnol f\u00eatera un neuvi\u00e8me titre mondial aux r\u00e9f\u00e9rences l\u00e9gendaires, le septi\u00e8me dans la cat\u00e9gorie reine, et une r\u00e9surrection que tr\u00e8s peu d&rsquo;athl\u00e8tes de haut niveau ont r\u00e9ussi \u00e0 vivre.<\/p>\n<p>Lire aussi :<\/p>\n<p>On n&rsquo;imagine pas \u00e0 ce jour ce qui pourrait l&#8217;emp\u00eacher d&rsquo;atteindre en 2026 une dixi\u00e8me couronne mondiale qui ferait de lui le pilote de l&rsquo;\u00e8re moderne comptant le plus de victoires et de titres, au-dessus de Valentino Rossi. Sa c\u00e9l\u00e9bration de Misano n&rsquo;en restera que plus m\u00e9morable, puisqu&rsquo;il a encore gagn\u00e9 et s&rsquo;est pr\u00e9sent\u00e9 en champion \u00e0 seulement 15 minutes de Tavullia, \u00e9picentre du fanatisme d\u00e9volu \u00e0 l&rsquo;Italien.<\/p>\n<p>\u00ab\u00a0Il y a beaucoup de monde dans le paddock, beaucoup de gens qui me soutiennent, mais aussi des commentaires malheureux, et cela a fait monter le feu au fond de moi, et j&rsquo;ai repris la piste en \u00e9tant plus concentr\u00e9 et plus motiv\u00e9 que jamais\u00a0\u00bb, a encore expliqu\u00e9 Marc M\u00e1rquez quelques heures apr\u00e8s cette victoire, sa 25e de la saison si l&rsquo;on compte les sprints et les courses longues.<\/p>\n<p>Dimanche, s&rsquo;il gagne encore, il sera \u00e0 la t\u00eate de 100 succ\u00e8s en Grand Prix depuis le d\u00e9but de sa carri\u00e8re mondiale. Un palmar\u00e8s qui suffit largement \u00e0 conf\u00e9rer au pilote espagnol la place qu&rsquo;il m\u00e9rite au panth\u00e9on du sport.<\/p>\n<p>Lire aussi :<\/p>\n","protected":false},"excerpt":{"rendered":"Dimanche, Marc M\u00e1rquez deviendra peut-\u00eatre\u00a0\u2013\u00a0ses chances sont tr\u00e8s \u00e9lev\u00e9es\u00a0\u2013\u00a0champion du monde pour la neuvi\u00e8me fois de sa carri\u00e8re.&hellip;\n","protected":false},"author":2,"featured_media":414563,"comment_status":"","ping_status":"","sticky":false,"template":"","format":"standard","meta":{"footnotes":""},"categories":[1413],"tags":[4950,1011,27,5038,1457,1456,1458,54477,60],"class_list":{"0":"post-414562","1":"post","2":"type-post","3":"status-publish","4":"format-standard","5":"has-post-thumbnail","7":"category-moto","8":"tag-ducati-team","9":"tag-fr","10":"tag-france","11":"tag-marc-mu00e1rquez","12":"tag-moto","13":"tag-motocycle","14":"tag-motogp","15":"tag-mu00e1rquez-entre-ru00e9fu00e9rence-u00e0-messi-et-humilitu00e9-face-u00e0-son-statut-de-lu00e9gende","16":"tag-sports"},"share_on_mastodon":{"url":"https:\/\/pubeurope.com\/@fr\/115260630300718095","error":""},"_links":{"self":[{"href":"https:\/\/www.europesays.com\/fr\/wp-json\/wp\/v2\/posts\/414562","targetHints":{"allow":["GET"]}}],"collection":[{"href":"https:\/\/www.europesays.com\/fr\/wp-json\/wp\/v2\/posts"}],"about":[{"href":"https:\/\/www.europesays.com\/fr\/wp-json\/wp\/v2\/types\/post"}],"author":[{"embeddable":true,"href":"https:\/\/www.europesays.com\/fr\/wp-json\/wp\/v2\/users\/2"}],"replies":[{"embeddable":true,"href":"https:\/\/www.europesays.com\/fr\/wp-json\/wp\/v2\/comments?post=414562"}],"version-history":[{"count":0,"href":"https:\/\/www.europesays.com\/fr\/wp-json\/wp\/v2\/posts\/414562\/revisions"}],"wp:featuredmedia":[{"embeddable":true,"href":"https:\/\/www.europesays.com\/fr\/wp-json\/wp\/v2\/media\/414563"}],"wp:attachment":[{"href":"https:\/\/www.europesays.com\/fr\/wp-json\/wp\/v2\/media?parent=414562"}],"wp:term":[{"taxonomy":"category","embeddable":true,"href":"https:\/\/www.europesays.com\/fr\/wp-json\/wp\/v2\/categories?post=414562"},{"taxonomy":"post_tag","embeddable":true,"href":"https:\/\/www.europesays.com\/fr\/wp-json\/wp\/v2\/tags?post=414562"}],"curies":[{"name":"wp","href":"https:\/\/api.w.org\/{rel}","templated":true}]}}