{"id":414572,"date":"2025-09-24T18:17:12","date_gmt":"2025-09-24T18:17:12","guid":{"rendered":"https:\/\/www.europesays.com\/fr\/414572\/"},"modified":"2025-09-24T18:17:12","modified_gmt":"2025-09-24T18:17:12","slug":"deces-dun-celebre-architecte-chinois-inventeur-des-villes-eponges-dans-un-accident-aerien","status":"publish","type":"post","link":"https:\/\/www.europesays.com\/fr\/414572\/","title":{"rendered":"D\u00e9c\u00e8s d\u2019un c\u00e9l\u00e8bre architecte chinois, inventeur des \u00ab\u00a0villes \u00e9ponges\u00a0\u00bb, dans un accident a\u00e9rien"},"content":{"rendered":"<p>Ce mercredi, l\u2019<a href=\"https:\/\/www.20minutes.fr\/dossier\/architecte\" class=\"c-link c-link--is-underlined\" target=\"_blank\" rel=\"noopener\">architecte<\/a> chinois Kongjian Yu, mondialement connu pour avoir d\u00e9velopp\u00e9 <a href=\"https:\/\/www.20minutes.fr\/planete\/2239675-20180319-forum-mondial-eau-brasilia-quand-eau-vient-manquer-megalopoles\" class=\"c-link c-link--is-underlined\" target=\"_blank\" rel=\"noopener\">le concept de \u00ab\u00a0villes \u00e9ponges\u00a0\u00bb<\/a>, est d\u00e9c\u00e9d\u00e9 lors d\u2019un accident a\u00e9rien au <a href=\"https:\/\/www.20minutes.fr\/dossier\/bresil\" class=\"c-link c-link--is-underlined\" target=\"_blank\" rel=\"noopener\">Br\u00e9sil<\/a> avec les trois autres occupants de l\u2019avion, a annonc\u00e9 la police locale.<\/p>\n<p>Kongjian Yu, 62 ans, \u00e9tait une r\u00e9f\u00e9rence de l\u2019<a href=\"https:\/\/www.20minutes.fr\/planete\/773420-20110822-train-of-ideas-projets-villes-europeennes-urbanisme-durable\" class=\"c-link c-link--is-underlined\" target=\"_blank\" rel=\"noopener\">urbanisme durable<\/a>. Le concept de \u00ab\u00a0villes \u00e9ponges\u00a0\u00bb consiste notamment \u00e0 remplacer les rev\u00eatements urbains par des mati\u00e8res poreuses et des espaces verts, afin de mieux absorber l\u2019eau dans le sol pour mieux faire face aux risques d\u2019inondations.<\/p>\n<\/p>\n<p>Les causes de l\u2019accident, qui s\u2019est produit mardi soir dans une zone rurale du <a href=\"https:\/\/www.20minutes.fr\/diaporama\/diaporama-4099502-images-pantanal-plus-grand-marais-monde-ravage-flammes-bresil\" class=\"c-link c-link--is-underlined\" target=\"_blank\" rel=\"noopener\">Pantanal<\/a>, une vaste zone humide au sud de l\u2019Amazonie, dans l\u2019\u00c9tat du Mato Grosso do Sul (centre-ouest), n\u2019ont toujours pas \u00e9t\u00e9 \u00e9tablies, selon la police.<\/p>\n<p>En route pour tourner un documentaire<\/p>\n<p>Les trois autres victimes sont les cin\u00e9astes br\u00e9siliens Luiz Fernando Feres da Cunha Ferraz et Rubens Crispim Jr, auteurs de documentaires, et le pilote et propri\u00e9taire de l\u2019avion.<\/p>\n<p>Kongjian Yu est arriv\u00e9 au Br\u00e9sil d\u00e9but septembre pour participer \u00e0 la biennale d\u2019art contemporain de Sao Paulo (sud-est) et il se rendait au Pantanal pour tourner un documentaire avec les deux cin\u00e9astes, a expliqu\u00e9 le Conseil d\u2019architecture et d\u2019urbanisme (CAU) dans un communiqu\u00e9.<\/p>\n<\/p>\n<p>\u00ab\u00a0Son concept de \u00ab\u00a0villes \u00e9ponges\u00a0\u00bb a \u00e9t\u00e9 appliqu\u00e9 dans plus de 1.000 projets dans 250 villes\u00a0\u00bb, a ajout\u00e9 le CAU, soulignant que l\u2019architecte \u00ab\u00a0d\u00e9fendait des solutions bas\u00e9es sur la nature pour faire face aux inondations urbaines et aux effets de la crise climatique\u00a0\u00bb.<\/p>\n","protected":false},"excerpt":{"rendered":"Ce mercredi, l\u2019architecte chinois Kongjian Yu, mondialement connu pour avoir d\u00e9velopp\u00e9 le concept de \u00ab\u00a0villes \u00e9ponges\u00a0\u00bb, est d\u00e9c\u00e9d\u00e9&hellip;\n","protected":false},"author":2,"featured_media":414573,"comment_status":"","ping_status":"","sticky":false,"template":"","format":"standard","meta":{"footnotes":""},"categories":[1358],"tags":[47,1350,1348,1384,1385,2548,1386,58,59,118,1011,27,33323],"class_list":{"0":"post-414572","1":"post","2":"type-post","3":"status-publish","4":"format-standard","5":"has-post-thumbnail","7":"category-arts-et-design","8":"tag-actualite","9":"tag-architecture","10":"tag-arts","11":"tag-arts-and-design","12":"tag-arts-et-design","13":"tag-bresil","14":"tag-design","15":"tag-divertissement","16":"tag-entertainment","17":"tag-faits-divers","18":"tag-fr","19":"tag-france","20":"tag-sao-paulo"},"share_on_mastodon":{"url":"https:\/\/pubeurope.com\/@fr\/115260650021094175","error":""},"_links":{"self":[{"href":"https:\/\/www.europesays.com\/fr\/wp-json\/wp\/v2\/posts\/414572","targetHints":{"allow":["GET"]}}],"collection":[{"href":"https:\/\/www.europesays.com\/fr\/wp-json\/wp\/v2\/posts"}],"about":[{"href":"https:\/\/www.europesays.com\/fr\/wp-json\/wp\/v2\/types\/post"}],"author":[{"embeddable":true,"href":"https:\/\/www.europesays.com\/fr\/wp-json\/wp\/v2\/users\/2"}],"replies":[{"embeddable":true,"href":"https:\/\/www.europesays.com\/fr\/wp-json\/wp\/v2\/comments?post=414572"}],"version-history":[{"count":0,"href":"https:\/\/www.europesays.com\/fr\/wp-json\/wp\/v2\/posts\/414572\/revisions"}],"wp:featuredmedia":[{"embeddable":true,"href":"https:\/\/www.europesays.com\/fr\/wp-json\/wp\/v2\/media\/414573"}],"wp:attachment":[{"href":"https:\/\/www.europesays.com\/fr\/wp-json\/wp\/v2\/media?parent=414572"}],"wp:term":[{"taxonomy":"category","embeddable":true,"href":"https:\/\/www.europesays.com\/fr\/wp-json\/wp\/v2\/categories?post=414572"},{"taxonomy":"post_tag","embeddable":true,"href":"https:\/\/www.europesays.com\/fr\/wp-json\/wp\/v2\/tags?post=414572"}],"curies":[{"name":"wp","href":"https:\/\/api.w.org\/{rel}","templated":true}]}}