{"id":414574,"date":"2025-09-24T18:18:16","date_gmt":"2025-09-24T18:18:16","guid":{"rendered":"https:\/\/www.europesays.com\/fr\/414574\/"},"modified":"2025-09-24T18:18:16","modified_gmt":"2025-09-24T18:18:16","slug":"chez-tallandier-le-recueil-de-nouvelles-hautes-tensions-imagine-le-monde-dapres-la-transition-energetique","status":"publish","type":"post","link":"https:\/\/www.europesays.com\/fr\/414574\/","title":{"rendered":"Chez Tallandier, le recueil de nouvelles \u00ab\u00a0Hautes Tensions\u00a0\u00bb imagine le monde d\u2019apr\u00e8s la transition \u00e9nerg\u00e9tique"},"content":{"rendered":"<p class=\"yiv8206271891ydp7a3c0e59MsoNormal\">Le succ\u00e8s de la Red Team aux \u00e9ditions des \u00c9quateurs l\u2019a montr\u00e9*, la prospective m\u00ealant experts scientifiques et auteurs de science-fiction a de beaux jours devant elle. Alors que dans Ces guerres qui nous attendent (<a href=\"https:\/\/www.livreshebdo.fr\/article\/ces_guerres_qui_nous_attendent_les_guerres_des_mondes\" target=\"_blank\" rel=\"nofollow noopener\">dont le premier opus paru aux \u00c9quateurs en 2022 s\u2019est \u00e9coul\u00e9 \u00e0 plus de 28 000 exemplaires en grand format<\/a>), les auteurs de la Red Team envisageaient les conflits de l\u2019avenir proche, le recueil Hautes tensions &#8211; 9 sc\u00e9narios pour penser nos futurs \u00e9nerg\u00e9tiques, qui para\u00eet ce 25 septembre chez Tallandier, imagine pour sa part le monde d\u2019apr\u00e8s la transition \u00e9nerg\u00e9tique et environnementale.<\/p>\n<p class=\"yiv8206271891ydp7a3c0e59MsoNormal\">Dirig\u00e9 par <strong>Romain Lucazeau<\/strong> (dernier roman paru\u00a0: Vall\u00e9e du carnage chez Verso en 2024), l\u2019ouvrage est le fruit d\u2019une collaboration in\u00e9dite nou\u00e9e avec des experts de la prospective et de l\u2019innovation chez EDF. Il s\u2019ouvre sur une courte bande dessin\u00e9e (sc\u00e9nario de <strong>Lloyd Ch\u00e9ry<\/strong>, illustrations d\u2019<strong>Amaury B\u00fcndgen<\/strong>), avant de proposer huit nouvelles sign\u00e9es <strong>Romain Lucazeau<\/strong>, <strong>Marguerite Imbert<\/strong> (tous deux aussi membres de la Red Team) et <strong>Olivier Paquet<\/strong>.<\/p>\n<p><strong>Futur plausible<\/strong><\/p>\n<p class=\"yiv8206271891ydp7a3c0e59MsoNormal\">Chaque histoire se d\u00e9roule dans un futur plausible situ\u00e9 entre 2040 et 2150, dans une France marqu\u00e9e par de profondes transformations plus ou moins catastrophiques. Il y est question de \u00ab\u00a0renaturation\u00a0\u00bb d\u2019espaces lib\u00e9r\u00e9s de toute pr\u00e9sence humaine, de l\u2019irr\u00e9m\u00e9diable extinction des mythes li\u00e9s \u00e0 la civilisation du moteur \u00e0 explosion, ou encore de la mani\u00e8re dont les pouvoirs publics s\u2019efforcent de maintenir les relations humaines en subventionnant des lieux de sociabilit\u00e9.<\/p>\n<p class=\"yiv8206271891ydp7a3c0e59MsoNormal\">Dans d\u2019autres textes, plus pessimistes, l\u2019effondrement de l\u2019\u00c9tat central pousse les occupants d\u2019un centre p\u00e9nitentiaire (ge\u00f4liers et prisonniers) \u00e0 collaborer pour survivre, ou conduit \u00e0 l\u2019\u00e9mergence de nouvelles formes de f\u00e9odalit\u00e9\u2026<\/p>\n<p>Partenariat avec EDF<\/p>\n<p class=\"yiv8206271891ydp7a3c0e59MsoNormal\">La d\u00e9marche du livre, dont 3 000 exemplaires ont \u00e9t\u00e9 command\u00e9s par EDF, est autant litt\u00e9raire que prospective. Sans verser dans la futurologie, les esprits cart\u00e9siens trouveront dans Hautes Tensions le moyen de \u00ab\u00a0chercher \u00e0 nous imaginer apr\u00e8s la crise\u00a0\u00bb, puisant dans chacune des neuf contributions la mati\u00e8re des possibles mutations politiques \u00e0 venir, meilleur moyen de lutter contre l\u2019\u00ab\u00a0atrophie aigu\u00eb du futur\u00a0\u00bb de nos soci\u00e9t\u00e9s modernes, et d\u2019imaginer un avenir de nouveau d\u00e9sirable.<\/p>\n<p class=\"yiv8206271891ydp7a3c0e59MsoNormal\">L\u2019ensemble, port\u00e9 par les contributions ma\u00eetris\u00e9es de Romain Lucazeau, Marguerite Imbert et Olivier Paquet, ravira aussi les amateurs de SF bien ficel\u00e9e, ou tout simplement de beau style. D\u2019autant que, les auteurs n\u2019ayant pas jug\u00e9 bon de signer leurs textes, chacun sera libre d&rsquo;essayer de deviner qui a \u00e9crit quoi.<\/p>\n<p>*En 2022, le projet Red Team r\u00e9unissant le minist\u00e8re fran\u00e7ais des Arm\u00e9es, l&rsquo;Universit\u00e9 Paris Sciences et Lettres ainsi que dix \u00e9crivains de science-fiction et de roman noir avait abouti \u00e0 la publication de Ces guerres qui nous attendent \u2013 2030-2060. Deux autres volumes ont paru en 2023 et 2024.<\/p>\n","protected":false},"excerpt":{"rendered":"Le succ\u00e8s de la Red Team aux \u00e9ditions des \u00c9quateurs l\u2019a montr\u00e9*, la prospective m\u00ealant experts scientifiques et&hellip;\n","protected":false},"author":2,"featured_media":414575,"comment_status":"","ping_status":"","sticky":false,"template":"","format":"standard","meta":{"footnotes":""},"categories":[1357],"tags":[1379,58,59,1011,27,1380],"class_list":{"0":"post-414574","1":"post","2":"type-post","3":"status-publish","4":"format-standard","5":"has-post-thumbnail","7":"category-livres","8":"tag-books","9":"tag-divertissement","10":"tag-entertainment","11":"tag-fr","12":"tag-france","13":"tag-livres"},"share_on_mastodon":{"url":"https:\/\/pubeurope.com\/@fr\/115260653853639811","error":""},"_links":{"self":[{"href":"https:\/\/www.europesays.com\/fr\/wp-json\/wp\/v2\/posts\/414574","targetHints":{"allow":["GET"]}}],"collection":[{"href":"https:\/\/www.europesays.com\/fr\/wp-json\/wp\/v2\/posts"}],"about":[{"href":"https:\/\/www.europesays.com\/fr\/wp-json\/wp\/v2\/types\/post"}],"author":[{"embeddable":true,"href":"https:\/\/www.europesays.com\/fr\/wp-json\/wp\/v2\/users\/2"}],"replies":[{"embeddable":true,"href":"https:\/\/www.europesays.com\/fr\/wp-json\/wp\/v2\/comments?post=414574"}],"version-history":[{"count":0,"href":"https:\/\/www.europesays.com\/fr\/wp-json\/wp\/v2\/posts\/414574\/revisions"}],"wp:featuredmedia":[{"embeddable":true,"href":"https:\/\/www.europesays.com\/fr\/wp-json\/wp\/v2\/media\/414575"}],"wp:attachment":[{"href":"https:\/\/www.europesays.com\/fr\/wp-json\/wp\/v2\/media?parent=414574"}],"wp:term":[{"taxonomy":"category","embeddable":true,"href":"https:\/\/www.europesays.com\/fr\/wp-json\/wp\/v2\/categories?post=414574"},{"taxonomy":"post_tag","embeddable":true,"href":"https:\/\/www.europesays.com\/fr\/wp-json\/wp\/v2\/tags?post=414574"}],"curies":[{"name":"wp","href":"https:\/\/api.w.org\/{rel}","templated":true}]}}