{"id":414576,"date":"2025-09-24T18:20:17","date_gmt":"2025-09-24T18:20:17","guid":{"rendered":"https:\/\/www.europesays.com\/fr\/414576\/"},"modified":"2025-09-24T18:20:17","modified_gmt":"2025-09-24T18:20:17","slug":"si-vous-etes-chauds-on-y-retourne-franck-gastambide-se-confie-sur-la-saison-3-de-valide","status":"publish","type":"post","link":"https:\/\/www.europesays.com\/fr\/414576\/","title":{"rendered":"\u00ab\u00a0Si vous \u00eates chauds, on y retourne\u00a0\u00bb\u00a0: Franck Gastambide se confie sur la saison\u00a03 de \u00ab\u00a0Valid\u00e9\u00a0\u00bb"},"content":{"rendered":"<p class=\"paragraph text_align_left lp-f-body-02\">C\u2019est l\u2019un des \u00e9v\u00e9nements de cette fin d\u2019ann\u00e9e pour les amateurs de s\u00e9rie et de rap ! La saison 3 de <a href=\"https:\/\/www.leparisien.fr\/culture-loisirs\/series\/valide-2-sur-canal-une-suite-qui-a-du-rythme-10-10-2021-KYKL3J4IAJFELO3H3BYEVP7ACI.php\" rel=\"noopener\" target=\"_blank\">\u00ab Valid\u00e9 \u00bb,<\/a> de Franck Gastambide sur l\u2019univers du hip-hop, arrive bient\u00f4t sur<a href=\"https:\/\/www.leparisien.fr\/culture-loisirs\/mycanal\/\" target=\"_blank\" rel=\"noreferrer noopener\"> Canal +<\/a>. Apr\u00e8s quatre ans d\u2019absence, une premi\u00e8re bande-annonce, au deuxi\u00e8me degr\u00e9, vient d\u2019\u00eatre d\u00e9voil\u00e9e sur les r\u00e9seaux sociaux, pour annoncer la diffusion pr\u00e9vue en novembre. Et on en sait d\u00e9sormais un peu plus sur ce projet ultrasecret. Le tournage a eu lieu en 2024, pendant pr\u00e8s de trois mois entre Paris et Bruxelles, les deux villes au c\u0153ur de la nouvelle intrigue. Comme depuis sa cr\u00e9ation, certains rappeurs et personnalit\u00e9s du milieu du hip-hop seront \u00e0 l\u2019affiche, parmi lesquels le pianiste <a href=\"https:\/\/www.leparisien.fr\/culture-loisirs\/musique\/il-y-a-un-cote-amour-haine-avec-mon-piano-sofiane-pamart-raconte-son-succes-a-alice-taglioni-22-09-2024-F442AEDIFNGIPAALFRPD42MQZE.php\" target=\"_blank\" rel=\"noreferrer noopener\">Sofiane Pamart<\/a>, Oxmo Puccino, la star du rap marocain El Grande Toto ou encore le fid\u00e8le <a href=\"https:\/\/podcasts.leparisien.fr\/le-parisien-code-source\/202301021653-skyrock-fred-musa-raconte-ses-25-ans-de-planete-rap\" target=\"_blank\" rel=\"noreferrer noopener\">Fred Musa, animateur de la radio Skyrock.<\/a> Tous joueront encore leurs propres r\u00f4les. L\u2019ancien footballeur Djibril Ciss\u00e9 figurera aussi au g\u00e9n\u00e9rique.<\/p>\n<p class=\"paragraph text_align_left lp-f-body-02\">\u00ab J\u2019ai pris du temps avant de me d\u00e9cider \u00e0 faire cette nouvelle saison parce que le succ\u00e8s inattendu de la premi\u00e8re a compliqu\u00e9 beaucoup de choses et le rap n\u2019est pas un milieu facile, nous confie Franck Gastambide. J\u2019ai donc laiss\u00e9 passer un peu de temps. J\u2019ai travaill\u00e9 sur d\u2019autres projets, d\u2019abord <a href=\"https:\/\/www.leparisien.fr\/culture-loisirs\/cinema\/franck-gastambide-realisateur-et-acteur-de-medellin-etre-a-cote-de-mike-tyson-cest-irreel-01-06-2023-H5KKS6AGKJALLIIBQR2OL26EUQ.php\" target=\"_blank\" rel=\"noreferrer noopener\">Medell\u00edn \u00bb, mon dernier film avec Mike Tyson <\/a>(sorti en 2023 sur Prime Vid\u00e9o), puis <a href=\"https:\/\/www.leparisien.fr\/culture-loisirs\/series\/la-cage-sur-netflix-la-serie-coup-de-poing-de-franck-gastambide-sur-le-mma-07-11-2024-T4W6EJQ4FFGQHMK5L5V3GVBZSI.php\" target=\"_blank\" rel=\"noreferrer noopener\">La Cage, ma s\u00e9rie sur le MMA<\/a>. Mais j\u2019ai eu envie de retrouver les personnages et l\u2019univers de Valid\u00e9. \u00c7a m\u2019a manqu\u00e9 \u00bb<\/p>\n<p class=\"paragraph text_align_left lp-f-body-02\">Et le public aussi. D\u00e8s 2020, le projet sorti en plein confinement a enregistr\u00e9 pr\u00e8s de 35 millions de vues sur la plateforme MyCanal, rien que pour la premi\u00e8re saison. Depuis, Franck Gastambide \u00e9tait extr\u00eamement sollicit\u00e9 sur l\u2019\u00e9ventualit\u00e9 d\u2019une suite. \u00ab Les gens dans la rue m\u2019en parlent, les gens du m\u00e9tier aussi\u2026 Alors j\u2019ai appel\u00e9 les auteurs avec qui j\u2019ai cr\u00e9\u00e9 la s\u00e9rie et je leur ai dit : si vous \u00eates chauds on y retourne ! \u00bb, s\u2019amuse-t-il.<\/p>\n<p class=\"paragraph text_align_left lp-f-body-02\">Pour cette fois, Franck Gastambide qui travaille \u00e9galement sur la saison 2 de \u00ab La Cage \u00bb, toujours pour Canal + a laiss\u00e9 la r\u00e9alisation \u00e0 David Diane, d\u00e9j\u00e0 r\u00e9alisateur de certains \u00e9pisodes des pr\u00e9c\u00e9dentes intrigues, mais reste \u00e0 la man\u0153uvre en tant que producteur, sc\u00e9nariste et acteur. La bande-annonce d\u00e9voil\u00e9 ce mercredi fait saliver les fans. On y voit Franck Gastambide, au volant d\u2019un bolide, alors que la radio diffuse la voix de l\u2019animateur Fred Musa : \u00ab Canal + vient d\u2019annoncer que la saison 3 sera bient\u00f4t disponible, les nombreux fans vont enfin la d\u00e9couvrir \u00bb, entend-on pendant que la voiture pile sur un pont. Dans le r\u00e9troviseur, il aper\u00e7oit des motards qui le coursent.<\/p>\n<p class=\"paragraph text_align_left lp-f-body-02\">\u00c0 leurs tours, ils s\u2019arr\u00eatent et enl\u00e8vent leurs casques et d\u00e9voilent leurs visages. Il s\u2019agit de Brahim Bouhlel et Saidou Camara, qui interpr\u00e8tent respectivement Brahim et William, deux des h\u00e9ros du programme. Arrive ensuite rapidement dans une voiture, un autre pilier de l\u2019histoire, le com\u00e9dien Adel Bencherif. Tous sont en r\u00e9alit\u00e9 l\u00e0, pour emp\u00eacher Franck Gastambide de jeter dans la Seine, des rushs de cette saison 3, car il craint de d\u00e9cevoir les fans\u2026 \u00ab J\u2019ai r\u00e9fl\u00e9chi les gars. C\u2019est incroyable ce qu\u2019on a r\u00e9ussi \u00e0 faire avec Valid\u00e9. C\u2019est vrai, au d\u00e9part, personne ne croyait en cette s\u00e9rie. Et finalement tout le monde en a parl\u00e9. \u00c7a a cartonn\u00e9. On a fait une saison 2. On a eu un disque d\u2019or. Faut pas qu\u2019on g\u00e2che tout ! Faut pas qu\u2019on prenne le risque de faire la saison de trop. D\u00e9sol\u00e9 les gars, on s\u2019arr\u00eate l\u00e0 \u00bb, l\u00e2che-t-il avant de tout jeter par-dessus le pont.<\/p>\n<p class=\"paragraph text_align_left lp-f-body-02\">Comme une boutade, Hatik, l\u2019interpr\u00e8te d\u2019Apash de la premi\u00e8re saison, devenu depuis un rappeur \u00e0 succ\u00e8s, appelle alors au t\u00e9l\u00e9phone le cr\u00e9ateur pour lui dire qu\u2019il a vu la nouvelle saison et que \u00ab c\u2019est la meilleure de toutes \u00bb. Trop tard, les images sont \u00e0 l\u2019eau. Mais la voix off de Canal + conclut malicieusement : \u00ab Heureusement chez Canal +, on avait gard\u00e9 une copie \u00bb. La suite en novembre&#8230;<\/p>\n","protected":false},"excerpt":{"rendered":"C\u2019est l\u2019un des \u00e9v\u00e9nements de cette fin d\u2019ann\u00e9e pour les amateurs de s\u00e9rie et de rap ! La&hellip;\n","protected":false},"author":2,"featured_media":414577,"comment_status":"","ping_status":"","sticky":false,"template":"","format":"standard","meta":{"footnotes":""},"categories":[1356],"tags":[872,58,59,1011,27,1314,252,1364],"class_list":{"0":"post-414576","1":"post","2":"type-post","3":"status-publish","4":"format-standard","5":"has-post-thumbnail","7":"category-television","8":"tag-culture-et-loisirs","9":"tag-divertissement","10":"tag-entertainment","11":"tag-fr","12":"tag-france","13":"tag-series","14":"tag-television","15":"tag-tv"},"share_on_mastodon":{"url":"https:\/\/pubeurope.com\/@fr\/115260661708579201","error":""},"_links":{"self":[{"href":"https:\/\/www.europesays.com\/fr\/wp-json\/wp\/v2\/posts\/414576","targetHints":{"allow":["GET"]}}],"collection":[{"href":"https:\/\/www.europesays.com\/fr\/wp-json\/wp\/v2\/posts"}],"about":[{"href":"https:\/\/www.europesays.com\/fr\/wp-json\/wp\/v2\/types\/post"}],"author":[{"embeddable":true,"href":"https:\/\/www.europesays.com\/fr\/wp-json\/wp\/v2\/users\/2"}],"replies":[{"embeddable":true,"href":"https:\/\/www.europesays.com\/fr\/wp-json\/wp\/v2\/comments?post=414576"}],"version-history":[{"count":0,"href":"https:\/\/www.europesays.com\/fr\/wp-json\/wp\/v2\/posts\/414576\/revisions"}],"wp:featuredmedia":[{"embeddable":true,"href":"https:\/\/www.europesays.com\/fr\/wp-json\/wp\/v2\/media\/414577"}],"wp:attachment":[{"href":"https:\/\/www.europesays.com\/fr\/wp-json\/wp\/v2\/media?parent=414576"}],"wp:term":[{"taxonomy":"category","embeddable":true,"href":"https:\/\/www.europesays.com\/fr\/wp-json\/wp\/v2\/categories?post=414576"},{"taxonomy":"post_tag","embeddable":true,"href":"https:\/\/www.europesays.com\/fr\/wp-json\/wp\/v2\/tags?post=414576"}],"curies":[{"name":"wp","href":"https:\/\/api.w.org\/{rel}","templated":true}]}}