{"id":414588,"date":"2025-09-24T18:26:11","date_gmt":"2025-09-24T18:26:11","guid":{"rendered":"https:\/\/www.europesays.com\/fr\/414588\/"},"modified":"2025-09-24T18:26:11","modified_gmt":"2025-09-24T18:26:11","slug":"qui-est-concerne-par-la-fin-des-mises-a-jour-comment-ca-va-se-passer-quels-dangers-et-alternatives-liberation","status":"publish","type":"post","link":"https:\/\/www.europesays.com\/fr\/414588\/","title":{"rendered":"qui est concern\u00e9 par la fin des mises \u00e0 jour, comment \u00e7a va se passer, quels dangers et alternatives\u00a0? \u2013 Lib\u00e9ration"},"content":{"rendered":"<p class=\"sc-cPiKLX AiZTS text-element\"><a href=\"https:\/\/www.liberation.fr\/futurs\/2015\/07\/29\/windows-10-microsoft-au-rattrapage_1355329\/\" target=\"_blank\" rel=\"noreferrer noopener\" title=\"https:\/\/www.liberation.fr\/futurs\/2015\/07\/29\/windows-10-microsoft-au-rattrapage_1355329\/\">Une d\u00e9cennie apr\u00e8s son lancement<\/a>, le syst\u00e8me d\u2019exploitation Windows 10 cessera d\u2019\u00eatre mis \u00e0 jour par Microsoft \u00e0 compter du 14 octobre. Cette mesure du g\u00e9ant am\u00e9ricain de la tech provoque l\u2019inqui\u00e9tude de nombreux utilisateurs, entreprises et collectivit\u00e9s publiques, qui craignent de devoir changer leurs ordinateurs. Ceux qui ne le peuvent pas risquent d\u2019\u00eatre expos\u00e9s \u00e0 d\u2019importantes failles de cybers\u00e9curit\u00e9. Des centaines de millions de machines pourraient \u00eatre concern\u00e9es \u00e0 travers le monde. Les associations, elles, critiquent <a href=\"https:\/\/www.liberation.fr\/debats\/2020\/01\/14\/obsolescence-programmee-un-delit-de-facade_1772935\/\" target=\"_blank\" rel=\"noreferrer noopener\" title=\"https:\/\/www.liberation.fr\/debats\/2020\/01\/14\/obsolescence-programmee-un-delit-de-facade_1772935\/\">l\u2019obsolescence programm\u00e9e<\/a> des appareils informatiques. Lib\u00e9 fait le point sur ce changement au bout de nos claviers et ses cons\u00e9quences. <\/p>\n<p class=\"sc-cPiKLX AiZTS text-element\">Microsoft pr\u00e9venait depuis deux ans : \u00e0 partir de cette date, les ordinateurs fonctionnant avec Windows 10, la dixi\u00e8me mouture du logiciel d\u2019exploitation de la firme de Bill Gates, cesseront de recevoir des mises \u00e0 jour.<\/p>\n<p class=\"sc-cPiKLX AiZTS text-element\">Ces correctifs \u00e9taient destin\u00e9s \u00e0 \u00abmettre r\u00e9guli\u00e8rement \u00e0 jour le syst\u00e8me d\u2019exploitation, car il \u00e9tait devenu la cible de nombreuses cyberattaques\u00bb, explique Martin Kraemer, sp\u00e9cialiste de la sensibilisation \u00e0 la s\u00e9curit\u00e9 au sein de l\u2019entreprise am\u00e9ricaine KnowBe4. <\/p>\n<p class=\"sc-cPiKLX AiZTS text-element\">L\u2019ensemble des ordinateurs concern\u00e9s continueront de fonctionner apr\u00e8s le 14 octobre. Mais pour des raisons de s\u00e9curit\u00e9, Microsoft conseille aux utilisateurs de passer \u00e0 Windows 11, version disponible depuis 2021 et gratuite. Le hic : elle n\u2019est pas support\u00e9e par tous les ordinateurs. <a href=\"https:\/\/www.01net.com\/astuces\/windows-11-comment-verifier-si-votre-pc-est-compatible-2045102.html\" target=\"_blank\" rel=\"noreferrer noopener\" title=\"https:\/\/www.01net.com\/astuces\/windows-11-comment-verifier-si-votre-pc-est-compatible-2045102.html\">Le m\u00e9dia sp\u00e9cialis\u00e9 01.net propose un guide<\/a> pour d\u00e9terminer si une machine dispose de la puissance suffisante pour effectuer cette migration. <\/p>\n<p class=\"sc-cPiKLX AiZTS text-element\">Dans le cas inverse, Microsoft propose une formule de mises \u00e0 jour \u00e9tendues pour Windows 10. Ce mercredi, le groupe a annonc\u00e9 que celle-ci serait gratuite pendant un an pour les particuliers situ\u00e9s dans l\u2019espace \u00e9conomique europ\u00e9en, \u00e0 condition qu\u2019ils se connectent avec un compte Microsoft. \u00abA partir du d\u00e9but du mois d\u2019octobre, les clients [europ\u00e9ens] commenceront \u00e0 voir des notifications sur leurs PC Windows 10 leur offrant la possibilit\u00e9 de s\u2019inscrire\u00bb au programme d\u2019extension des mises \u00e0 jour, a indiqu\u00e9 l\u2019entreprise.\u00a0 <\/p>\n<p class=\"sc-cPiKLX AiZTS text-element\">Pour les utilisateurs qui ne peuvent pas passer \u00e0 Windows 11 et qui continueraient \u00e0 utiliser Windows 10 sans souscrire \u00e0 l\u2019extension de mises \u00e0 jour Microsoft, <a href=\"https:\/\/www.liberation.fr\/economie\/economie-numerique\/cybersecurite-rester-maitre-de-son-destin-cest-aussi-avoir-la-capacite-de-fixer-des-regles-20250417_FOQXSA3RNZCIPK672NU45J3OI4\/\" target=\"_blank\" rel=\"noreferrer noopener\" title=\"https:\/\/www.liberation.fr\/economie\/economie-numerique\/cybersecurite-rester-maitre-de-son-destin-cest-aussi-avoir-la-capacite-de-fixer-des-regles-20250417_FOQXSA3RNZCIPK672NU45J3OI4\/\">les vuln\u00e9rabilit\u00e9s face aux cyberattaques vont s\u2019accro\u00eetre<\/a>. \u00abEn ne recevant plus les mises \u00e0 jour, vous n\u2019\u00eates plus prot\u00e9g\u00e9s contre les menaces cyber les plus r\u00e9centes\u00bb, explique Martin Kraemer. Si le danger est \u00abtr\u00e8s difficile\u00bb \u00e0 quantifier, selon le sp\u00e9cialiste, il est certain que les utilisateurs de Windows 10 deviendront des cibles privil\u00e9gi\u00e9es pour les cyberattaquants en qu\u00eate de failles de s\u00e9curit\u00e9. <\/p>\n<p class=\"sc-cPiKLX AiZTS text-element\">Les logiciels install\u00e9s sur les ordinateurs sont aussi concern\u00e9s, soul\u00e8ve Paddy Harrington, analyste au sein du cabinet am\u00e9ricain Forrester. Faute de mises \u00e0 jour assur\u00e9e par Windows, \u00able fournisseur ne peut pas s\u2019assurer que son application continuera \u00e0 fonctionner correctement\u00bb, note l\u2019expert. <\/p>\n<p class=\"sc-cPiKLX AiZTS text-element\">Microsoft a refus\u00e9 de pr\u00e9ciser combien d\u2019utilisateurs seraient concern\u00e9s. Mais selon Consumer Reports, pr\u00e8s de 650 millions de personnes dans le monde utilisaient Windows 10 au mois d\u2019ao\u00fbt. D\u2019apr\u00e8s une autre association am\u00e9ricaine, le Public Interest Research Group (PIRG), jusqu\u2019\u00e0 400 millions d\u2019ordinateurs seraient incompatibles avec Windows 11. <\/p>\n<p class=\"sc-cPiKLX AiZTS text-element\">En France, <a href=\"https:\/\/www.liberation.fr\/economie\/une-association-tacle-lobsolescence-programmee-dans-lautomobile-notamment-electrique-20240417_QKN7BWT4VRD7LBABH6E5IFVNE4\/\" target=\"_blank\" rel=\"noreferrer noopener\" title=\"https:\/\/www.liberation.fr\/economie\/une-association-tacle-lobsolescence-programmee-dans-lautomobile-notamment-electrique-20240417_QKN7BWT4VRD7LBABH6E5IFVNE4\/\">l\u2019association Halte \u00e0 l\u2019obsolescence programm\u00e9e (HOP)<\/a> estime que 22 % des machines se trouveraient dans ce cas. <\/p>\n<p class=\"sc-cPiKLX AiZTS text-element\">Cette vuln\u00e9rabilit\u00e9 va notamment repr\u00e9senter un risque \u00e9norme pour les administrations publiques et collectivit\u00e9s territoriales, <a href=\"https:\/\/www.liberation.fr\/economie\/economie-numerique\/cyberattaque-de-france-travail-la-menace-principale-cest-lusurpation-didentite-20240314_34PR7OWQ7RG2XLK34L35N6CAEM\/\" target=\"_blank\" rel=\"noreferrer noopener\" title=\"https:\/\/www.liberation.fr\/economie\/economie-numerique\/cyberattaque-de-france-travail-la-menace-principale-cest-lusurpation-didentite-20240314_34PR7OWQ7RG2XLK34L35N6CAEM\/\">qui h\u00e9bergent des donn\u00e9es sensibles<\/a>. Aupr\u00e8s de <a href=\"https:\/\/www.france.tv\/france-2\/journal-20h00\/7557377-l-etat-oblige-de-jeter-des-dizaines-de-milliers-d-ordinateurs-obsoletes.html\" target=\"_blank\" rel=\"noreferrer noopener\" title=\"https:\/\/www.france.tv\/france-2\/journal-20h00\/7557377-l-etat-oblige-de-jeter-des-dizaines-de-milliers-d-ordinateurs-obsoletes.html\">France 2<\/a>, la ville de Chelles, en Seine-et-Marne, a par exemple chiffr\u00e9 en ao\u00fbt \u00e0 \u00ab50 000 euros\u00bb le co\u00fbt que va engendrer le remplacement du parc informatique. La police nationale, elle, doit changer 25 000 ordinateurs, rapporte la deuxi\u00e8me cha\u00eene, aupr\u00e8s de laquelle le d\u00e9l\u00e9gu\u00e9 national du syndicat Alliance, Eric Henry, \u00e9voque un budget n\u00e9cessaire de \u00ab15 millions d\u2019euros\u00bb. <\/p>\n<p class=\"sc-cPiKLX AiZTS text-element\">L\u2019association HOP d\u00e9nonce les \u00abcons\u00e9quences environnementales, sociales et \u00e9conomiques d\u00e9l\u00e9t\u00e8res\u00bb de cette pratique de Microsoft, qui va \u00abcontribuer \u00e0 aggraver massivement l\u2019exclusion num\u00e9rique qui touche avant tout les plus modestes\u00bb. HOP fait partie d\u2019une coalition de 22 associations fran\u00e7aises, dont aussi l\u2019UFC-Que Choisir, qui <a href=\"https:\/\/www.halteobsolescence.org\/non-taxe-windows-coalition-22-organisations-maintien-mises-a-jour-de-securite-windows-10\/\" target=\"_blank\" rel=\"noreferrer noopener\" title=\"https:\/\/www.halteobsolescence.org\/non-taxe-windows-coalition-22-organisations-maintien-mises-a-jour-de-securite-windows-10\/\">s\u2019opposent \u00e0 \u00abla taxe Windows\u00bb<\/a> et demandent des mises \u00e0 jour gratuites jusqu\u2019en 2030. <a href=\"https:\/\/www.halteobsolescence.org\/petitions\/non-a-la-taxe-windows\/\" target=\"_blank\" rel=\"noreferrer noopener\" title=\"https:\/\/www.halteobsolescence.org\/petitions\/non-a-la-taxe-windows\/\">Leur p\u00e9tition<\/a> en ce sens a d\u00e9j\u00e0 \u00e9t\u00e9 sign\u00e9e par plus de 37 000 personnes. <\/p>\n<p class=\"sc-cPiKLX AiZTS text-element\">Aux Etats-Unis, l\u2019association de consommateurs Consumer Reports a d\u00e9plor\u00e9 le fait que \u00abdes ordinateurs incapables de faire fonctionner Windows 11 \u00e9taient encore disponibles \u00e0 la vente en 2022 et 2023\u00bb, et risquent ainsi de devenir obsol\u00e8tes trois ans apr\u00e8s leur achat. <\/p>\n<p class=\"sc-cPiKLX AiZTS text-element\">Interrog\u00e9s au sujet de l\u2019efficacit\u00e9 de logiciels antivirus, les experts soulignent leur insuffisance face \u00e0 un syst\u00e8me d\u2019exploitation non mis \u00e0 jour. \u00abIl y a une limite \u00e0 la protection qu\u2019ils peuvent offrir [\u2026]. C\u2019est bien mieux que de ne rien faire, mais cela devrait \u00eatre une solution temporaire, le temps de trouver une solution permanente\u00bb, d\u00e9clare Paddy Harrington. <\/p>\n<p class=\"sc-cPiKLX AiZTS text-element\">Reste la possibilit\u00e9 de changer pour un autre syst\u00e8me d\u2019exploitation, en gardant son ordinateur. Des logiciels libres, tels que Linux, peuvent ainsi \u00eatre utilis\u00e9s, mais n\u00e9cessitent d\u2019\u00eatre install\u00e9s par l\u2019utilisateur. \u00abTant que vos applications supportent ce syst\u00e8me d\u2019exploitation et que vos outils de gestion et de s\u00e9curit\u00e9 le prennent en charge, c\u2019est un bon choix\u00bb, assure Paddy Harrington. <\/p>\n<p class=\"sc-cPiKLX AiZTS text-element\">Ces questions se posent r\u00e9guli\u00e8rement \u00e0 chaque changement de syst\u00e8me d\u2019exploitation de Microsoft \u2013 XP, Vista, 7, 8\u2026 \u2013, mais aussi avec les produits d\u2019autres marques de la tech, telles Apple.<\/p>\n<p class=\"sc-cPiKLX AiZTS text-element\"><b>Mise \u00e0 jour <\/b>le 24 septembre \u00e0 19 h 13 avec la pr\u00e9cision que l\u2019extension des mises \u00e0 jour de Windows 10 sera gratuite pendant un an pour les particuliers. <\/p>\n","protected":false},"excerpt":{"rendered":"Une d\u00e9cennie apr\u00e8s son lancement, le syst\u00e8me d\u2019exploitation Windows 10 cessera d\u2019\u00eatre mis \u00e0 jour par Microsoft \u00e0&hellip;\n","protected":false},"author":2,"featured_media":414589,"comment_status":"","ping_status":"","sticky":false,"template":"","format":"standard","meta":{"footnotes":""},"categories":[7],"tags":[1075,1011,27,5533,43,40,41,39,42,44],"class_list":{"0":"post-414588","1":"post","2":"type-post","3":"status-publish","4":"format-standard","5":"has-post-thumbnail","7":"category-sciences-et-technologies","8":"tag-cybersecurite","9":"tag-fr","10":"tag-france","11":"tag-microsoft","12":"tag-science","13":"tag-science-and-technology","14":"tag-sciences","15":"tag-sciences-et-technologies","16":"tag-technologies","17":"tag-technology"},"share_on_mastodon":{"url":"https:\/\/pubeurope.com\/@fr\/115260686276380379","error":""},"_links":{"self":[{"href":"https:\/\/www.europesays.com\/fr\/wp-json\/wp\/v2\/posts\/414588","targetHints":{"allow":["GET"]}}],"collection":[{"href":"https:\/\/www.europesays.com\/fr\/wp-json\/wp\/v2\/posts"}],"about":[{"href":"https:\/\/www.europesays.com\/fr\/wp-json\/wp\/v2\/types\/post"}],"author":[{"embeddable":true,"href":"https:\/\/www.europesays.com\/fr\/wp-json\/wp\/v2\/users\/2"}],"replies":[{"embeddable":true,"href":"https:\/\/www.europesays.com\/fr\/wp-json\/wp\/v2\/comments?post=414588"}],"version-history":[{"count":0,"href":"https:\/\/www.europesays.com\/fr\/wp-json\/wp\/v2\/posts\/414588\/revisions"}],"wp:featuredmedia":[{"embeddable":true,"href":"https:\/\/www.europesays.com\/fr\/wp-json\/wp\/v2\/media\/414589"}],"wp:attachment":[{"href":"https:\/\/www.europesays.com\/fr\/wp-json\/wp\/v2\/media?parent=414588"}],"wp:term":[{"taxonomy":"category","embeddable":true,"href":"https:\/\/www.europesays.com\/fr\/wp-json\/wp\/v2\/categories?post=414588"},{"taxonomy":"post_tag","embeddable":true,"href":"https:\/\/www.europesays.com\/fr\/wp-json\/wp\/v2\/tags?post=414588"}],"curies":[{"name":"wp","href":"https:\/\/api.w.org\/{rel}","templated":true}]}}