{"id":414592,"date":"2025-09-24T18:28:11","date_gmt":"2025-09-24T18:28:11","guid":{"rendered":"https:\/\/www.europesays.com\/fr\/414592\/"},"modified":"2025-09-24T18:28:11","modified_gmt":"2025-09-24T18:28:11","slug":"pour-berlin-les-appels-a-abattre-les-aeronefs-russes-entres-dans-lespace-aerien-de-lotan-sont-contre-productifs-zone-militaire","status":"publish","type":"post","link":"https:\/\/www.europesays.com\/fr\/414592\/","title":{"rendered":"Pour Berlin, les appels \u00e0 abattre les a\u00e9ronefs russes entr\u00e9s dans l&#039;espace a\u00e9rien de l&#039;Otan sont &quot;contre-productifs&quot; &#8211; Zone Militaire"},"content":{"rendered":"<ol>\n<li><a href=\"https:\/\/news.google.com\/rss\/articles\/CBMi4AFBVV95cUxONUJNSDRqb3Y3akw0VkRSeHRJd25QOFF6XzBsNWRXOHRzV1Jzekc1MGt0UXA4LWowcjRhcVMyQVpVdXJxR3lQOUdMTU56Q2NyMkJWanctaEZ5UXNUd3BNS3NWbFk5T3R0MmZTVXZpRDVaWGZaYmk0bmJQNjM5bnRXS0l1OGZDcDJiMjZYMjJrZ2V4bEUxUWhhSzdxM2hCUThMNkpGU0cxc0Q3TnQ3cXo1MGk0bTZHcFdxV0l3Z1B5Z0I1YnNNSWEtQTduVVdlblRtTVZBOF9oNFpFUXhDcmdsZw?oc=5\" target=\"_blank\" rel=\"noopener\">Pour Berlin, les appels \u00e0 abattre les a\u00e9ronefs russes entr\u00e9s dans l&rsquo;espace a\u00e9rien de l&rsquo;Otan sont \u00ab\u00a0contre-productifs\u00a0\u00bb<\/a>&nbsp;&nbsp;Zone Militaire<\/li>\n<li><a href=\"https:\/\/news.google.com\/rss\/articles\/CBMiwgJBVV95cUxObmdVQjVwamVNOGVoc1NPOXllZnktY2hYSURBTWRNRWVTaWZ4RTdHV3JUNTNPR2NCUmhDN1JtbDNQcnFiLVl0bEIxX3BPQUV0c3RINjJsSVBMYzNQOW8xU01FNDN5NlV0eEFtNFdTRENMRHEyaUo0TzNWdndLV1FhS0VSWjdVbF8yMWRhdU9RZlpBWGd3c0NaaExBWmUxTUcwakpycTN6RWhINmV6MVFZSXpPejVMYng3WUdUYkJtUnFCdmZYbkt4T0lwUVVxcC1JRUE2YmRQMF9QdXpqeHlZeWJsYUFnODNsTUtiODJ1eHdkOWgxNm14LTFySmRfTzF6SHJyUUdpYTV0WlVhZWlwa0RvMFNTMVA1TUhmTm1Lbi1rZTJzVkxOdFlGV0h1MHFOdnBSdnRETFVLV053T3lTVEN3?oc=5\" target=\"_blank\" rel=\"noopener\">En direct, guerre en Ukraine : Emmanuel Macron affirme que l\u2019OTAN doit \u00ab monter d\u2019un cran \u00bb en cas de \u00ab nouvelles provocations russes \u00bb, mais sans \u00ab ouvrir le feu \u00bb<\/a>&nbsp;&nbsp;Le Monde.fr<\/li>\n<li><a href=\"https:\/\/news.google.com\/rss\/articles\/CBMigAJBVV95cUxQb25udm1lTzNhZGUzX2xHWlFSbGFGMlY4Z2VJcTBXaGw5OTBfc2NvSXpOX2ZKT3JKYVR5RmFSZmw3WnFOZGwxU090QjFzN2RBOUN4OVViZm5GTFowY21FSm02UDFkbDc1V3pvYkxnLU1sTXkwekNTMUpGMXdjMFQ1XzRKUmE3UjZ3T2FEeDBlalNBT21GVkxGcWFpY20wem9WTkNsaW9wVUE0cVpNODdHYk9HLUFOZkplOTZXZnhCd1VqeGhkZDJiNWswTHpOUWh5NFJENGFkeUJPeU1PYzduU0Z3MTNmNGpqWkJXRk8zUng0aS1NU0xoUVBVRndQZXNx?oc=5\" target=\"_blank\" rel=\"noopener\">Emmanuel Macron estime que l&rsquo;Otan doit \u00ab\u00a0monter d&rsquo;un cran\u00a0\u00bb en cas de \u00ab\u00a0nouvelles provocations russes\u00a0\u00bb, mais sans abattre d&rsquo;avion<\/a>&nbsp;&nbsp;France Info<\/li>\n<li><a href=\"https:\/\/news.google.com\/rss\/articles\/CBMiuwFBVV95cUxPSl9CMERCWHFFanZmQWUwWm9WT0lvNk1ONnM5QlQxVFEtdFpOeGQyQ2Z0UExTVllLOWF2NThDNE50MmxlQm82alFZbXZjSHlXZ1d5UnJIdU4tSF8waVhhcnRVekZhUHRvVlhzdV92M1BNV3BqUWo5YUk4SUZrenFJRWZPM292aTcxYUVzM19JbkNfYkZKMFpielFoWTFhRGJFd0RxNDlKQ0luRHdldXRIWEI4V3JrckxwdmhB?oc=5\" target=\"_blank\" rel=\"noopener\">EN DIRECT Guerre en Ukraine : L&rsquo;id\u00e9e de Trump que Kiev pourrait reprendre d\u2026<\/a>&nbsp;&nbsp;20 Minutes<\/li>\n<li><a href=\"https:\/\/news.google.com\/rss\/articles\/CBMi9gFBVV95cUxQbEt3dDlqWDFmUWdoVzdRSnBxcUNySlgzMlcyUXRSaTNaek1LLXNPcWdVODJwTS03SC1lLUpYRWYwWURjNG83N1l0SDNBdlFRWmdMalRUelgwLW5Ea1czNHNKSlA5UUV5cXNYdXRxeHZlNGVQTjZ0T2htVVdDMk5GUmsxUlVvdEpGN0lFRFo2VmJBdFZfbFdscFZ3aUxucENSREVxWkw3X21MWUdfTmYzTU1wTFFnVzNhd1FpWXV1NFFDaURVVUdsWVF5Y2szbFFlUjU2ZHZhR05JU3I4dkNHZnhRTXhCbW5GMm15anhZUHdOZEtTWHc?oc=5\" target=\"_blank\" rel=\"noopener\">Les Etats-Unis promettent de \u00ab prot\u00e9ger chaque centim\u00e8tre du territoire de l&rsquo;Otan \u00bb face aux incursions russes \u00e0 r\u00e9p\u00e9tition<\/a>&nbsp;&nbsp;Les Echos<\/li>\n<\/ol>\n","protected":false},"excerpt":{"rendered":"Pour Berlin, les appels \u00e0 abattre les a\u00e9ronefs russes entr\u00e9s dans l&rsquo;espace a\u00e9rien de l&rsquo;Otan sont \u00ab\u00a0contre-productifs\u00a0\u00bb&nbsp;&nbsp;Zone Militaire&hellip;\n","protected":false},"author":2,"featured_media":414593,"comment_status":"","ping_status":"","sticky":false,"template":"","format":"standard","meta":{"footnotes":""},"categories":[5],"tags":[11,672,8164,39123,1909,1011,27,24469,14,12,136,2437,132,43879,28],"class_list":{"0":"post-414592","1":"post","2":"type-post","3":"status-publish","4":"format-standard","5":"has-post-thumbnail","7":"category-international","8":"tag-actualites","9":"tag-allemagne","10":"tag-boris-pistorius","11":"tag-espace-aerien","12":"tag-estonie","13":"tag-fr","14":"tag-france","15":"tag-interception","16":"tag-international","17":"tag-news","18":"tag-otan","19":"tag-pologne","20":"tag-russie","21":"tag-violation","22":"tag-world"},"share_on_mastodon":{"url":"","error":""},"_links":{"self":[{"href":"https:\/\/www.europesays.com\/fr\/wp-json\/wp\/v2\/posts\/414592","targetHints":{"allow":["GET"]}}],"collection":[{"href":"https:\/\/www.europesays.com\/fr\/wp-json\/wp\/v2\/posts"}],"about":[{"href":"https:\/\/www.europesays.com\/fr\/wp-json\/wp\/v2\/types\/post"}],"author":[{"embeddable":true,"href":"https:\/\/www.europesays.com\/fr\/wp-json\/wp\/v2\/users\/2"}],"replies":[{"embeddable":true,"href":"https:\/\/www.europesays.com\/fr\/wp-json\/wp\/v2\/comments?post=414592"}],"version-history":[{"count":0,"href":"https:\/\/www.europesays.com\/fr\/wp-json\/wp\/v2\/posts\/414592\/revisions"}],"wp:featuredmedia":[{"embeddable":true,"href":"https:\/\/www.europesays.com\/fr\/wp-json\/wp\/v2\/media\/414593"}],"wp:attachment":[{"href":"https:\/\/www.europesays.com\/fr\/wp-json\/wp\/v2\/media?parent=414592"}],"wp:term":[{"taxonomy":"category","embeddable":true,"href":"https:\/\/www.europesays.com\/fr\/wp-json\/wp\/v2\/categories?post=414592"},{"taxonomy":"post_tag","embeddable":true,"href":"https:\/\/www.europesays.com\/fr\/wp-json\/wp\/v2\/tags?post=414592"}],"curies":[{"name":"wp","href":"https:\/\/api.w.org\/{rel}","templated":true}]}}