{"id":414594,"date":"2025-09-24T18:29:10","date_gmt":"2025-09-24T18:29:10","guid":{"rendered":"https:\/\/www.europesays.com\/fr\/414594\/"},"modified":"2025-09-24T18:29:10","modified_gmt":"2025-09-24T18:29:10","slug":"un-agresseur-dun-chroniqueur-de-cnews-condamne-pour-violences-en-reunion","status":"publish","type":"post","link":"https:\/\/www.europesays.com\/fr\/414594\/","title":{"rendered":"un agresseur d\u2019un chroniqueur de CNews condamn\u00e9 pour \u00abviolences en r\u00e9union\u00bb"},"content":{"rendered":"<p>Erik Tegn\u00e9r, \u00e9galement cofondateur du m\u00e9dia Fronti\u00e8res, et sa compagne avaient \u00e9t\u00e9 pris \u00e0 partie lors d\u2019une f\u00eate \u00e0 Plouha en juillet.<\/p>\n<p class=\"fig-paragraph\">Un homme de 24 ans a \u00e9t\u00e9 condamn\u00e9 mercredi \u00e0 400 euros d&rsquo;amende, dont 200 avec sursis, pour \u00abviolences en r\u00e9union\u00bb sur le chroniqueur de\u00a0<a href=\"http:\/\/www.lefigaro.fr\/medias\/vous-etes-les-bienvenus-mathieu-bock-cote-invite-patrick-cohen-et-thomas-legrand-a-venir-debattre-sur-cnews-20250921\" data-fig-type=\"Article\" data-gtm-custom-categorie=\"navigation\" data-gtm-custom-action=\"crossclick\" data-gtm-custom-label=\"Contextuel\" data-gtm-event=\"customEventSPE\" data-fig-domain=\"LEFIGARO\" target=\"_blank\" rel=\"noopener\">CNews<\/a>\u00a0et cofondateur du\u00a0<a href=\"http:\/\/www.lefigaro.fr\/politique\/mise-en-scene-intimidations-l-exfiltration-des-journalistes-du-media-frontieres-seme-la-zizanie-a-l-assemblee-nationale-20250410\" data-fig-type=\"NewsFlash\" data-gtm-custom-categorie=\"navigation\" data-gtm-custom-action=\"crossclick\" data-gtm-custom-label=\"Contextuel\" data-gtm-event=\"customEventSPE\" data-fig-domain=\"LEFIGARO\" target=\"_blank\" rel=\"noopener\">m\u00e9dia identitaire Fronti\u00e8res<\/a>\u00a0Erik Tegn\u00e9r et sa compagne, lors d&rsquo;une f\u00eate \u00e0 Plouha (C\u00f4tes-d&rsquo;Armor) en juillet. Le second pr\u00e9venu, \u00e2g\u00e9 de 23 ans, a \u00e9t\u00e9 relax\u00e9. Le condamn\u00e9 devra \u00e9galement verser 150 euros de dommages et int\u00e9r\u00eats \u00e0 chacune des victimes.<\/p>\n<p class=\"fig-paragraph\">Poursuivi \u00e9galement pour injure non publique \u00e0 l&rsquo;encontre de M. Tegn\u00e9r, il a \u00e9t\u00e9 relax\u00e9 de ce chef. Le tribunal correctionnel de Saint-Brieuc a \u00e9voqu\u00e9 des \u00abbousculades\u00bb et des \u00abjets de bi\u00e8re\u00bb. \u00abNous allons discuter de la possibilit\u00e9 d&rsquo;un appel\u00bb, a indiqu\u00e9 \u00e0 l&rsquo;AFP l&rsquo;avocat des pr\u00e9venus, Me Emmanuel Le Vacon.<\/p>\n<p>                                    <a class=\"fig-a11y-skip a11y-hidden\" href=\"#fig-a11y-skip-main-inarticle\"><br \/>\n        Passer la publicit\u00e9<br \/>\n    <\/a><\/p>\n<p class=\"fig-paragraph\">Dans la soir\u00e9e du 31 juillet, le chroniqueur r\u00e9gulier de CNews et cofondateur de Fronti\u00e8res assistait \u00e0 un concert organis\u00e9 par la commune avec sa compagne, originaire de Plouha. Le groupe qui se produisait, les Ramoneurs de menhirs, est connu pour \u00eatre proche des id\u00e9es de la gauche. Selon le pr\u00e9sident du tribunal, une spectatrice a reconnu Erik Tegn\u00e9r. Le couple a alors \u00e9t\u00e9 pris \u00e0 partie, insult\u00e9 puis bouscul\u00e9.<\/p>\n<p>Une affaire rapidement m\u00e9diatis\u00e9e<\/p>\n<p class=\"fig-paragraph\">La compagne de M. Tegn\u00e9r s&rsquo;est vue reconna\u00eetre une incapacit\u00e9 totale de travail (ITT) de trois semaines, en raison d&rsquo;un probable stress post-traumatique, a plaid\u00e9 son avocat. C&rsquo;est sur la base de photos publi\u00e9es sur l&rsquo;\u00e9v\u00e9nement Facebook de la soir\u00e9e qu&rsquo;il a reconnu les deux pr\u00e9venus, habitants pr\u00e8s de Plouha. Ceux-ci ont gard\u00e9 le silence tout au long de l&rsquo;audience.<\/p>\n<p class=\"fig-paragraph\">Absent de l&rsquo;audience car il participe \u00e0 une \u00e9mission quotidienne sur la radio Europe 1, M. Tegn\u00e9r avait rapidement m\u00e9diatis\u00e9 l&rsquo;affaire en publiant une vid\u00e9o sur X, o\u00f9 il affirmait avoir \u00e9t\u00e9 agress\u00e9 \u00abpar une dizaine de jeunes antifas\u00bb. La s\u00e9quence a cumul\u00e9 plus de 3,5 millions de vues. \u00abNous nous satisfaisons de la reconnaissance de culpabilit\u00e9, pour que ces faits ne se reproduisent pas\u00bb, a r\u00e9agi Me Fr\u00e9d\u00e9ric Pichon, avocat du journaliste.<\/p>\n<p class=\"fig-paragraph\">La d\u00e9fense a, au contraire, d\u00e9nonc\u00e9 une volont\u00e9 de \u00abfaire le buzz\u00bb sur l&rsquo;affaire. En avril, des journalistes de Fronti\u00e8res avaient d\u00fb \u00eatre exfiltr\u00e9s par les services de l&rsquo;Assembl\u00e9e nationale lors d&rsquo;un rassemblement de soutien \u00e0 des collaborateurs parlementaires de La France insoumise.<\/p>\n","protected":false},"excerpt":{"rendered":"Erik Tegn\u00e9r, \u00e9galement cofondateur du m\u00e9dia Fronti\u00e8res, et sa compagne avaient \u00e9t\u00e9 pris \u00e0 partie lors d\u2019une f\u00eate&hellip;\n","protected":false},"author":2,"featured_media":414595,"comment_status":"","ping_status":"","sticky":false,"template":"","format":"standard","meta":{"footnotes":""},"categories":[4],"tags":[11,1120,9722,2171,1011,27,12,25],"class_list":{"0":"post-414594","1":"post","2":"type-post","3":"status-publish","4":"format-standard","5":"has-post-thumbnail","7":"category-france","8":"tag-actualites","9":"tag-agression","10":"tag-cnews","11":"tag-cotes-darmor","12":"tag-fr","13":"tag-france","14":"tag-news","15":"tag-republique-francaise"},"share_on_mastodon":{"url":"https:\/\/pubeurope.com\/@fr\/115260697011514922","error":""},"_links":{"self":[{"href":"https:\/\/www.europesays.com\/fr\/wp-json\/wp\/v2\/posts\/414594","targetHints":{"allow":["GET"]}}],"collection":[{"href":"https:\/\/www.europesays.com\/fr\/wp-json\/wp\/v2\/posts"}],"about":[{"href":"https:\/\/www.europesays.com\/fr\/wp-json\/wp\/v2\/types\/post"}],"author":[{"embeddable":true,"href":"https:\/\/www.europesays.com\/fr\/wp-json\/wp\/v2\/users\/2"}],"replies":[{"embeddable":true,"href":"https:\/\/www.europesays.com\/fr\/wp-json\/wp\/v2\/comments?post=414594"}],"version-history":[{"count":0,"href":"https:\/\/www.europesays.com\/fr\/wp-json\/wp\/v2\/posts\/414594\/revisions"}],"wp:featuredmedia":[{"embeddable":true,"href":"https:\/\/www.europesays.com\/fr\/wp-json\/wp\/v2\/media\/414595"}],"wp:attachment":[{"href":"https:\/\/www.europesays.com\/fr\/wp-json\/wp\/v2\/media?parent=414594"}],"wp:term":[{"taxonomy":"category","embeddable":true,"href":"https:\/\/www.europesays.com\/fr\/wp-json\/wp\/v2\/categories?post=414594"},{"taxonomy":"post_tag","embeddable":true,"href":"https:\/\/www.europesays.com\/fr\/wp-json\/wp\/v2\/tags?post=414594"}],"curies":[{"name":"wp","href":"https:\/\/api.w.org\/{rel}","templated":true}]}}