{"id":414598,"date":"2025-09-24T18:31:18","date_gmt":"2025-09-24T18:31:18","guid":{"rendered":"https:\/\/www.europesays.com\/fr\/414598\/"},"modified":"2025-09-24T18:31:18","modified_gmt":"2025-09-24T18:31:18","slug":"roche-la-moliere-retour-sur-ce-hameau-disparu-qui-etait-autrefois-le-plus-peuple-de-la-commune","status":"publish","type":"post","link":"https:\/\/www.europesays.com\/fr\/414598\/","title":{"rendered":"Roche-la-Moli\u00e8re. Retour sur ce hameau disparu, qui \u00e9tait autrefois le plus peupl\u00e9 de la commune"},"content":{"rendered":"<p>Jean-Yves Putigner est revenu avec beaucoup d\u2019\u00e9motions sur les lieux de son enfance \u00e0 Troussieux, ce petit hameau de Roche-la-Moli\u00e8re, situ\u00e9 sur la route d\u2019Alus, au-dessus de l\u2019\u00e9cole du Pontin dont il ne reste aucune trace aujourd\u2019hui.<\/p>\n<p>\u00ab\u00a0Mon p\u00e8re \u00e9tait de Saint-Symphorien-de-Lay. Il travaillait dans l\u2019entreprise de travaux publics Jean Lef\u00e8vre et il est venu goudronner la route de Troussieux. C\u2019est l\u00e0 qu\u2019il a connu ma m\u00e8re,&#8230;<\/p>\n","protected":false},"excerpt":{"rendered":"Jean-Yves Putigner est revenu avec beaucoup d\u2019\u00e9motions sur les lieux de son enfance \u00e0 Troussieux, ce petit hameau&hellip;\n","protected":false},"author":2,"featured_media":414599,"comment_status":"","ping_status":"","sticky":false,"template":"","format":"standard","meta":{"footnotes":""},"categories":[9653],"tags":[1111,11,2430,7539,1777,674,1011,27,937,12,25,12490,12491,4001,104],"class_list":{"0":"post-414598","1":"post","2":"type-post","3":"status-publish","4":"format-standard","5":"has-post-thumbnail","7":"category-saint-etienne","8":"tag-actu","9":"tag-actualites","10":"tag-auvergne-rhone-alpes","11":"tag-edition-loire-sud","12":"tag-eu","13":"tag-europe","14":"tag-fr","15":"tag-france","16":"tag-histoire","17":"tag-news","18":"tag-republique-francaise","19":"tag-roche-la-moliere","20":"tag-roche-la-moliere-bassin","21":"tag-saint-etienne","22":"tag-societe"},"share_on_mastodon":{"url":"https:\/\/pubeurope.com\/@fr\/115260704970484624","error":""},"_links":{"self":[{"href":"https:\/\/www.europesays.com\/fr\/wp-json\/wp\/v2\/posts\/414598","targetHints":{"allow":["GET"]}}],"collection":[{"href":"https:\/\/www.europesays.com\/fr\/wp-json\/wp\/v2\/posts"}],"about":[{"href":"https:\/\/www.europesays.com\/fr\/wp-json\/wp\/v2\/types\/post"}],"author":[{"embeddable":true,"href":"https:\/\/www.europesays.com\/fr\/wp-json\/wp\/v2\/users\/2"}],"replies":[{"embeddable":true,"href":"https:\/\/www.europesays.com\/fr\/wp-json\/wp\/v2\/comments?post=414598"}],"version-history":[{"count":0,"href":"https:\/\/www.europesays.com\/fr\/wp-json\/wp\/v2\/posts\/414598\/revisions"}],"wp:featuredmedia":[{"embeddable":true,"href":"https:\/\/www.europesays.com\/fr\/wp-json\/wp\/v2\/media\/414599"}],"wp:attachment":[{"href":"https:\/\/www.europesays.com\/fr\/wp-json\/wp\/v2\/media?parent=414598"}],"wp:term":[{"taxonomy":"category","embeddable":true,"href":"https:\/\/www.europesays.com\/fr\/wp-json\/wp\/v2\/categories?post=414598"},{"taxonomy":"post_tag","embeddable":true,"href":"https:\/\/www.europesays.com\/fr\/wp-json\/wp\/v2\/tags?post=414598"}],"curies":[{"name":"wp","href":"https:\/\/api.w.org\/{rel}","templated":true}]}}