{"id":414602,"date":"2025-09-24T18:33:18","date_gmt":"2025-09-24T18:33:18","guid":{"rendered":"https:\/\/www.europesays.com\/fr\/414602\/"},"modified":"2025-09-24T18:33:18","modified_gmt":"2025-09-24T18:33:18","slug":"le-museum-aquarium-equipe-de-160-m2-de-panneaux-solaires","status":"publish","type":"post","link":"https:\/\/www.europesays.com\/fr\/414602\/","title":{"rendered":"le Mus\u00e9um Aquarium \u00e9quip\u00e9 de 160 m2 de panneaux solaires"},"content":{"rendered":"<p>Ils se font discrets, et c\u2019\u00e9tait d\u2019ailleurs l\u2019une des conditions de leur arriv\u00e9e\u00a0: des panneaux photovolta\u00efques tr\u00f4nent d\u00e9sormais au <a href=\"https:\/\/www.estrepublicain.fr\/culture-loisirs\/2025\/02\/05\/savez-vous-combien-d-especes-sont-conservees-au-museum-aquarium-de-nancy\" target=\"_blank\" rel=\"noopener\">Mus\u00e9um Aquarium de la rue Sainte-Catherine,<\/a> en toiture, et produisent depuis ce lundi une \u00e9lectricit\u00e9 vou\u00e9e \u00e0 \u00eatre en totalit\u00e9 r\u00e9utilis\u00e9e sur place. Une premi\u00e8re pour la M\u00e9tropole, aux commandes de l\u2019op\u00e9ration et qui revend l\u2019\u00e9lectricit\u00e9 de ses six autres centrales.<\/p>\n<p>  Des contraintes sur le plan architectural<\/p>\n<p><a href=\"https:\/\/www.estrepublicain.fr\/encadres\/2022\/11\/21\/des-panneaux-photovoltaiques-sur-le-toit-de-l-aquarium-de-nancy\" target=\"_blank\" rel=\"noopener\">Vot\u00e9 en conseil de M\u00e9tropole d\u2019octobre\u00a02022,<\/a> ce projet s\u2019inscrit dans le Plan Climat Air \u00c9nergie Territorial <a href=\"https:\/\/www.estrepublicain.fr\/politique\/2022\/05\/12\/un-nouveau-plan-climat-sans-precedent-pour-la-metropole\" target=\"_blank\" rel=\"noopener\">(s\u00e9rie d\u2019orientations et d\u2019actions de lutte contre le r\u00e9chauffement climatique)<\/a> et aura donc n\u00e9cessit\u00e9 trois ans d\u2019\u00e9tudes et de d\u00e9marches. \u00ab\u00a0Ce b\u00e2timent de 1933 est class\u00e9 au titre des Monuments historiques, et se situe <a href=\"https:\/\/www.estrepublicain.fr\/culture-loisirs\/2022\/09\/05\/patrimoine-remarquable-des-regles-d-urbanisme-a-ajuster\" target=\"_blank\" rel=\"noopener\">dans le secteur sauvegard\u00e9<\/a> \u00a0; il est donc soumis \u00e0 une r\u00e9glementation stricte\u00a0\u00bb, rappelait le pr\u00e9sident de la M\u00e9tropole Klein ce mercredi, sur place avec les acteurs du projet.<\/p>\n<p>Ainsi les panneaux, int\u00e9gr\u00e9s sur une toiture d\u00e9tuil\u00e9e (et sur une charpente pr\u00e9alablement inspect\u00e9e) ne devaient pas se voir depuis l\u2019espace public, ni depuis la caserne Thiry, en face. \u00ab\u00a0Sur ce point, on a notamment travaill\u00e9 avec la DRAC (Direction r\u00e9gionale des affaires culturelles)\u00a0\u00bb, ajoutait pour sa part l\u2019architecte et ma\u00eetre d\u2019\u0153uvre Camille Andr\u00e9.<\/p>\n<p>  Des besoins en termes d\u2019\u00e9lectricit\u00e9<\/p>\n<p>\u00c0 l\u2019issue de cet important travail, le chantier a donc finalement d\u00e9marr\u00e9 cet \u00e9t\u00e9\u00a0: apr\u00e8s des travaux pr\u00e9paratoires (zinguerie, d\u00e9pose des tuiles, \u00e9tanch\u00e9it\u00e9\u2026), <a href=\"https:\/\/www.chasseriaux-habitat.fr\/\" target=\"_blank\" rel=\"noopener\">l\u2019entreprise Chass\u00e9riaux Habitat<\/a> a pos\u00e9 82 panneaux de marque Terreal, orient\u00e9s sud, sur 160m\u00b2 en toiture du b\u00e2timent Expositions, donnant sur le jardin Godron.<\/p>\n<p>Raccord\u00e9e r\u00e9cemment au r\u00e9seau \u00e9lectrique, la centrale a donc commenc\u00e9 \u00e0 produire une \u00e9lectricit\u00e9 totalement utilis\u00e9e sur place, au profit d\u2019une infrastructure tr\u00e8s \u00e9nergivore\u00a0: devant en permanence chauffer l\u2019eau des aquariums, mais aussi r\u00e9guler l\u2019air ambiant, <a href=\"https:\/\/www.estrepublicain.fr\/culture-loisirs\/2023\/08\/07\/a-la-decouverte-du-museum-aquarium-de-nancy-(pour-page-vacances)\" target=\"_blank\" rel=\"noopener\">le Mus\u00e9um Aquarium<\/a> a en effet de tr\u00e8s gros besoins.<\/p>\n<p>Avec ses 42MWh esp\u00e9r\u00e9s chaque ann\u00e9e, la toiture devrait produire 5\u00a0% de la consommation totale du site, soit \u00ab\u00a0une part modeste, mais cela permettra tout de m\u00eame d\u2019\u00e9viter 2,65 <a href=\"https:\/\/www.estrepublicain.fr\/economie\/2024\/08\/21\/sept-sites-industriels-lorrains-classes-parmi-les-50-plus-emetteurs-de-co2\" target=\"_blank\" rel=\"noopener\">tonnes de CO2<\/a> par an\u00a0\u00bb, note <a href=\"https:\/\/www.estrepublicain.fr\/p\/mathieu-klein\" target=\"_blank\" rel=\"noopener\">Mathieu Klein<\/a>.<\/p>\n<p>  Un exemple \u00e0 suivre\u00a0?<\/p>\n<p>Concr\u00e9tis\u00e9e via un budget total de quelque 300\u00a0000\u00a0\u20ac, cette centrale photovolta\u00efque, garantie 30 ans et qui n\u00e9cessitera un nettoyage et une maintenance annuels, pourrait faire des petits \u00e0 proximit\u00e9.<\/p>\n<p>\u00ab\u00a0Ce chantier, men\u00e9 dans un contexte urbain et architectural contraint, montre qu\u2019il n\u2019y a aucun espace dans lequel il serait impossible de faire avancer la d\u00e9carbonation du territoire\u00a0\u00bb, dixit le maire nanc\u00e9ien.<\/p>\n","protected":false},"excerpt":{"rendered":"Ils se font discrets, et c\u2019\u00e9tait d\u2019ailleurs l\u2019une des conditions de leur arriv\u00e9e\u00a0: des panneaux photovolta\u00efques tr\u00f4nent d\u00e9sormais&hellip;\n","protected":false},"author":2,"featured_media":414603,"comment_status":"","ping_status":"","sticky":false,"template":"","format":"standard","meta":{"footnotes":""},"categories":[9635],"tags":[1111,11,33,1704,893,1777,674,1011,27,775,1702,1703,12,25],"class_list":{"0":"post-414602","1":"post","2":"type-post","3":"status-publish","4":"format-standard","5":"has-post-thumbnail","7":"category-nancy","8":"tag-actu","9":"tag-actualites","10":"tag-economie","11":"tag-edition-nancy-et-agglomeration","12":"tag-energie","13":"tag-eu","14":"tag-europe","15":"tag-fr","16":"tag-france","17":"tag-grand-est","18":"tag-nancy","19":"tag-nancy-ville-54b","20":"tag-news","21":"tag-republique-francaise"},"share_on_mastodon":{"url":"https:\/\/pubeurope.com\/@fr\/115260712759970947","error":""},"_links":{"self":[{"href":"https:\/\/www.europesays.com\/fr\/wp-json\/wp\/v2\/posts\/414602","targetHints":{"allow":["GET"]}}],"collection":[{"href":"https:\/\/www.europesays.com\/fr\/wp-json\/wp\/v2\/posts"}],"about":[{"href":"https:\/\/www.europesays.com\/fr\/wp-json\/wp\/v2\/types\/post"}],"author":[{"embeddable":true,"href":"https:\/\/www.europesays.com\/fr\/wp-json\/wp\/v2\/users\/2"}],"replies":[{"embeddable":true,"href":"https:\/\/www.europesays.com\/fr\/wp-json\/wp\/v2\/comments?post=414602"}],"version-history":[{"count":0,"href":"https:\/\/www.europesays.com\/fr\/wp-json\/wp\/v2\/posts\/414602\/revisions"}],"wp:featuredmedia":[{"embeddable":true,"href":"https:\/\/www.europesays.com\/fr\/wp-json\/wp\/v2\/media\/414603"}],"wp:attachment":[{"href":"https:\/\/www.europesays.com\/fr\/wp-json\/wp\/v2\/media?parent=414602"}],"wp:term":[{"taxonomy":"category","embeddable":true,"href":"https:\/\/www.europesays.com\/fr\/wp-json\/wp\/v2\/categories?post=414602"},{"taxonomy":"post_tag","embeddable":true,"href":"https:\/\/www.europesays.com\/fr\/wp-json\/wp\/v2\/tags?post=414602"}],"curies":[{"name":"wp","href":"https:\/\/api.w.org\/{rel}","templated":true}]}}