{"id":414608,"date":"2025-09-24T18:38:13","date_gmt":"2025-09-24T18:38:13","guid":{"rendered":"https:\/\/www.europesays.com\/fr\/414608\/"},"modified":"2025-09-24T18:38:13","modified_gmt":"2025-09-24T18:38:13","slug":"le-navire-de-commandement-uss-mount-whitney-a-toulon","status":"publish","type":"post","link":"https:\/\/www.europesays.com\/fr\/414608\/","title":{"rendered":"Le navire de commandement USS Mount Whitney \u00e0 Toulon"},"content":{"rendered":"<p>Toujours aussi impressionnant, le b\u00e2timent de commandement USS Mount Whitney (LCC 20) est arriv\u00e9 vendredi dernier \u00e0 Toulon (voir reportage photo dans cet article). Navire amiral de la 6\u00e8me flotte am\u00e9ricaine en M\u00e9diterran\u00e9e, le Mount Whitney est entr\u00e9 et sorti plusieurs fois de la rade \u00e0 l&rsquo;aide de remorqueurs, afin d&rsquo;effectuer des boucles magn\u00e9tiques. Long de 194 m\u00e8tres pour une largeur de 32.9 m\u00e8tres, le b\u00e2timent affiche un d\u00e9placement de 19.290 tonnes en charge. Modernis\u00e9 \u00e0 plusieurs reprises depuis sa mise en service en 1971, le LCC 20 dispose de moyens \u00e9lectroniques (syst\u00e8me de combat, transmissions) performants, lui permettant d&rsquo;assurer sa mission d&rsquo;unit\u00e9 de commandement. Il est, ainsi, dot\u00e9 de l&rsquo;AADC (Area Air Defense Commander), de l&rsquo;ACIS (Amphibious Command Information System), du MCCIS (Maritime Command Control and Information System) du NIPS (Naval Intelligence Processing System) et du NTCS-A (Naval Tactical Command System Afloat), ainsi que de plusieurs syst\u00e8mes de transmission par satellite.     <\/p>\n<p>L&rsquo;USS Mount Whitney \u00e0 Toulon (\u00a9 : JEAN-LOUIS VENNE)      <\/p>\n<p>Pr\u00e8s de 1000 marins \u00e0 bord<\/p>\n<p>Arm\u00e9 par un \u00e9quipage de 303 marins (initialement 850), l&rsquo;USS Mount Whitney peut accueillir un \u00e9tat-major de 250 personnes, ainsi qu&rsquo;un contingent de 210 Marines. Sa dr\u00f4me comprend plusieurs embarcations l\u00e9g\u00e8res et deux chalands de transport de personnel du type LCVP. Il compte en outre une plateforme pour h\u00e9licopt\u00e8re (mais pas de hangar). L&rsquo;armement, uniquement d\u00e9di\u00e9 \u00e0 l&rsquo;autod\u00e9fense, comprend deux syst\u00e8mes d&rsquo;artillerie multitubes Phalanx, 2 canons de 25mm et 6 mitrailleuses de 12.7mm (les tourelles de 76mm et les lanceurs Sea Sparrow ont \u00e9t\u00e9 d\u00e9barqu\u00e9s \u00e0 la fin des ann\u00e9es 80).    <\/p>\n<p>L&rsquo;USS Mount Whitney \u00e0 Toulon (\u00a9 : JEAN-LOUIS VENNE)      <\/p>\n<p>Durer jusqu&rsquo;en 2029<\/p>\n<p>    La marine am\u00e9ricaine compte deux b\u00e2timents de ce type. Outre le Mount Whitney, l&rsquo;USS Blue Ridge (LCC 19), en service depuis 1970, est le navire amiral de la 7\u00e8me Flotte (Pacifique ouest). On notera que ces deux navires disposent des m\u00eames coques que les porte-h\u00e9licopt\u00e8res d&rsquo;assaut du type Iwo Jima, aujourd&rsquo;hui d\u00e9sarm\u00e9s. L&rsquo;US Navy pr\u00e9voyait de les d\u00e9sarmer en 2010 et 2011 pour les remplacer par des b\u00e2timents de nouvelle g\u00e9n\u00e9ration appel\u00e9s Joint Command Control Ships (JCCS) ou JCC(X). Le projet a n\u00e9anmoins \u00e9t\u00e9 ajourn\u00e9 faute de cr\u00e9dits. R\u00e9cemment, le Pentagone a indiqu\u00e9 que le Blue Ridge et le Mount Whitney \u00e9taient prolong\u00e9s jusqu&rsquo;en 2029. Ils auraient, alors, 59 et 58 ans ! On peut n\u00e9anmoins douter que ces bateaux tiennent aussi longtemps, notamment en raison de leur propulsion \u00e0 vapeur et turbines \u00e0 engrenages.      <\/p>\n<p>L&rsquo;USS Mount Whitney \u00e0 Toulon (\u00a9 : JEAN-LOUIS VENNE)       <\/p>\n<p>L&rsquo;USS Mount Whitney \u00e0 Toulon (\u00a9 : JEAN-LOUIS VENNE)  <\/p>\n<p>L&rsquo;USS Mount Whitney \u00e0 Toulon (\u00a9 : JEAN-LOUIS VENNE)    <\/p>\n<p>L&rsquo;USS Mount Whitney \u00e0 Toulon (\u00a9 : JEAN-LOUIS VENNE)      <\/p>\n<p>L&rsquo;USS Mount Whitney \u00e0 Toulon (\u00a9 : JEAN-LOUIS VENNE)    <\/p>\n<p>L&rsquo;USS Mount Whitney \u00e0 Toulon (\u00a9 : JEAN-LOUIS VENNE)    <\/p>\n<p>L&rsquo;USS Mount Whitney \u00e0 Toulon (\u00a9 : JEAN-LOUIS VENNE)  <\/p>\n<p>L&rsquo;USS Mount Whitney \u00e0 Toulon (\u00a9 : JEAN-LOUIS VENNE)    <\/p>\n<p>L&rsquo;USS Mount Whitney \u00e0 Toulon (\u00a9 : JEAN-LOUIS VENNE)  <\/p>\n<p>L&rsquo;USS Mount Whitney \u00e0 Toulon (\u00a9 : JEAN-LOUIS VENNE)    <\/p>\n<p>L&rsquo;USS Mount Whitney \u00e0 Toulon (\u00a9 : JEAN-LOUIS VENNE)  <\/p>\n<p>L&rsquo;USS Mount Whitney \u00e0 Toulon (\u00a9 : JEAN-LOUIS VENNE)    <\/p>\n<p>L&rsquo;USS Mount Whitney \u00e0 Toulon (\u00a9 : JEAN-LOUIS VENNE)  <\/p>\n<p>L&rsquo;USS Mount Whitney \u00e0 Toulon (\u00a9 : JEAN-LOUIS VENNE)    <\/p>\n<p>L&rsquo;USS Mount Whitney \u00e0 Toulon (\u00a9 : JEAN-LOUIS VENNE)  <\/p>\n<p>L&rsquo;USS Mount Whitney \u00e0 Toulon (\u00a9 : JEAN-LOUIS VENNE)  <\/p>\n<p>L&rsquo;USS Mount Whitney \u00e0 Toulon (\u00a9 : JEAN-LOUIS VENNE)  <\/p>\n<p>L&rsquo;USS Mount Whitney \u00e0 Toulon (\u00a9 : JEAN-LOUIS VENNE)  <\/p>\n<p>L&rsquo;USS Mount Whitney \u00e0 Toulon (\u00a9 : JEAN-LOUIS VENNE)  <\/p>\n<p>L&rsquo;USS Mount Whitney \u00e0 Toulon (\u00a9 : JEAN-LOUIS VENNE)<\/p>\n","protected":false},"excerpt":{"rendered":"Toujours aussi impressionnant, le b\u00e2timent de commandement USS Mount Whitney (LCC 20) est arriv\u00e9 vendredi dernier \u00e0 Toulon&hellip;\n","protected":false},"author":2,"featured_media":414609,"comment_status":"","ping_status":"","sticky":false,"template":"","format":"standard","meta":{"footnotes":""},"categories":[9619],"tags":[1111,11,6130,6141,6131,6138,2380,6135,554,1777,6136,674,1011,27,6139,6134,3135,6128,567,6129,6127,12,6132,4838,882,6133,25,6140,6137,2310],"class_list":{"0":"post-414608","1":"post","2":"type-post","3":"status-publish","4":"format-standard","5":"has-post-thumbnail","7":"category-toulon","8":"tag-actu","9":"tag-actualites","10":"tag-chantiers","11":"tag-commando","12":"tag-construction-navale","13":"tag-costa","14":"tag-croisiere","15":"tag-dcns","16":"tag-defense","17":"tag-eu","18":"tag-euronaval","19":"tag-europe","20":"tag-fr","21":"tag-france","22":"tag-fremm","23":"tag-interviews","24":"tag-littoral","25":"tag-marine","26":"tag-marine-nationale","27":"tag-maritime","28":"tag-mer","29":"tag-news","30":"tag-offshore","31":"tag-peche","32":"tag-provence-alpes-cote-dazur","33":"tag-reportages","34":"tag-republique-francaise","35":"tag-sncm","36":"tag-stx","37":"tag-toulon"},"share_on_mastodon":{"url":"https:\/\/pubeurope.com\/@fr\/115260732454451875","error":""},"_links":{"self":[{"href":"https:\/\/www.europesays.com\/fr\/wp-json\/wp\/v2\/posts\/414608","targetHints":{"allow":["GET"]}}],"collection":[{"href":"https:\/\/www.europesays.com\/fr\/wp-json\/wp\/v2\/posts"}],"about":[{"href":"https:\/\/www.europesays.com\/fr\/wp-json\/wp\/v2\/types\/post"}],"author":[{"embeddable":true,"href":"https:\/\/www.europesays.com\/fr\/wp-json\/wp\/v2\/users\/2"}],"replies":[{"embeddable":true,"href":"https:\/\/www.europesays.com\/fr\/wp-json\/wp\/v2\/comments?post=414608"}],"version-history":[{"count":0,"href":"https:\/\/www.europesays.com\/fr\/wp-json\/wp\/v2\/posts\/414608\/revisions"}],"wp:featuredmedia":[{"embeddable":true,"href":"https:\/\/www.europesays.com\/fr\/wp-json\/wp\/v2\/media\/414609"}],"wp:attachment":[{"href":"https:\/\/www.europesays.com\/fr\/wp-json\/wp\/v2\/media?parent=414608"}],"wp:term":[{"taxonomy":"category","embeddable":true,"href":"https:\/\/www.europesays.com\/fr\/wp-json\/wp\/v2\/categories?post=414608"},{"taxonomy":"post_tag","embeddable":true,"href":"https:\/\/www.europesays.com\/fr\/wp-json\/wp\/v2\/tags?post=414608"}],"curies":[{"name":"wp","href":"https:\/\/api.w.org\/{rel}","templated":true}]}}