{"id":414614,"date":"2025-09-24T18:41:09","date_gmt":"2025-09-24T18:41:09","guid":{"rendered":"https:\/\/www.europesays.com\/fr\/414614\/"},"modified":"2025-09-24T18:41:09","modified_gmt":"2025-09-24T18:41:09","slug":"a-rouen-la-friperie-mad-vintage-ferme-en-centre-ville-et-ouvre-son-depot-au-public","status":"publish","type":"post","link":"https:\/\/www.europesays.com\/fr\/414614\/","title":{"rendered":"\u00c0 Rouen, la friperie Mad Vintage ferme en centre-ville&#8230; et ouvre son d\u00e9p\u00f4t au public"},"content":{"rendered":"<p>            Par<br \/>\n        <strong><br \/>\n            <a href=\"https:\/\/actu.fr\/auteur\/yann-rivallan\" title=\"Consulter tous les articles de Yann Rivallan\" target=\"_blank\" rel=\"noopener\">Yann Rivallan<\/a><br \/>\n        <\/strong><\/p>\n<p>        Publi\u00e9 le<\/p>\n<p>            24 sept. 2025 \u00e0 18h22        <\/p>\n<p>Sa fermeture soudaine a pu surprendre. <strong>La friperie Mad Vintage<\/strong>, install\u00e9e dans la rue des Carmes de <a href=\"https:\/\/actu.fr\/normandie\/rouen_76540\" target=\"_blank\" rel=\"noopener\">Rouen<\/a> depuis neuf ans, a ferm\u00e9 ses portes le 12\u00a0septembre dernier. Mais elle ne dispara\u00eet pas totalement. <strong>Son vaste d\u00e9p\u00f4t<\/strong> install\u00e9 le long des quais, dans le hameau de Croisset, o\u00f9 sont tri\u00e9s quotidiennement les v\u00eatements, est d\u00e9sormais ouvert au public.<\/p>\n<p>\u00ab\u2009Le commerce des centres-villes est en grande difficult\u00e9\u2009\u00bb<\/p>\n<p class=\" wall-content\">\u00ab\u2009J\u2019ai saisi une opportunit\u00e9\u2009\u00bb, confie Eug\u00e9nie Sabban, la dirigeante et fondatrice de l\u2019enseigne. Elle ne le cache pas\u2009: \u00ab\u2009Le commerce des centres-villes est <strong>en grande difficult\u00e9<\/strong>. Et le vintage ne fait plus l\u2019objet d\u2019une grande tendance. J\u2019ai donc d\u00e9cid\u00e9 de vendre la boutique.\u2009\u00bb<\/p>\n<p class=\" wall-content\">Selon plusieurs sources concordantes, c\u2019est l\u2019enseigne <strong>Adopt<\/strong>, sp\u00e9cialis\u00e9e dans la parfumerie, qui va remplacer le Mad Vintage de la rue des Carmes.<\/p>\n<p>Mad Vintage ouvre ses \u00ab\u2009coulisses\u2009\u00bb<\/p>\n<p class=\" wall-content\">Mais pas de panique pour les fid\u00e8les de la friperie. Elle ne quitte pas d\u00e9finitivement <strong>la m\u00e9tropole de Rouen<\/strong>.<\/p>\n<blockquote class=\"ac-article-quote wall-content\">\n<p>On ouvre les coulisses de Mad [Vintage] \u00e0 notre client\u00e8le.<\/p>\n<p>    <strong>Eug\u00e9nie Sabban<\/strong><br \/>\n        Dirigeante de Mad Vintage    <\/p><\/blockquote>\n<p class=\" wall-content\">En d\u2019autres termes, le d\u00e9p\u00f4t install\u00e9 au <strong>6 quai du Danemark<\/strong> est d\u00e9sormais accessible au public sur des horaires d\u2019ouverture de boutique. Il est possible d\u2019y faire des achats, comme dans la rue des Carmes.<\/p>\n<p>Votre r\u00e9gion, votre actu !<\/p>\n<p>Recevez chaque jour les infos qui comptent pour vous.<\/p>\n<p>\t<a href=\"https:\/\/actu.fr\/newsletter\" class=\"ac-btn ac-btn--corner ac-btn--medium ac-btn--blue800\" target=\"_blank\" rel=\"noopener\">S&rsquo;incrire<\/a><\/p>\n<p class=\" wall-content\">Depuis lundi 22\u00a0septembre 2025, \u00ab\u2009nous sommes ouverts du lundi au jeudi de 10\u2009h \u00e0 19\u2009h et nous allons aussi ouvrir le premier samedi de chaque mois\u2009\u00bb, pr\u00e9cise Eug\u00e9nie Sabban.<\/p>\n<p>Suivez l\u2019actualit\u00e9 de Rouen sur <a href=\"https:\/\/www.whatsapp.com\/channel\/0029VaKfnf99hXF2ddApFB1D\" target=\"_blank\" rel=\"noopener\">notre cha\u00eene WhatsApp<\/a> et sur <a href=\"https:\/\/www.tiktok.com\/@76actu.fr?lang=fr\" target=\"_blank\" rel=\"noopener\">notre compte TikTok<\/a><\/p>\n<p class=\" wall-content\">Personnalisez votre actualit\u00e9 en ajoutant vos villes et m\u00e9dias en favori avec <a href=\"https:\/\/moncompte.actu.fr\" title=\"D\u00e9couvez Mon Actu\" rel=\"nofollow noopener\" data-trk=\"{&quot;cta&quot;:{&quot;action&quot;:&quot;https:\\\/\\\/moncompte.actu.fr&quot;,&quot;category&quot;:&quot;mon compte&quot;,&quot;from&quot;:&quot;article footer&quot;,&quot;name&quot;:&quot;Mon actu&quot;,&quot;type&quot;:&quot;cta&quot;}}\" target=\"_blank\">Mon Actu<\/a>.<\/p>\n<p>                    <script async src=\"\/\/www.tiktok.com\/embed.js\"><\/script><\/p>\n","protected":false},"excerpt":{"rendered":"Par Yann Rivallan Publi\u00e9 le 24 sept. 2025 \u00e0 18h22 Sa fermeture soudaine a pu surprendre. La friperie&hellip;\n","protected":false},"author":2,"featured_media":414615,"comment_status":"","ping_status":"","sticky":false,"template":"","format":"standard","meta":{"footnotes":""},"categories":[9587],"tags":[1111,11,215,1777,674,1011,27,1652,12,5161,25,9590,7167],"class_list":{"0":"post-414614","1":"post","2":"type-post","3":"status-publish","4":"format-standard","5":"has-post-thumbnail","7":"category-rouen","8":"tag-actu","9":"tag-actualites","10":"tag-commerce","11":"tag-eu","12":"tag-europe","13":"tag-fr","14":"tag-france","15":"tag-loisirs-culture","16":"tag-news","17":"tag-normandie","18":"tag-republique-francaise","19":"tag-rouen","20":"tag-seconde-main"},"share_on_mastodon":{"url":"https:\/\/pubeurope.com\/@fr\/115260744253759163","error":""},"_links":{"self":[{"href":"https:\/\/www.europesays.com\/fr\/wp-json\/wp\/v2\/posts\/414614","targetHints":{"allow":["GET"]}}],"collection":[{"href":"https:\/\/www.europesays.com\/fr\/wp-json\/wp\/v2\/posts"}],"about":[{"href":"https:\/\/www.europesays.com\/fr\/wp-json\/wp\/v2\/types\/post"}],"author":[{"embeddable":true,"href":"https:\/\/www.europesays.com\/fr\/wp-json\/wp\/v2\/users\/2"}],"replies":[{"embeddable":true,"href":"https:\/\/www.europesays.com\/fr\/wp-json\/wp\/v2\/comments?post=414614"}],"version-history":[{"count":0,"href":"https:\/\/www.europesays.com\/fr\/wp-json\/wp\/v2\/posts\/414614\/revisions"}],"wp:featuredmedia":[{"embeddable":true,"href":"https:\/\/www.europesays.com\/fr\/wp-json\/wp\/v2\/media\/414615"}],"wp:attachment":[{"href":"https:\/\/www.europesays.com\/fr\/wp-json\/wp\/v2\/media?parent=414614"}],"wp:term":[{"taxonomy":"category","embeddable":true,"href":"https:\/\/www.europesays.com\/fr\/wp-json\/wp\/v2\/categories?post=414614"},{"taxonomy":"post_tag","embeddable":true,"href":"https:\/\/www.europesays.com\/fr\/wp-json\/wp\/v2\/tags?post=414614"}],"curies":[{"name":"wp","href":"https:\/\/api.w.org\/{rel}","templated":true}]}}