{"id":414642,"date":"2025-09-24T18:55:10","date_gmt":"2025-09-24T18:55:10","guid":{"rendered":"https:\/\/www.europesays.com\/fr\/414642\/"},"modified":"2025-09-24T18:55:10","modified_gmt":"2025-09-24T18:55:10","slug":"fabrice-muscari-elu-doyen-de-la-faculte-de-sante-de-luniversite-de-toulouse","status":"publish","type":"post","link":"https:\/\/www.europesays.com\/fr\/414642\/","title":{"rendered":"Fabrice Muscari \u00e9lu doyen de la facult\u00e9 de sant\u00e9 de l&rsquo;Universit\u00e9 de Toulouse"},"content":{"rendered":"<p>Le professeur Fabrice Muscari a \u00e9t\u00e9 \u00e9lu doyen de la facult\u00e9 de sant\u00e9 de l\u2019Universit\u00e9 de Toulouse. Il l\u2019a emport\u00e9 avec 18 voix, face \u00e0 son concurrent le professeur Alexis Valentin, qui a obtenu 13 voix. Il succ\u00e8de au pr\u00e9c\u00e9dent doyen Philippe Pomar, \u00e9lu en 2022.<\/p>\n<p>Fabrice Muscari est professeur des universit\u00e9s-praticien hospitalier (PU-PH), sp\u00e9cialiste en chirurgie digestive et transplantation, et coordonne le programme de transplantation h\u00e9patique du CHU de Toulouse depuis 2014. Il a exerc\u00e9 de nombreuses responsabilit\u00e9s cliniques et institutionnelles, notamment comme chef de p\u00f4le digestif, responsable m\u00e9dical de l\u2019unit\u00e9 de chirurgie h\u00e9pato-bilio-pancr\u00e9atique et transplantation, et pr\u00e9sident du conseil des greffes du CHU.<\/p>\n<p>Rattach\u00e9e \u00e0 l\u2019\u00e9tablissement public exp\u00e9rimental Universit\u00e9 de Toulouse, la facult\u00e9 de sant\u00e9 r\u00e9unit depuis 2022 16.500 \u00e9tudiantes et \u00e9tudiants r\u00e9partis dans trois d\u00e9partements\u00a0: m\u00e9decine, ma\u00efeutique et param\u00e9dical (MMP), odontologie et sciences pharmaceutiques. Cette structure regroupe l\u2019ensemble des formations m\u00e9dicales et param\u00e9dicales.<\/p>\n","protected":false},"excerpt":{"rendered":"Le professeur Fabrice Muscari a \u00e9t\u00e9 \u00e9lu doyen de la facult\u00e9 de sant\u00e9 de l\u2019Universit\u00e9 de Toulouse. Il&hellip;\n","protected":false},"author":2,"featured_media":373637,"comment_status":"","ping_status":"","sticky":false,"template":"","format":"standard","meta":{"footnotes":""},"categories":[2816],"tags":[1111,11,1777,674,1011,27,224,8701,12,2680,25,71,2312,54481],"class_list":{"0":"post-414642","1":"post","2":"type-post","3":"status-publish","4":"format-standard","5":"has-post-thumbnail","7":"category-toulouse","8":"tag-actu","9":"tag-actualites","10":"tag-eu","11":"tag-europe","12":"tag-fr","13":"tag-france","14":"tag-medecine","15":"tag-medical","16":"tag-news","17":"tag-occitanie","18":"tag-republique-francaise","19":"tag-sante","20":"tag-toulouse","21":"tag-universite-de-toulouse"},"share_on_mastodon":{"url":"https:\/\/pubeurope.com\/@fr\/115260799313945765","error":""},"_links":{"self":[{"href":"https:\/\/www.europesays.com\/fr\/wp-json\/wp\/v2\/posts\/414642","targetHints":{"allow":["GET"]}}],"collection":[{"href":"https:\/\/www.europesays.com\/fr\/wp-json\/wp\/v2\/posts"}],"about":[{"href":"https:\/\/www.europesays.com\/fr\/wp-json\/wp\/v2\/types\/post"}],"author":[{"embeddable":true,"href":"https:\/\/www.europesays.com\/fr\/wp-json\/wp\/v2\/users\/2"}],"replies":[{"embeddable":true,"href":"https:\/\/www.europesays.com\/fr\/wp-json\/wp\/v2\/comments?post=414642"}],"version-history":[{"count":0,"href":"https:\/\/www.europesays.com\/fr\/wp-json\/wp\/v2\/posts\/414642\/revisions"}],"wp:featuredmedia":[{"embeddable":true,"href":"https:\/\/www.europesays.com\/fr\/wp-json\/wp\/v2\/media\/373637"}],"wp:attachment":[{"href":"https:\/\/www.europesays.com\/fr\/wp-json\/wp\/v2\/media?parent=414642"}],"wp:term":[{"taxonomy":"category","embeddable":true,"href":"https:\/\/www.europesays.com\/fr\/wp-json\/wp\/v2\/categories?post=414642"},{"taxonomy":"post_tag","embeddable":true,"href":"https:\/\/www.europesays.com\/fr\/wp-json\/wp\/v2\/tags?post=414642"}],"curies":[{"name":"wp","href":"https:\/\/api.w.org\/{rel}","templated":true}]}}