{"id":414649,"date":"2025-09-24T18:59:10","date_gmt":"2025-09-24T18:59:10","guid":{"rendered":"https:\/\/www.europesays.com\/fr\/414649\/"},"modified":"2025-09-24T18:59:10","modified_gmt":"2025-09-24T18:59:10","slug":"louane-lance-son-solo-tour-a-aix-avant-une-date-en-2026-a-marseille-probablement-lendroit-ou-je-me-sens-le-mieux","status":"publish","type":"post","link":"https:\/\/www.europesays.com\/fr\/414649\/","title":{"rendered":"Louane lance son \u00ab\u00a0Solo Tour\u00a0\u00bb \u00e0 Aix, avant une date en\u00a02026 \u00e0 Marseille, \u00ab\u00a0probablement l\u2019endroit o\u00f9 je me sens le mieux\u00a0\u00bb"},"content":{"rendered":"<p><a href=\"https:\/\/www.laprovence.com\/article\/culture-loisirs\/1452340811719614\/louane-je-suis-tombee-amoureuse-de-marseille-ses-confidences-avant-son-concert-sur-le-vieux-port\" target=\"_blank\" rel=\"noopener\">Elle vit une partie de l\u2019ann\u00e9e \u00e0 Marseille<\/a>, son fianc\u00e9 et le p\u00e8re de sa fille Esm\u00e9e, le musicien Florian Rossi, est par ailleurs originaire d\u2019Avignon. Elle n\u2019a d\u2019ailleurs pas boug\u00e9 de tout l\u2019\u00e9t\u00e9, profitant des bords de mer et des bonnes adresses marseillaises. \u00ab\u00a0J\u2019adore aller bruncher \u00e0 c\u00f4t\u00e9 de l\u2019op\u00e9ra. Il y a plusieurs brunchs que je trouve trop cool l\u00e0-bas. Il y a aussi une boutique que j\u2019aime trop, \u00e7a s\u2019appelle Uni, elle n\u2019est pas tr\u00e8s loin du Vieux-Port. C\u2019est une boutique cr\u00e9\u00e9e par une jeune femme qui a une s\u00e9lection absolument dingue\u00a0! Elle choisit elle-m\u00eame ses marques et ses cr\u00e9ateurs, j\u2019adore\u00a0! \u00ab\u00a0, dit Louane. \u00ab\u00a0\u00c9videmment, j\u2019adore passer des journ\u00e9es au soleil. Et particuli\u00e8rement au Bistrot Plage avec ses transats orange. Ma fille aime bien parce qu\u2019on peut voir des poissons\u00a0\u00bb, poursuit-elle.<\/p>\n<p>Ce n\u2019est donc pas un hasard si la jeune femme, n\u00e9e \u00e0 H\u00e9nin-Beaumont, avait choisi de r\u00e9p\u00e9ter sa tourn\u00e9e \u00e0 l\u2019<a href=\"https:\/\/www.laprovence.com\/article\/region\/2270668683077514\/arena-du-pays-daix-notre-projet-est-ambitieux-mais-realiste-assure-le-president-dedeis-concessions\" target=\"_blank\" rel=\"noopener\">Arena du Pays d\u2019Aix<\/a>. \u00ab\u00a0C\u2019\u00e9tait \u00e0 c\u00f4t\u00e9 de la maison et \u00e7a me permettait d\u2019avoir cet endroit qui, pour moi, est une &lsquo;safe place&rsquo; pour souffler. Marseille, c\u2019est probablement l\u2019endroit o\u00f9 je me sens le mieux\u00a0\u00bb, rench\u00e9rit-elle, confiant vivre aussi \u00e0 Paris.<\/p>\n<p>Un \u00ab\u00a0Solo Tour\u00a0\u00bb lanc\u00e9 \u00e0 l\u2019Arena <\/p>\n","protected":false},"excerpt":{"rendered":"Elle vit une partie de l\u2019ann\u00e9e \u00e0 Marseille, son fianc\u00e9 et le p\u00e8re de sa fille Esm\u00e9e, le&hellip;\n","protected":false},"author":2,"featured_media":414650,"comment_status":"","ping_status":"","sticky":false,"template":"","format":"standard","meta":{"footnotes":""},"categories":[2814],"tags":[17,1111,11,2835,3917,251,1777,674,1011,27,9447,4501,884,12,882,25,25042,3711,3584],"class_list":{"0":"post-414649","1":"post","2":"type-post","3":"status-publish","4":"format-standard","5":"has-post-thumbnail","7":"category-marseille","8":"tag-17","9":"tag-actu","10":"tag-actualites","11":"tag-aix","12":"tag-avant","13":"tag-culture","14":"tag-eu","15":"tag-europe","16":"tag-fr","17":"tag-france","18":"tag-lance","19":"tag-louane","20":"tag-marseille","21":"tag-news","22":"tag-provence-alpes-cote-dazur","23":"tag-republique-francaise","24":"tag-solo","25":"tag-son","26":"tag-tour"},"share_on_mastodon":{"url":"https:\/\/pubeurope.com\/@fr\/115260815048159561","error":""},"_links":{"self":[{"href":"https:\/\/www.europesays.com\/fr\/wp-json\/wp\/v2\/posts\/414649","targetHints":{"allow":["GET"]}}],"collection":[{"href":"https:\/\/www.europesays.com\/fr\/wp-json\/wp\/v2\/posts"}],"about":[{"href":"https:\/\/www.europesays.com\/fr\/wp-json\/wp\/v2\/types\/post"}],"author":[{"embeddable":true,"href":"https:\/\/www.europesays.com\/fr\/wp-json\/wp\/v2\/users\/2"}],"replies":[{"embeddable":true,"href":"https:\/\/www.europesays.com\/fr\/wp-json\/wp\/v2\/comments?post=414649"}],"version-history":[{"count":0,"href":"https:\/\/www.europesays.com\/fr\/wp-json\/wp\/v2\/posts\/414649\/revisions"}],"wp:featuredmedia":[{"embeddable":true,"href":"https:\/\/www.europesays.com\/fr\/wp-json\/wp\/v2\/media\/414650"}],"wp:attachment":[{"href":"https:\/\/www.europesays.com\/fr\/wp-json\/wp\/v2\/media?parent=414649"}],"wp:term":[{"taxonomy":"category","embeddable":true,"href":"https:\/\/www.europesays.com\/fr\/wp-json\/wp\/v2\/categories?post=414649"},{"taxonomy":"post_tag","embeddable":true,"href":"https:\/\/www.europesays.com\/fr\/wp-json\/wp\/v2\/tags?post=414649"}],"curies":[{"name":"wp","href":"https:\/\/api.w.org\/{rel}","templated":true}]}}