{"id":41465,"date":"2025-04-21T12:17:08","date_gmt":"2025-04-21T12:17:08","guid":{"rendered":"https:\/\/www.europesays.com\/fr\/41465\/"},"modified":"2025-04-21T12:17:08","modified_gmt":"2025-04-21T12:17:08","slug":"a-marseille-ces-monuments-plonges-dans-le-noir","status":"publish","type":"post","link":"https:\/\/www.europesays.com\/fr\/41465\/","title":{"rendered":"\u00c0 Marseille, ces monuments plong\u00e9s dans le noir"},"content":{"rendered":"<p>            Par<br \/>\n        <strong><br \/>\n            <a href=\"https:\/\/actu.fr\/auteur\/fabien-binacchi\" title=\"Consulter tous les articles de Fabien Binacchi\" target=\"_blank\" rel=\"noopener\">Fabien Binacchi<\/a><br \/>\n        <\/strong><\/p>\n<p>        Publi\u00e9 le<\/p>\n<p>            21 avr. 2025 \u00e0 14h05        <\/p>\n<p>Dans <a href=\"https:\/\/actu.fr\/marseille\/\" target=\"_blank\" rel=\"noopener\">la cit\u00e9 phoc\u00e9enne,<\/a> o\u00f9 il avait men\u00e9 <a href=\"https:\/\/actu.fr\/provence-alpes-cote-d-azur\/marseille_13055\/bonjour-marseille-bonjour-la-france-quand-le-pape-francois-avait-beni-le-velodrome_62537831.html\" target=\"_blank\" rel=\"noopener\">une visite remarqu\u00e9e en septembre\u00a02023<\/a>, un hommage au pape Fran\u00e7ois, d\u00e9c\u00e9d\u00e9 ce lundi 21\u00a0avril 2025, sera rendu dans la soir\u00e9e.<\/p>\n<p class=\" wall-content\">Voici ce qui est pr\u00e9vu.<\/p>\n<p>Ses lieux de passage dans l\u2019obscurit\u00e9<\/p>\n<p class=\" wall-content\">La m\u00e9moire du pape Fran\u00e7ois, disparu ce lundi de P\u00e2ques \u00e0 l\u2019\u00e2ge de 88\u00a0ans, sera honor\u00e9e \u00e0 Marseille, que le Saint-P\u00e8re avait visit\u00e9 il y a moins de deux ans.<\/p>\n<p class=\" wall-content\">La mairie lui rendra notamment hommage, a annonc\u00e9 Beno\u00eet Payan, sur X.<\/p>\n<p class=\" wall-content\">\n<p class=\" wall-content\">La Basilique \u00ab<strong>\u2009Notre-Dame de la Garde<\/strong>, l\u2019<strong>H\u00f4tel de Ville<\/strong> et le <strong>Pharo<\/strong>, o\u00f9 il s\u2019\u00e9tait rendu en septembre 2023, s\u2019\u00e9teindront ce [lundi] soir\u2009\u00bb, a pr\u00e9cis\u00e9 l\u2019\u00e9lu dans un post. A 21h, les illuminations de ces trois lieux symboliques seront coup\u00e9es.<\/p>\n<p>Vid\u00e9os : en ce moment sur ActuUne messe \u00e0 La Major<\/p>\n<p class=\" wall-content\">Le dioc\u00e8se de la cit\u00e9 phoc\u00e9enne annonce \u00e9galement la tenue d\u2019\u00ab\u2009une messe d\u2019action de gr\u00e2ces <strong>ce lundi 21\u00a0avril 2025 \u00e0 19h<\/strong> \u00e0 la cath\u00e9drale de La Major\u2009\u00bb.<\/p>\n<blockquote class=\"ac-article-quote wall-content\">\n<p>Le cardinal Jean-Marc Aveline, archev\u00eaque de Marseille, et tous les fid\u00e8les du dioc\u00e8se tiennent \u00e0 exprimer leur profonde \u00e9motion et leur immense action de gr\u00e2ces pour son pontificat. Le dioc\u00e8se garde notamment le magnifique souvenir de la visite du pape Fran\u00e7ois dans la cit\u00e9 phoc\u00e9enne en 2023 lors des\u00a0Rencontres m\u00e9diterran\u00e9ennes.<\/p>\n<p>    <strong>Le Dioc\u00e8se de Marseille, dans un communiqu\u00e9<\/strong>\n            <\/p><\/blockquote>\n<p class=\" wall-content\">La messe sera men\u00e9e par l\u2019archev\u00eaque Jean-Marc Aveline, est-il pr\u00e9cis\u00e9.<\/p>\n<p class=\" wall-content\">Suivez toute l\u2019actualit\u00e9 de vos villes et m\u00e9dias favoris en vous inscrivant \u00e0 <a href=\"https:\/\/moncompte.actu.fr\" title=\"D\u00e9couvez Mon Actu\" rel=\"nofollow noopener\" data-trk=\"{&quot;cta&quot;:{&quot;action&quot;:&quot;https:\\\/\\\/moncompte.actu.fr&quot;,&quot;category&quot;:&quot;mon compte&quot;,&quot;from&quot;:&quot;article footer&quot;,&quot;name&quot;:&quot;Mon actu&quot;,&quot;type&quot;:&quot;cta&quot;}}\" target=\"_blank\">Mon Actu<\/a>.<\/p>\n","protected":false},"excerpt":{"rendered":"Par Fabien Binacchi Publi\u00e9 le 21 avr. 2025 \u00e0 14h05 Dans la cit\u00e9 phoc\u00e9enne, o\u00f9 il avait men\u00e9&hellip;\n","protected":false},"author":2,"featured_media":41466,"comment_status":"","ping_status":"","sticky":false,"template":"","format":"standard","meta":{"footnotes":""},"categories":[2814],"tags":[1111,11,1777,674,1011,27,884,12,1177,4692,882,4020,25,104],"class_list":{"0":"post-41465","1":"post","2":"type-post","3":"status-publish","4":"format-standard","5":"has-post-thumbnail","7":"category-marseille","8":"tag-actu","9":"tag-actualites","10":"tag-eu","11":"tag-europe","12":"tag-fr","13":"tag-france","14":"tag-marseille","15":"tag-news","16":"tag-notre-dame-de-la-garde","17":"tag-pape-francois","18":"tag-provence-alpes-cote-dazur","19":"tag-religion","20":"tag-republique-francaise","21":"tag-societe"},"share_on_mastodon":{"url":"https:\/\/pubeurope.com\/@fr\/114375913833882065","error":""},"_links":{"self":[{"href":"https:\/\/www.europesays.com\/fr\/wp-json\/wp\/v2\/posts\/41465","targetHints":{"allow":["GET"]}}],"collection":[{"href":"https:\/\/www.europesays.com\/fr\/wp-json\/wp\/v2\/posts"}],"about":[{"href":"https:\/\/www.europesays.com\/fr\/wp-json\/wp\/v2\/types\/post"}],"author":[{"embeddable":true,"href":"https:\/\/www.europesays.com\/fr\/wp-json\/wp\/v2\/users\/2"}],"replies":[{"embeddable":true,"href":"https:\/\/www.europesays.com\/fr\/wp-json\/wp\/v2\/comments?post=41465"}],"version-history":[{"count":0,"href":"https:\/\/www.europesays.com\/fr\/wp-json\/wp\/v2\/posts\/41465\/revisions"}],"wp:featuredmedia":[{"embeddable":true,"href":"https:\/\/www.europesays.com\/fr\/wp-json\/wp\/v2\/media\/41466"}],"wp:attachment":[{"href":"https:\/\/www.europesays.com\/fr\/wp-json\/wp\/v2\/media?parent=41465"}],"wp:term":[{"taxonomy":"category","embeddable":true,"href":"https:\/\/www.europesays.com\/fr\/wp-json\/wp\/v2\/categories?post=41465"},{"taxonomy":"post_tag","embeddable":true,"href":"https:\/\/www.europesays.com\/fr\/wp-json\/wp\/v2\/tags?post=41465"}],"curies":[{"name":"wp","href":"https:\/\/api.w.org\/{rel}","templated":true}]}}