{"id":414651,"date":"2025-09-24T19:00:13","date_gmt":"2025-09-24T19:00:13","guid":{"rendered":"https:\/\/www.europesays.com\/fr\/414651\/"},"modified":"2025-09-24T19:00:13","modified_gmt":"2025-09-24T19:00:13","slug":"a-marseille-la-mosquee-des-bleuets-veut-contester-sa-fermeture-devant-la-justice","status":"publish","type":"post","link":"https:\/\/www.europesays.com\/fr\/414651\/","title":{"rendered":"\u00e0 Marseille, la mosqu\u00e9e des Bleuets veut contester sa fermeture devant la justice"},"content":{"rendered":"<p>La mosqu\u00e9e des Bleuets, situ\u00e9e dans les quartiers nord, et son imam Sma\u00efn Bendjilali ont annonc\u00e9 se pr\u00e9parer \u00e0 contester devant le tribunal administratif l\u2019arr\u00eat\u00e9 de fermeture du lieu de culte que pourrait prendre le pr\u00e9fet des Bouches-du-Rh\u00f4ne Georges-Fran\u00e7ois Leclerc.<\/p>\n<p class=\"fig-paragraph\">Le d\u00e9bat pourrait d\u00e9sormais se d\u00e9rouler devant la justice. Ce mercredi soir, lors d\u2019une conf\u00e9rence de presse, l\u2019avocat de la<a href=\"http:\/\/www.lefigaro.fr\/marseille\/marseille-la-mosquee-des-bleuets-de-nouveau-menacee-de-fermeture-20250918\" data-fig-type=\"NewsFlash\" data-gtm-custom-categorie=\"navigation\" data-gtm-custom-action=\"crossclick\" data-gtm-custom-label=\"Contextuel\" data-gtm-event=\"customEventSPE\" data-fig-domain=\"LEFIGARO\" target=\"_blank\" rel=\"noopener\">\u00a0mosqu\u00e9e des Bleuets\u00a0<\/a>de Marseille, Me Sefen Guez Guez, a annonc\u00e9 se pr\u00e9parer \u00e0 contester devant le tribunal administratif de Marseille l\u2019arr\u00eat\u00e9 de fermeture de ce lieu de culte des quartiers nord.<\/p>\n<p class=\"fig-paragraph\">Cette mosqu\u00e9e du 13e arrondissement est de nouveau menac\u00e9e de fermeture par les autorit\u00e9s, qui estiment que\u00a0<a href=\"http:\/\/www.lefigaro.fr\/actualite-france\/marseille-l-ex-imam-de-la-mosquee-des-bleuets-juge-pour-apologie-du-terrorisme-20250324\" data-fig-type=\"Article\" data-gtm-custom-categorie=\"navigation\" data-gtm-custom-action=\"crossclick\" data-gtm-custom-label=\"Contextuel\" data-gtm-event=\"customEventSPE\" data-fig-domain=\"LEFIGARO\" target=\"_blank\" rel=\"noopener\">l\u2019imam\u00a0<\/a>qui y officie \u00abreste ancr\u00e9 dans des th\u00e9ories radicales\u00bb. Il y a un an, la pr\u00e9fecture de police des Bouches-du-Rh\u00f4ne avait d\u00e9j\u00e0 menac\u00e9 de fermer cette mosqu\u00e9e. L\u2019imam avait alors promis de passer un dipl\u00f4me sur la la\u00efcit\u00e9, permettant \u00e0 celle-ci de rester ouverte.<\/p>\n<p>                                    <a class=\"fig-a11y-skip a11y-hidden\" href=\"#fig-a11y-skip-main-inarticle\"><br \/>\n        Passer la publicit\u00e9<br \/>\n    <\/a><\/p>\n<p>Condamn\u00e9 pour apologie du terrorisme<\/p>\n<p class=\"fig-paragraph\">Depuis, l\u2019imam Isma\u00efl,\u00a0<a href=\"http:\/\/www.lefigaro.fr\/actualite-france\/islamisme-a-marseille-les-dessous-de-l-affaire-de-la-mosquee-des-bleuets-menacee-de-fermeture-20240905\" data-fig-type=\"Article\" data-gtm-custom-categorie=\"navigation\" data-gtm-custom-action=\"crossclick\" data-gtm-custom-label=\"Contextuel\" data-gtm-event=\"customEventSPE\" data-fig-domain=\"LEFIGARO\" target=\"_blank\" rel=\"noopener\">Sma\u00efn Bendjilali\u00a0<\/a>de son vrai nom, a valid\u00e9 son dipl\u00f4me universitaire et a repris ses fonctions au sein de la mosqu\u00e9e en mai. Il venait alors d\u2019\u00eatre condamn\u00e9 pour apologie du terrorisme par le tribunal correctionnel de Marseille \u00e0 six mois de prison avec sursis pour avoir retweet\u00e9 un post sur X en lien avec l\u2019attaque du 7 octobre 2023 en Isra\u00ebl. Un appel est en cours.<\/p>\n<p class=\"fig-paragraph\">Il n\u2019avait en revanche pas \u00e9t\u00e9 condamn\u00e9 \u00e0 une interdiction d\u00e9finitive d\u2019exercer en tant que salari\u00e9 au sein de la mosqu\u00e9e des Bleuets, comme l\u2019avait demand\u00e9 le parquet. Populaire dans les quartiers nord, il serait \u00abde sensibilit\u00e9 plut\u00f4t salafiste mais usant des codes du fr\u00e9risme\u00bb et \u00abjouit d\u2019une grande popularit\u00e9 aupr\u00e8s des jeunes musulmans en raison notamment de sa ma\u00eetrise des r\u00e9seaux sociaux\u00bb, selon un r\u00e9cent rapport sur les Fr\u00e8res musulmans.<\/p>\n<p>Publications \u00abappelant \u00e0 la haine et \u00e0 la violence\u00bb<\/p>\n<p class=\"fig-paragraph\">Dans un courrier du 15 septembre, dont l\u2019AFP a obtenu copie, la pr\u00e9f\u00e8te d\u00e9l\u00e9gu\u00e9e \u00e0 la police dans les Bouches-du-Rh\u00f4ne dit \u00abenvisager la fermeture temporaire\u00bb de la mosqu\u00e9e. Selon les autorit\u00e9s, des publications \u00abappelant \u00e0 la haine, \u00e0 la violence ou \u00e0 la discrimination\u00bb, qui avaient d\u00e9j\u00e0 \u00e9t\u00e9 point\u00e9es du doigt il y a un an, sont toujours en ligne. Pour elle, l\u2019imam \u00abpoursuit sa d\u00e9fense d\u2019une pratique radicale de l\u2019islam, qui instaure un terreau propice \u00e0 la commission d\u2019actes violents\u00bb.<\/p>\n<p class=\"fig-paragraph\">Le courrier mentionne aussi une plus r\u00e9cente publication Facebook, datant de mai, faisant r\u00e9f\u00e9rence \u00e0 un ouvrage \u00abpris\u00e9 de la mouvance salafo-fr\u00e9riste\u00bb, selon la pr\u00e9fecture. Enfin \u00abla reprise effective de ses fonctions d\u2019imam au lendemain de sa condamnation pour apologie du terrorisme constitue un \u00e9l\u00e9ment majeur conduisant \u00e0 devoir engager une nouvelle proc\u00e9dure contradictoire\u00bb.<\/p>\n<p class=\"fig-paragraph\">\u00abAu nom de quel titre le pr\u00e9fet consid\u00e8re qu\u2019il a la l\u00e9gitimit\u00e9 de dire quelle est la bonne pratique du dogme\u00a0? s\u2019interroge Me Rafik Chekkat, avocat de l\u2019imam. Cette d\u00e9cision a, de plus, \u00e9t\u00e9 prise en l\u2019absence totale de concertation. Il n\u2019y a pas de politique de la carotte et du b\u00e2ton. C\u2019est tout de suite le b\u00e2ton. On reproche \u00e9galement les prises de position politique de l\u2019imam, qui a employ\u00e9 l\u2019expression d\u2019islamophobie d\u2019\u00c9tat comme si c\u2019\u00e9tait un crime, et son positionnement sur la Palestine.\u00bb<\/p>\n<p>                                    <a class=\"fig-a11y-skip a11y-hidden\" href=\"#fig-a11y-skip-main-inarticle_mtf\"><br \/>\n        Passer la publicit\u00e9<br \/>\n    <\/a><\/p>\n<p><strong>Absence de dialogue<\/strong><\/p>\n<p class=\"fig-paragraph\">Selon Me Rafik Chekkat, le pr\u00e9fet des Bouches-du-Rh\u00f4ne a notifi\u00e9 la semaine derni\u00e8re un arr\u00eat\u00e9 de pr\u00e9fecture de la mosqu\u00e9e des Bleuets en se fondant sur un article sur la loi de s\u00e9paration des \u00c9glises et de l\u2019\u00c9tat de 1905, qui pr\u00e9voit la fermeture d\u2019un lieu de culte qui propagerait des discours incitant \u00e0 la haine. La fermeture serait alors d\u2019une dur\u00e9e de deux mois. \u00c0 la suite de cette notification s\u2019ouvre ensuite une p\u00e9riode de discussion avec la pr\u00e9fecture d\u2019une dur\u00e9e de dix jours. Or, contrairement \u00e0 l\u2019an dernier, o\u00f9 une rencontre avec les services de l\u2019\u00c9tat avait \u00e9t\u00e9 organis\u00e9e, la mosqu\u00e9e entend cette fois adopter une strat\u00e9gie plus offensive. \u00abIl n\u2019est pas pr\u00e9vu d\u2019entamer un dialogue avec le pr\u00e9fet, explique Me Guez Guez. Nous allons faire part d\u2019observations par \u00e9crit, mais nous avons l\u2019intention d\u2019aller au bout de notre d\u00e9marche.\u00bb<\/p>\n<p class=\"fig-paragraph\">Le pr\u00e9fet pourrait prendre un arr\u00eat\u00e9 de fermeture \u00e0 partir du 28 septembre prochain. Ensuite, la mosqu\u00e9e, l\u2019imam et les fid\u00e8les entendent d\u00e9poser un r\u00e9f\u00e9r\u00e9-libert\u00e9 devant le tribunal administratif de Marseille dans les 48 heures. \u00abNous avons commenc\u00e9 \u00e0 travailler sur cette proc\u00e9dure\u00bb, confirme Me Guez Guez, qui d\u00e9nonce une \u00abfaiblesse argumentaire\u00bb et une mesure \u00abpolitique\u00bb. \u00abIl n\u2019y a pas une seule ligne dans cette notification d\u2019arr\u00eat\u00e9 de fermeture sur les pr\u00eaches tenus par l\u2019imam, souligne l\u2019avocat. On veut fermer essentiellement sur la base de publications sur les r\u00e9seaux sociaux. Le projet de fermeture sera tr\u00e8s certainement prononc\u00e9 par le pr\u00e9fet car il y a une mission politique derri\u00e8re. Il ne faut pas d\u00e9consid\u00e9rer les ambitions de carri\u00e8re des uns et des autres.\u00bb<\/p>\n<p class=\"fig-paragraph\">Plus t\u00f4t, dans une mosqu\u00e9e o\u00f9 de nombreux fid\u00e8les \u00e9taient venus en soutien \u00e0 l\u2019imam, Me Guez Guez avait rappel\u00e9 le fait que l\u2019actuel pr\u00e9fet des Bouches-du-Rh\u00f4ne, Georges-Fran\u00e7ois Leclerc, avait retir\u00e9 le contrat d\u2019association avec l\u2019\u00c9tat du lyc\u00e9e musulman\u00a0<a href=\"http:\/\/www.lefigaro.fr\/actualite-france\/lycee-musulman-averroes-apres-le-retablissement-du-contrat-avec-l-etat-la-bataille-politique-20250424\" data-fig-type=\"Article\" data-gtm-custom-categorie=\"navigation\" data-gtm-custom-action=\"crossclick\" data-gtm-custom-label=\"Contextuel\" data-gtm-event=\"customEventSPE\" data-fig-domain=\"LEFIGARO\" target=\"_blank\" rel=\"noopener\">Averro\u00e8s<\/a>\u00a0de Lille lorsqu\u2019il \u00e9tait pr\u00e9fet du Nord, en 2023. Finalement, le tribunal administratif lui avait donn\u00e9 tort, r\u00e9tablissant en avril le contrat d\u2019association. \u00abLe pr\u00e9fet et le gouvernement veulent la peau de notre imam\u00bb, accuse Me Sarah Cuzin, avocate des fid\u00e8les de la mosqu\u00e9e. \u00abLe gouvernement veut domestiquer l\u2019imam Isma\u00efl\u00bb, poursuit l\u2019avocate. \u00abLe gouvernement veut un Islam aux ordres, abonde Me Chekkat. Si l\u2019imam avait appel\u00e9 \u00e0 voter Emmanuel Macron, on n\u2019en serait pas l\u00e0.\u00bb<\/p>\n<p>Bras de fer avec l\u2019\u00c9tat<\/p>\n<p class=\"fig-paragraph\">Mais, si l\u2019imam s\u2019\u00e9tait mis en retrait l\u2019an dernier, l\u2019option semble exclue cette fois-ci. \u00abL\u2019id\u00e9e d\u2019un d\u00e9part de l\u2019imam des Bleuets est rejet\u00e9e par tous les fid\u00e8les, y compris du conseil d\u00e9partemental du culte musulman qui est solidaire de la mosqu\u00e9e des Bleuets\u00bb, confirme Me Chekkat sous les applaudissements des fid\u00e8les pr\u00e9sents dans la salle de pri\u00e8re. \u00abIl faut engager un bras de fer avec l\u2019\u00c9tat\u00bb, poursuit l\u2019avocat. Avant cette conf\u00e9rence de presse, un rassemblement avait \u00e9t\u00e9 organis\u00e9 en soutien \u00e0 la mosqu\u00e9e. \u00abLes Bleuets ne sont pas une colonie, lance le d\u00e9put\u00e9 LFI des quartiers nord de Marseille, S\u00e9bastien Delogu, venu soutenir l\u2019initiative. C\u2019est termin\u00e9 le temps des punitions collectives. S\u2019il y a un probl\u00e8me avec l\u2019imam, c\u2019est \u00e0 la justice de le r\u00e9gler.\u00bb<\/p>\n<p class=\"fig-paragraph\">\u00abJe voudrais que le maire s\u2019exprime \u00e0 ce sujet, tacle celui qui se pr\u00e9pare \u00e0 briguer la mairie de Marseille, actuellement dirig\u00e9e par Beno\u00eet Payan. Il y a une pression du pr\u00e9fet sur ce dossier et il est grand temps que le maire prenne la parole sur le sujet.\u00bb \u00abDes actes individuels ne doivent pas p\u00e9naliser toute une communaut\u00e9, lance Nouriati Djambae, conseill\u00e8re municipale d\u00e9l\u00e9gu\u00e9e EELV de la majorit\u00e9 de Beno\u00eet Payan. Il faut aussi rappeler que ce lieu s\u2019est substitu\u00e9 au devoir de l\u2019\u00c9tat pendant la crise du Covid en venant en aide aux plus fragiles. Il faut donc interpeller les individus en cause, pas la mosqu\u00e9e.\u00bb Contact\u00e9e, la pr\u00e9fecture a indiqu\u00e9 pr\u00e9voir prochainement de communiquer sur le sujet.<\/p>\n","protected":false},"excerpt":{"rendered":"La mosqu\u00e9e des Bleuets, situ\u00e9e dans les quartiers nord, et son imam Sma\u00efn Bendjilali ont annonc\u00e9 se pr\u00e9parer&hellip;\n","protected":false},"author":2,"featured_media":414652,"comment_status":"","ping_status":"","sticky":false,"template":"","format":"standard","meta":{"footnotes":""},"categories":[2814],"tags":[1111,11,1777,674,13407,1011,27,884,14577,12,882,25,3693],"class_list":{"0":"post-414651","1":"post","2":"type-post","3":"status-publish","4":"format-standard","5":"has-post-thumbnail","7":"category-marseille","8":"tag-actu","9":"tag-actualites","10":"tag-eu","11":"tag-europe","12":"tag-fermeture","13":"tag-fr","14":"tag-france","15":"tag-marseille","16":"tag-mosquee","17":"tag-news","18":"tag-provence-alpes-cote-dazur","19":"tag-republique-francaise","20":"tag-tribunal"},"share_on_mastodon":{"url":"https:\/\/pubeurope.com\/@fr\/115260819010566865","error":""},"_links":{"self":[{"href":"https:\/\/www.europesays.com\/fr\/wp-json\/wp\/v2\/posts\/414651","targetHints":{"allow":["GET"]}}],"collection":[{"href":"https:\/\/www.europesays.com\/fr\/wp-json\/wp\/v2\/posts"}],"about":[{"href":"https:\/\/www.europesays.com\/fr\/wp-json\/wp\/v2\/types\/post"}],"author":[{"embeddable":true,"href":"https:\/\/www.europesays.com\/fr\/wp-json\/wp\/v2\/users\/2"}],"replies":[{"embeddable":true,"href":"https:\/\/www.europesays.com\/fr\/wp-json\/wp\/v2\/comments?post=414651"}],"version-history":[{"count":0,"href":"https:\/\/www.europesays.com\/fr\/wp-json\/wp\/v2\/posts\/414651\/revisions"}],"wp:featuredmedia":[{"embeddable":true,"href":"https:\/\/www.europesays.com\/fr\/wp-json\/wp\/v2\/media\/414652"}],"wp:attachment":[{"href":"https:\/\/www.europesays.com\/fr\/wp-json\/wp\/v2\/media?parent=414651"}],"wp:term":[{"taxonomy":"category","embeddable":true,"href":"https:\/\/www.europesays.com\/fr\/wp-json\/wp\/v2\/categories?post=414651"},{"taxonomy":"post_tag","embeddable":true,"href":"https:\/\/www.europesays.com\/fr\/wp-json\/wp\/v2\/tags?post=414651"}],"curies":[{"name":"wp","href":"https:\/\/api.w.org\/{rel}","templated":true}]}}