{"id":414655,"date":"2025-09-24T19:02:16","date_gmt":"2025-09-24T19:02:16","guid":{"rendered":"https:\/\/www.europesays.com\/fr\/414655\/"},"modified":"2025-09-24T19:02:16","modified_gmt":"2025-09-24T19:02:16","slug":"football-lyon-strasbourg-nice-une-proposition-de-loi-pour-interdire-la-multipropriete-des-clubs-francais","status":"publish","type":"post","link":"https:\/\/www.europesays.com\/fr\/414655\/","title":{"rendered":"Football. Lyon, Strasbourg, Nice&#8230; Une proposition de loi pour interdire la multipropri\u00e9t\u00e9 des clubs fran\u00e7ais"},"content":{"rendered":"<p>Le d\u00e9put\u00e9 LFI <a href=\"https:\/\/www.ledauphine.com\/p\/eric-coquerel\" target=\"_blank\" rel=\"nofollow noopener\">Eric Coquerel<\/a> a pr\u00e9sent\u00e9 ce mercredi une proposition de loi soutenue par des \u00e9lus de tous bords visant \u00e0 interdire la multipropri\u00e9t\u00e9 des clubs de football professionnels en France.\u00a0<\/p>\n<p>Le code du sport interdit d\u00e9j\u00e0 la multipropri\u00e9t\u00e9 de clubs fran\u00e7ais, mais le d\u00e9put\u00e9 Insoumis veut aller plus loin en interdisant d\u00e9sormais \u00e0 un propri\u00e9taire de poss\u00e9der un club fran\u00e7ais et une \u00e9quipe \u00e9trang\u00e8re, une pratique qui concerne pr\u00e8s d&rsquo;un tiers des clubs de football en Europe.<\/p>\n<p>En France, dix des 18 clubs de Ligue 1 et sept des 18 engag\u00e9s en Ligue 2 \u00ab sont int\u00e9gr\u00e9s dans des structures multipropri\u00e9taires \u00bb.<\/p>\n<p>L&rsquo;OL et le Red Star tr\u00e8s impact\u00e9s<\/p>\n<p>En juillet, l&rsquo;Olympique lyonnais, propri\u00e9t\u00e9 de Eagle Football Holdings, a <a href=\"https:\/\/www.ledauphine.com\/sport\/2025\/07\/09\/l-olympique-lyonnais-maintenu-en-ligue-1-en-appel-par-la-dncg\" target=\"_blank\" rel=\"nofollow noopener\">\u00e9vit\u00e9 de justesse une r\u00e9trogradation administrative en Ligue 2<\/a> en partie \u00e0 cause de son mod\u00e8le \u00e9conomique bas\u00e9 sur la multipropri\u00e9t\u00e9. La saison derni\u00e8re, le fonds d&rsquo;investissement am\u00e9ricain 777\u00a0Partners, propri\u00e9taire du Red Star en Ligue 2, a fait faillite, laissant la g\u00e9rance du club de Saint-Ouen \u00e0 ses cr\u00e9anciers et son avenir dans le flou.\u00a0<\/p>\n<p>A contrario, Strasbourg, propri\u00e9t\u00e9 de BlueCo, qui poss\u00e8de \u00e9galement Chelsea, s&rsquo;est qualifi\u00e9 pour une coupe d&rsquo;Europe pour la premi\u00e8re fois depuis 20 ans, <a href=\"https:\/\/www.ledauphine.com\/sport\/2025\/09\/15\/mbappe-s-affirme-banderole-anti-emegha-pluie-de-cartons-la-4e-journee-de-ligue-1-en-un-clic\" target=\"_blank\" rel=\"nofollow noopener\">malgr\u00e9 l&rsquo;hostilit\u00e9 de ses Ultras envers son propri\u00e9taire.<\/a><\/p>\n<p>La proposition de loi port\u00e9e par Eric Coquerel souhaite sanctionner le non-respect de l&rsquo;interdiction de multipropri\u00e9t\u00e9 d&rsquo;une amende \u00e9quivalente \u00e0 2% du chiffre d&rsquo;affaires mondial du propri\u00e9taire\u00a0et d&rsquo;une interdiction de participation aux comp\u00e9titions.<\/p>\n<p>Etendre cette loi \u00e0 tous les sports<\/p>\n<p>Elle veut aussi \u00e9tendre les comp\u00e9tences de la Direction nationale du contr\u00f4le de gestion (DNCG) qui pourrait s&rsquo;assurer du s\u00e9rieux financier d&rsquo;un projet d&rsquo;achat, de cession ou de changement d&rsquo;actionnaires d&rsquo;un club et s&rsquo;y opposer le cas \u00e9ch\u00e9ant.\u00a0<\/p>\n<p>La loi ne s&rsquo;appliquerait pas \u00ab aux situations d\u00e9j\u00e0 constitu\u00e9es \u00bb, d\u00e9taille enfin le texte, \u00ab afin de ne pas porter une atteinte disproportionn\u00e9e \u00e0 l&rsquo;\u00e9quilibre actuel des clubs professionnels de football en France \u00bb. Elle \u00ab ne porterait toutefois pas seulement sur le football, mais sur l&rsquo;ensemble des disciplines sportives r\u00e9gies par le code du sport \u00bb, est-il pr\u00e9cis\u00e9.<\/p>\n<p>Eric Coquerel veut profiter du caract\u00e8re transpartisan de sa proposition de loi sign\u00e9e par pr\u00e8s de 90 d\u00e9put\u00e9s de tous bords politiques pour la pr\u00e9senter \u00e0 l&rsquo;Assembl\u00e9e nationale \u00ab fin 2025, d\u00e9but 2026 \u00bb.<\/p>\n","protected":false},"excerpt":{"rendered":"Le d\u00e9put\u00e9 LFI Eric Coquerel a pr\u00e9sent\u00e9 ce mercredi une proposition de loi soutenue par des \u00e9lus de&hellip;\n","protected":false},"author":2,"featured_media":414656,"comment_status":"","ping_status":"","sticky":false,"template":"","format":"standard","meta":{"footnotes":""},"categories":[1889],"tags":[1111,11,2430,1777,674,107,63,1011,27,2428,12,25,517,1947],"class_list":{"0":"post-414655","1":"post","2":"type-post","3":"status-publish","4":"format-standard","5":"has-post-thumbnail","7":"category-lyon","8":"tag-actu","9":"tag-actualites","10":"tag-auvergne-rhone-alpes","11":"tag-eu","12":"tag-europe","13":"tag-fil-info","14":"tag-football","15":"tag-fr","16":"tag-france","17":"tag-lyon","18":"tag-news","19":"tag-republique-francaise","20":"tag-sport","21":"tag-sport-national"},"share_on_mastodon":{"url":"https:\/\/pubeurope.com\/@fr\/115260826754373196","error":""},"_links":{"self":[{"href":"https:\/\/www.europesays.com\/fr\/wp-json\/wp\/v2\/posts\/414655","targetHints":{"allow":["GET"]}}],"collection":[{"href":"https:\/\/www.europesays.com\/fr\/wp-json\/wp\/v2\/posts"}],"about":[{"href":"https:\/\/www.europesays.com\/fr\/wp-json\/wp\/v2\/types\/post"}],"author":[{"embeddable":true,"href":"https:\/\/www.europesays.com\/fr\/wp-json\/wp\/v2\/users\/2"}],"replies":[{"embeddable":true,"href":"https:\/\/www.europesays.com\/fr\/wp-json\/wp\/v2\/comments?post=414655"}],"version-history":[{"count":0,"href":"https:\/\/www.europesays.com\/fr\/wp-json\/wp\/v2\/posts\/414655\/revisions"}],"wp:featuredmedia":[{"embeddable":true,"href":"https:\/\/www.europesays.com\/fr\/wp-json\/wp\/v2\/media\/414656"}],"wp:attachment":[{"href":"https:\/\/www.europesays.com\/fr\/wp-json\/wp\/v2\/media?parent=414655"}],"wp:term":[{"taxonomy":"category","embeddable":true,"href":"https:\/\/www.europesays.com\/fr\/wp-json\/wp\/v2\/categories?post=414655"},{"taxonomy":"post_tag","embeddable":true,"href":"https:\/\/www.europesays.com\/fr\/wp-json\/wp\/v2\/tags?post=414655"}],"curies":[{"name":"wp","href":"https:\/\/api.w.org\/{rel}","templated":true}]}}