{"id":414661,"date":"2025-09-24T19:06:34","date_gmt":"2025-09-24T19:06:34","guid":{"rendered":"https:\/\/www.europesays.com\/fr\/414661\/"},"modified":"2025-09-24T19:06:34","modified_gmt":"2025-09-24T19:06:34","slug":"divorcees-celibataires-etrangers-a-quoi-ressemblait-paris-il-y-a-un-siecle","status":"publish","type":"post","link":"https:\/\/www.europesays.com\/fr\/414661\/","title":{"rendered":"Divorc\u00e9(\u00e9)s, c\u00e9libataires, \u00e9trangers&#8230; \u00c0 quoi ressemblait Paris il y a un si\u00e8cle ?"},"content":{"rendered":"<p class=\"mb-4 text-lg md:leading-8 break-words\">En France, une \u00e9tude in\u00e9dite de l&rsquo;Institut national d&rsquo;\u00e9tudes d\u00e9mographiques (Ined) met en lumi\u00e8re de nombreuses similitudes entre la capitale de l&rsquo;entre-deux-guerres et celle d\u2019aujourd\u2019hui.<\/p>\n<p class=\"mb-4 text-lg md:leading-8 break-words\">Cette <strong><a href=\"https:\/\/www.ined.fr\/fr\/publications\/editions\/population-et-societes\/paris-il-y-a-cent-ans-une-population-plus-nombreuse-quaujourdhui-et-deja-originaire-ailleurs\/\" rel=\"nofollow noopener\" target=\"_blank\" data-ylk=\"slk:\u00e9tude in\u00e9dite de l&#039;Institut national d&#039;\u00e9tudes d\u00e9mographiques (Ined);elm:context_link;itc:0;sec:content-canvas\" class=\"link \">\u00e9tude in\u00e9dite de l&rsquo;Institut national d&rsquo;\u00e9tudes d\u00e9mographiques (Ined)<\/a><\/strong>, publi\u00e9e ce mercredi 24 septembre, s&rsquo;appuie sur les recensements de la population parisienne de l&rsquo;entre-deux-guerres r\u00e9alis\u00e9s entre 1926 et 1936. G\u00e9n\u00e9r\u00e9e gr\u00e2ce \u00e0 l\u2019intelligence artificielle, elle met en lumi\u00e8re de nombreuses similitudes entre le Paris d&rsquo;hier et celui d&rsquo;aujourd&rsquo;hui.<\/p>\n<p class=\"mb-4 text-lg md:leading-8 break-words\">Au d\u00e9but des ann\u00e9es folles, Paris atteint un pic historique de peuplement avec plus de 3 millions d\u2019habitants, contre 2,1 millions selon le recensement de 2021. Il y a un si\u00e8cle, la ville lumi\u00e8re, en plus d&rsquo;\u00eatre \u00e0 son maximum de peuplement, est une ville compos\u00e9e de jeunes adultes. \u00ab\u00a0Seul un tiers des habitants sont n\u00e9s \u00e0 Paris, le reste vient de province ou de l\u2019\u00e9tranger, c&rsquo;est aussi une population de jeunes adultes avec peu d&rsquo;enfants et assez peu de personnes \u00e2g\u00e9es\u00a0\u00bb, explique Sandra Br\u00e9e, charg\u00e9e de recherche au Centre national de la recherche scientifique (CNRS).<\/p>\n<p class=\"mb-4 text-lg md:leading-8 break-words\">\u00ab\u00a0Les hommes pour la majorit\u00e9 sont issus de l\u2019empire colonial, il s\u2019agit de jeunes actifs \u00e2g\u00e9s de 20 \u00e0 30 ans qui sont pour la plupart c\u00e9libataires\u00a0\u00bb, poursuit la sp\u00e9cialiste, qui explique leur arriv\u00e9e pendant l&rsquo;entre-deux-guerres par \u00ab\u00a0un besoin d\u2019industrialisation et de reconstruction apr\u00e8s la Premi\u00e8re Guerre mondiale\u00a0\u00bb.<\/p>\n<p>Des in\u00e9galit\u00e9s sociales bien ancr\u00e9es dans la capitale<\/p>\n<p class=\"mb-4 text-lg md:leading-8 break-words\">Cette diversit\u00e9 des origines est bien ancr\u00e9e dans la ville et demeure encore comme l\u2019un des marqueurs sociologiques importants. \u00ab \u00c0 Paris aujourd&rsquo;hui, vous reconnaissez bien les niveaux socio-\u00e9conomiques des diff\u00e9rents quartiers, souligne encore Sandra Br\u00e9e, m\u00eame si \u00e9videmment, il y en a qui ont chang\u00e9 un peu. Par exemple, la rue Mouffetard, dans le Ve arrondissement parisien, est sans doute plus ais\u00e9e aujourd&rsquo;hui, mais globalement, on reconna\u00eet bien les quartiers les plus riches \u00e0 l&rsquo;ouest et plus populaire \u00e0 l&rsquo;est. C&rsquo;est quelque chose, encore une fois, qui existe d\u00e9j\u00e0 \u00e0 la fin du XIXe si\u00e8cle et qui s&rsquo;ancre dans l&rsquo;entre-deux-guerres et qu&rsquo;on voit toujours aujourd&rsquo;hui.\u00a0\u00bb<\/p>\n<p class=\"mb-4 text-lg md:leading-8 break-words\">La chercheuse explique aussi qu\u2019\u00e0 ces deux \u00e9poques, la capitale a \u00e9t\u00e9 innovante dans les modes de vie : s\u00e9paration, relations homosexuelles, divorces, concubinages sont plus fr\u00e9quents dans la capitale en raison de l\u2019anonymat que peut garantir une grande ville.<\/p>\n<p class=\"mb-4 text-lg md:leading-8 break-words\">Pour en savoir plus, une exposition intitul\u00e9e <strong><a href=\"https:\/\/www.carnavalet.paris.fr\/expositions\/les-gens-de-paris-1926-1936\" rel=\"nofollow noopener\" target=\"_blank\" data-ylk=\"slk:\u00ab\u00a0Les gens de Paris (1926-1936) \u2013 Dans le miroir des recensements de la population\u00a0\u00bb;elm:context_link;itc:0;sec:content-canvas\" class=\"link \">\u00ab\u00a0Les gens de Paris (1926-1936) \u2013 Dans le miroir des recensements de la population\u00a0\u00bb<\/a><\/strong> sera pr\u00e9sent\u00e9e au Mus\u00e9e Carnavalet-Histoire de Paris du 8 octobre au 8 f\u00e9vrier 2026.<\/p>\n<p class=\"mb-4 text-lg md:leading-8 break-words\">\u00c0 lire aussi<a href=\"https:\/\/fr.news.yahoo.com\/zone-paris-br%C3%A8ve-histoire-dun-153303913.html\" class=\"link  yahoo-link\" data-ylk=\"slk:La Zone de Paris: br\u00e8ve histoire d&#039;un non-lieu, entre peur sociale et hygi\u00e9nisme;elm:context_link;itc:0;sec:content-canvas;outcm:mb_qualified_link;_E:mb_qualified_link;ct:story;\" rel=\"nofollow noopener\" target=\"_blank\">La Zone de Paris: br\u00e8ve histoire d&rsquo;un non-lieu, entre peur sociale et hygi\u00e9nisme<\/a><\/p>\n","protected":false},"excerpt":{"rendered":"En France, une \u00e9tude in\u00e9dite de l&rsquo;Institut national d&rsquo;\u00e9tudes d\u00e9mographiques (Ined) met en lumi\u00e8re de nombreuses similitudes entre&hellip;\n","protected":false},"author":2,"featured_media":414662,"comment_status":"","ping_status":"","sticky":false,"template":"","format":"standard","meta":{"footnotes":""},"categories":[1888],"tags":[1111,1928,11,1927,21856,1777,674,1011,27,54482,4909,12,1926,626,1925,25,54483],"class_list":{"0":"post-414661","1":"post","2":"type-post","3":"status-publish","4":"format-standard","5":"has-post-thumbnail","7":"category-paris","8":"tag-actu","9":"tag-actu-paris","10":"tag-actualites","11":"tag-actualites-paris","12":"tag-centre-national-de-la-recherche-scientifique","13":"tag-eu","14":"tag-europe","15":"tag-fr","16":"tag-france","17":"tag-lentre-deux-guerres","18":"tag-la-capitale","19":"tag-news","20":"tag-news-paris","21":"tag-paris","22":"tag-paris-news","23":"tag-republique-francaise","24":"tag-sandra-bree"},"share_on_mastodon":{"url":"https:\/\/pubeurope.com\/@fr\/115260842506309849","error":""},"_links":{"self":[{"href":"https:\/\/www.europesays.com\/fr\/wp-json\/wp\/v2\/posts\/414661","targetHints":{"allow":["GET"]}}],"collection":[{"href":"https:\/\/www.europesays.com\/fr\/wp-json\/wp\/v2\/posts"}],"about":[{"href":"https:\/\/www.europesays.com\/fr\/wp-json\/wp\/v2\/types\/post"}],"author":[{"embeddable":true,"href":"https:\/\/www.europesays.com\/fr\/wp-json\/wp\/v2\/users\/2"}],"replies":[{"embeddable":true,"href":"https:\/\/www.europesays.com\/fr\/wp-json\/wp\/v2\/comments?post=414661"}],"version-history":[{"count":0,"href":"https:\/\/www.europesays.com\/fr\/wp-json\/wp\/v2\/posts\/414661\/revisions"}],"wp:featuredmedia":[{"embeddable":true,"href":"https:\/\/www.europesays.com\/fr\/wp-json\/wp\/v2\/media\/414662"}],"wp:attachment":[{"href":"https:\/\/www.europesays.com\/fr\/wp-json\/wp\/v2\/media?parent=414661"}],"wp:term":[{"taxonomy":"category","embeddable":true,"href":"https:\/\/www.europesays.com\/fr\/wp-json\/wp\/v2\/categories?post=414661"},{"taxonomy":"post_tag","embeddable":true,"href":"https:\/\/www.europesays.com\/fr\/wp-json\/wp\/v2\/tags?post=414661"}],"curies":[{"name":"wp","href":"https:\/\/api.w.org\/{rel}","templated":true}]}}